{"id":21861,"date":"2025-02-13T08:48:15","date_gmt":"2025-02-13T07:48:15","guid":{"rendered":"http:\/\/reteitalianaism.it\/reteism\/?p=21861"},"modified":"2025-02-13T08:48:54","modified_gmt":"2025-02-13T07:48:54","slug":"settimana-dellapartheid-israeliana-iaw-2025-il-potere-del-popolo-fa-dellapartheid-la-storia","status":"publish","type":"post","link":"https:\/\/reteitalianaism.it\/reteism\/index.php\/2025\/02\/13\/settimana-dellapartheid-israeliana-iaw-2025-il-potere-del-popolo-fa-dellapartheid-la-storia\/","title":{"rendered":"Settimana dell&#8217;apartheid israeliana (IAW) 2025: il potere del popolo fa dell&#8217;apartheid la storia"},"content":{"rendered":"<p>10 febbraio 2025 &#8211; <a href=\"https:\/\/bdsmovement.net\/news-listing-author\/Palestinian%20BDS%20National%20Committee%20(BNC)\">Palestinian BDS National Committee (BNC)<\/a><\/p>\n<p><a href=\"https:\/\/bdsmovement.net\/IAW-2025-Call-Out\">Israeli Apartheid Week (IAW) 2025: People Power Makes Apartheid History | BDS Movement<\/a><\/p>\n<p><span class=\"jCAhz ChMk0b\"><span class=\"ryNqvb\">21-30 marzo e oltre |<\/span><\/span> <span class=\"jCAhz\"><span class=\"ryNqvb\">Resistete.<\/span><\/span> <span class=\"jCAhz\"><span class=\"ryNqvb\">Sollevatevi.<\/span><\/span> <span class=\"jCAhz ChMk0b\"><span class=\"ryNqvb\">Decolonizzate<\/span><\/span><\/p>\n<div id=\"attachment_21862\" style=\"width: 415px\" class=\"wp-caption aligncenter\"><a href=\"http:\/\/reteitalianaism.it\/reteism\/wp-content\/uploads\/2025\/02\/IAW-2025-1.jpg\"><img loading=\"lazy\" decoding=\"async\" aria-describedby=\"caption-attachment-21862\" class=\" wp-image-21862\" src=\"http:\/\/reteitalianaism.it\/reteism\/wp-content\/uploads\/2025\/02\/IAW-2025-1-300x169.jpg\" alt=\"\" width=\"405\" height=\"228\" srcset=\"https:\/\/reteitalianaism.it\/reteism\/wp-content\/uploads\/2025\/02\/IAW-2025-1-300x169.jpg 300w, https:\/\/reteitalianaism.it\/reteism\/wp-content\/uploads\/2025\/02\/IAW-2025-1-1024x577.jpg 1024w, https:\/\/reteitalianaism.it\/reteism\/wp-content\/uploads\/2025\/02\/IAW-2025-1-768x433.jpg 768w, https:\/\/reteitalianaism.it\/reteism\/wp-content\/uploads\/2025\/02\/IAW-2025-1-1536x865.jpg 1536w, https:\/\/reteitalianaism.it\/reteism\/wp-content\/uploads\/2025\/02\/IAW-2025-1.jpg 1640w\" sizes=\"auto, (max-width: 405px) 100vw, 405px\" \/><\/a><p id=\"caption-attachment-21862\" class=\"wp-caption-text\">dal sito bdsmovement.net<\/p><\/div>\n<p><span class=\"jCAhz ChMk0b\"><span class=\"ryNqvb\">Opera di Imad Abu Shtayyah <\/span><\/span><\/p>\n<p><span class=\"jCAhz ChMk0b\"><span class=\"ryNqvb\">La Settimana dell&#8217;apartheid israeliana (IAW) di quest&#8217;anno segna un momento cruciale nella lotta per la liberazione palestinese e la decolonizzazione globale.<\/span><\/span> <span class=\"jCAhz ChMk0b\"><span class=\"ryNqvb\">IAW 2025 coincide con il 20\u00b0 anniversario del movimento Boicottaggio, Disinvestimento e Sanzioni (BDS), #BDS@20, due decenni di ferma resistenza popolare, solidariet\u00e0 intersezionale e lotta alla complicit\u00e0 statale, aziendale e istituzionale nel regime di apartheid coloniale di insediamento di Israele.<\/span><\/span><\/p>\n<p><span class=\"jCAhz ChMk0b\"><span class=\"ryNqvb\">La IAW verr\u00e0 lanciata il 21 marzo, Giornata internazionale per l&#8217;eliminazione della discriminazione razziale, e includer\u00e0 la Giornata della terra palestinese il 30 marzo, fino ad aprile 2025. Il tema di quest&#8217;anno sar\u00e0 &#8220;Il potere del popolo fa la storia dell&#8217;apartheid&#8221;.<\/span><\/span><!--more--><strong><span class=\"jCAhz ChMk0b\"><span class=\"ryNqvb\">Decolonizzare la Palestina significa decolonizzare il mondo <\/span><\/span><\/strong><\/p>\n<p><span class=\"jCAhz ChMk0b\"><span class=\"ryNqvb\">La lotta contro l&#8217;apartheid israeliano \u00e8 profondamente interconnessa con le lotte pi\u00f9 ampie per la giustizia, la libert\u00e0, l&#8217;uguaglianza e la dignit\u00e0 in tutto il mondo.<\/span><\/span> <span class=\"jCAhz\"><span class=\"ryNqvb\">Il genocidio di Israele contro 2,3 milioni di palestinesi nella Striscia di Gaza occupata e assediata ha rivelato al mondo la brutalit\u00e0 del colonialismo di insediamento, del capitalismo militarizzato e della complicit\u00e0 occidentale nell&#8217;oppressione sistemica.<\/span><\/span> <span class=\"jCAhz\"><span class=\"ryNqvb\">Da Rabat al Cairo, da Giacarta a Londra e da Citt\u00e0 del Capo a Bogot\u00e0, i movimenti di solidariet\u00e0 globali hanno riconosciuto che la lotta per liberare la Palestina \u00e8 anche una lotta per liberare se stessi da tutte le forme di dominazione coloniale, razzismo e violenza imperiale.<\/span><\/span><\/p>\n<p><span class=\"jCAhz\"><span class=\"ryNqvb\">Come palestinesi, restiamo risoluti nella nostra lotta e prendiamo forza dai milioni di persone in tutto il mondo che si sono ribellate, hanno organizzato manifestazioni di massa, interrotto spedizioni di armi, occupato universit\u00e0 e istituzioni complici del genocidio, costringendo molti a porre fine ai legami e costruito Zone libere dall&#8217;apartheid (AFZ) in tutto il mondo.<\/span><\/span><\/p>\n<p><span class=\"jCAhz\"><span class=\"ryNqvb\">La lotta palestinese, radicata in oltre un secolo di resistenza all&#8217;oppressione coloniale, continua a ispirare movimenti contro l&#8217;ingiustizia razziale, indigena, climatica, di genere ed economica.<\/span><\/span><\/p>\n<p><span class=\"jCAhz\"><span class=\"ryNqvb\">Reinventare la Palestina dopo l&#8217;apartheid Reinventare la vita oltre l&#8217;oppressione \u00e8 un atto rivoluzionario.<\/span><\/span> <span class=\"jCAhz ChMk0b\"><span class=\"ryNqvb\">Ci consente di sostenere la speranza, rinnovare la nostra determinazione e tracciare un futuro di giustizia e liberazione.<\/span><\/span><\/p>\n<p>La <span class=\"jCAhz ChMk0b\"><span class=\"ryNqvb\">IAW 2025 amplificher\u00e0 le visioni artistiche, letterarie e creative palestinesi di una Palestina post-apartheid, tracciando collegamenti tra la nostra lotta e tutti i movimenti che resistono all&#8217;oppressione.<\/span><\/span><span class=\"jCAhz ChMk0b\"><span class=\"ryNqvb\"> Se la resilienza e la rinascita palestinesi hanno ispirato lotte globali per la giustizia, la nostra reimmaginazione di una Palestina liberata amplier\u00e0 ulteriormente le intersezioni di solidariet\u00e0 in tutto il mondo.<\/span><\/span><\/p>\n<p><span class=\"jCAhz ChMk0b\"><span class=\"ryNqvb\">In questa IAW, intraprendiamo un&#8217;azione collettiva per smantellare il regime di apartheid di Israele e nutriamo la speranza che qualsiasi struttura di oppressione possa essere sconfitta.<\/span><\/span> <span class=\"jCAhz\"><span class=\"ryNqvb\">Insieme, stiamo avvicinando pi\u00f9 che mai l&#8217;alba della liberazione palestinese.<\/span><\/span><\/p>\n<p><span class=\"jCAhz\"><span class=\"ryNqvb\">Resistete.<\/span><\/span> <span class=\"jCAhz\"><span class=\"ryNqvb\">Risvegliatevi.<\/span><\/span> <span class=\"jCAhz ChMk0b\"><span class=\"ryNqvb\">Decolonizzate.<\/span><\/span> <span class=\"jCAhz\"><span class=\"ryNqvb\">La Palestina ci libera tutti.<\/span><\/span><\/p>\n<p><span class=\"jCAhz ChMk0b\"><span class=\"ryNqvb\">Registra il tuo evento compilando <a href=\"https:\/\/docs.google.com\/forms\/d\/1hkPprrGcvbVBrF15JR4Q6B1XL3TRSs0wIHC_0HPj7kk\/viewform?edit_requested=true\">questo modulo<\/a>.<\/span><\/span><\/p>\n<div class=\"UdTY9 WdefRb\" aria-hidden=\"true\" data-location=\"2\"><\/div>\n","protected":false},"excerpt":{"rendered":"<p>10 febbraio 2025 &#8211; Palestinian BDS National Committee (BNC) Israeli Apartheid Week (IAW) 2025: People Power Makes Apartheid History | BDS Movement 21-30 marzo e oltre | Resistete. Sollevatevi. Decolonizzate Opera di Imad Abu Shtayyah La Settimana dell&#8217;apartheid israeliana (IAW) &hellip; <a href=\"https:\/\/reteitalianaism.it\/reteism\/index.php\/2025\/02\/13\/settimana-dellapartheid-israeliana-iaw-2025-il-potere-del-popolo-fa-dellapartheid-la-storia\/\">Continue reading <span class=\"meta-nav\">&rarr;<\/span><\/a><\/p>\n","protected":false},"author":6,"featured_media":0,"comment_status":"open","ping_status":"open","sticky":false,"template":"","format":"standard","meta":{"footnotes":""},"categories":[3],"tags":[9,76,179,473],"class_list":["post-21861","post","type-post","status-publish","format-standard","hentry","category-info","tag-apartheid","tag-bds","tag-genocidio","tag-israeli-apartheid-week"],"_links":{"self":[{"href":"https:\/\/reteitalianaism.it\/reteism\/index.php\/wp-json\/wp\/v2\/posts\/21861","targetHints":{"allow":["GET"]}}],"collection":[{"href":"https:\/\/reteitalianaism.it\/reteism\/index.php\/wp-json\/wp\/v2\/posts"}],"about":[{"href":"https:\/\/reteitalianaism.it\/reteism\/index.php\/wp-json\/wp\/v2\/types\/post"}],"author":[{"embeddable":true,"href":"https:\/\/reteitalianaism.it\/reteism\/index.php\/wp-json\/wp\/v2\/users\/6"}],"replies":[{"embeddable":true,"href":"https:\/\/reteitalianaism.it\/reteism\/index.php\/wp-json\/wp\/v2\/comments?post=21861"}],"version-history":[{"count":1,"href":"https:\/\/reteitalianaism.it\/reteism\/index.php\/wp-json\/wp\/v2\/posts\/21861\/revisions"}],"predecessor-version":[{"id":21863,"href":"https:\/\/reteitalianaism.it\/reteism\/index.php\/wp-json\/wp\/v2\/posts\/21861\/revisions\/21863"}],"wp:attachment":[{"href":"https:\/\/reteitalianaism.it\/reteism\/index.php\/wp-json\/wp\/v2\/media?parent=21861"}],"wp:term":[{"taxonomy":"category","embeddable":true,"href":"https:\/\/reteitalianaism.it\/reteism\/index.php\/wp-json\/wp\/v2\/categories?post=21861"},{"taxonomy":"post_tag","embeddable":true,"href":"https:\/\/reteitalianaism.it\/reteism\/index.php\/wp-json\/wp\/v2\/tags?post=21861"}],"curies":[{"name":"wp","href":"https:\/\/api.w.org\/{rel}","templated":true}]}}