{"id":21975,"date":"2025-03-11T21:48:27","date_gmt":"2025-03-11T20:48:27","guid":{"rendered":"http:\/\/reteitalianaism.it\/reteism\/?p=21975"},"modified":"2025-03-11T21:48:31","modified_gmt":"2025-03-11T20:48:31","slug":"qual-e-lobiettivo-di-israele-nei-campi-della-cisgiordania-del-nord","status":"publish","type":"post","link":"https:\/\/reteitalianaism.it\/reteism\/index.php\/2025\/03\/11\/qual-e-lobiettivo-di-israele-nei-campi-della-cisgiordania-del-nord\/","title":{"rendered":"Qual \u00e8 l\u2019obiettivo di Israele nei campi della Cisgiordania del Nord?"},"content":{"rendered":"<p>11 marzo 2025 &#8211; Cisgiordania del Nord, di Diana Khwaelid<\/p>\n<p><a href=\"https:\/\/palsolidarity.org\/2025\/03\/whats-israels-aim-in-the-north-bank-camps\/\">What\u2019s Israel\u2019s aim in the North Bank camps? &#8211; International Solidarity Movement<\/a><\/p>\n<div id=\"attachment_21976\" style=\"width: 428px\" class=\"wp-caption aligncenter\"><a href=\"http:\/\/reteitalianaism.it\/reteism\/wp-content\/uploads\/2025\/03\/signal-2025-03-08-124807_003-825x510-1.jpg\"><img loading=\"lazy\" decoding=\"async\" aria-describedby=\"caption-attachment-21976\" class=\" wp-image-21976\" src=\"http:\/\/reteitalianaism.it\/reteism\/wp-content\/uploads\/2025\/03\/signal-2025-03-08-124807_003-825x510-1-300x185.jpg\" alt=\"\" width=\"418\" height=\"258\" srcset=\"https:\/\/reteitalianaism.it\/reteism\/wp-content\/uploads\/2025\/03\/signal-2025-03-08-124807_003-825x510-1-300x185.jpg 300w, https:\/\/reteitalianaism.it\/reteism\/wp-content\/uploads\/2025\/03\/signal-2025-03-08-124807_003-825x510-1-768x475.jpg 768w, https:\/\/reteitalianaism.it\/reteism\/wp-content\/uploads\/2025\/03\/signal-2025-03-08-124807_003-825x510-1.jpg 825w\" sizes=\"auto, (max-width: 418px) 100vw, 418px\" \/><\/a><p id=\"caption-attachment-21976\" class=\"wp-caption-text\">dal sito palsolidarity.org<\/p><\/div>\n<p><span class=\"jCAhz ChMk0b\"><span class=\"ryNqvb\"><strong>L&#8217;operazione israeliana<\/strong><br \/>\n<\/span><\/span><span class=\"jCAhz ChMk0b\"><span class=\"ryNqvb\">I palestinesi temono la continuazione dell&#8217;operazione israeliana nella Cisgiordania settentrionale;<\/span><\/span> <span class=\"jCAhz\"><span class=\"ryNqvb\">i piani israeliani sono in corso.<\/span><\/span><span class=\"jCAhz ChMk0b\"><span class=\"ryNqvb\"> A pi\u00f9 di un mese da quando l&#8217;esercito israeliano ha avviato la sua &#8220;Operazione Muro di ferro&#8221; nella Cisgiordania settentrionale, compresi i campi di Jenin, Tulkarem e Nur Shams (21 gennaio; due giorni dopo l&#8217;entrata in vigore del &#8220;cessate il fuoco&#8221; di Gaza), Israele ha ucciso almeno 60 palestinesi, arrestato circa 365 persone, sfollato oltre 40.000 persone e distrutto decine di case e propriet\u00e0 nella Cisgiordania occupata.<\/span><\/span><\/p>\n<div id=\"attachment_21977\" style=\"width: 396px\" class=\"wp-caption aligncenter\"><a href=\"http:\/\/reteitalianaism.it\/reteism\/wp-content\/uploads\/2025\/03\/signal-2025-03-08-124807_005-768x512-1.jpg\"><img loading=\"lazy\" decoding=\"async\" aria-describedby=\"caption-attachment-21977\" class=\" wp-image-21977\" src=\"http:\/\/reteitalianaism.it\/reteism\/wp-content\/uploads\/2025\/03\/signal-2025-03-08-124807_005-768x512-1-300x200.jpg\" alt=\"\" width=\"386\" height=\"257\" srcset=\"https:\/\/reteitalianaism.it\/reteism\/wp-content\/uploads\/2025\/03\/signal-2025-03-08-124807_005-768x512-1-300x200.jpg 300w, https:\/\/reteitalianaism.it\/reteism\/wp-content\/uploads\/2025\/03\/signal-2025-03-08-124807_005-768x512-1.jpg 768w\" sizes=\"auto, (max-width: 386px) 100vw, 386px\" \/><\/a><p id=\"caption-attachment-21977\" class=\"wp-caption-text\">Foto: Campo Nur Shams la scorsa settimana<\/p><\/div>\n<p><!--more--><\/p>\n<p><span class=\"jCAhz ChMk0b\"><span class=\"ryNqvb\">Domenica Israele ha schierato i carri armati in Cisgiordania per la prima volta in pi\u00f9 di 20 anni.<\/span><\/span> <span class=\"jCAhz ChMk0b\"><span class=\"ryNqvb\">Ora, ha affermato il ministro della Difesa Israel Katz, l&#8217;esercito rimarr\u00e0 in alcuni campi profughi &#8220;per il prossimo anno&#8221; per garantire che i residenti non possano tornare.<\/span><\/span><\/p>\n<p><span class=\"jCAhz ChMk0b\"><span class=\"ryNqvb\"><strong> Sfollamento forzato<\/strong><br \/>\nTra i palestinesi che sono stati sfollati forzatamente dai campi nella Cisgiordania settentrionale, sotto la minaccia del fuoco delle armi, molti sono usciti e non hanno preso nulla, e alcuni di loro hanno preso la straziante decisione di demolire le loro case nei campi.<\/span><\/span><\/p>\n<div id=\"attachment_21978\" style=\"width: 429px\" class=\"wp-caption aligncenter\"><a href=\"http:\/\/reteitalianaism.it\/reteism\/wp-content\/uploads\/2025\/03\/signal-2025-03-08-124807_006-768x512-1.jpg\"><img loading=\"lazy\" decoding=\"async\" aria-describedby=\"caption-attachment-21978\" class=\" wp-image-21978\" src=\"http:\/\/reteitalianaism.it\/reteism\/wp-content\/uploads\/2025\/03\/signal-2025-03-08-124807_006-768x512-1-300x200.jpg\" alt=\"\" width=\"419\" height=\"279\" srcset=\"https:\/\/reteitalianaism.it\/reteism\/wp-content\/uploads\/2025\/03\/signal-2025-03-08-124807_006-768x512-1-300x200.jpg 300w, https:\/\/reteitalianaism.it\/reteism\/wp-content\/uploads\/2025\/03\/signal-2025-03-08-124807_006-768x512-1.jpg 768w\" sizes=\"auto, (max-width: 419px) 100vw, 419px\" \/><\/a><p id=\"caption-attachment-21978\" class=\"wp-caption-text\">Foto: Gli sfollati portano via i loro beni prima della demolizione<\/p><\/div>\n<p><span class=\"jCAhz ChMk0b\"><span class=\"ryNqvb\">I palestinesi sfollati hanno dichiarato che sarebbero tornati al campo e che se le loro case fossero state perse o demolite, le avrebbero ricostruite, anche se fosse stato necessario montare una tenda e viverci.<\/span><\/span> <span class=\"jCAhz\"><span class=\"ryNqvb\">I palestinesi nei campi sono a conoscenza dei grandi piani di Israele per eliminare i campi profughi in Cisgiordania, in particolare nella sponda settentrionale.<\/span><\/span> <span class=\"jCAhz ChMk0b\"><span class=\"ryNqvb\">Israele sostiene che questi campi sono principalmente una fabbrica della resistenza palestinese, ma in realt\u00e0 le forze israeliane hanno ucciso decine di civili dai campi nella Cisgiordania settentrionale.<\/span><\/span> <span class=\"jCAhz ChMk0b\"><span class=\"ryNqvb\">Civili palestinesi disarmati che non hanno fatto nulla.<\/span><\/span> <span class=\"jCAhz ChMk0b\"><span class=\"ryNqvb\">La loro unica colpa \u00e8 che sono cresciuti nel campo,<\/span><\/span>\u00a0<span class=\"jCAhz ChMk0b\"><span class=\"ryNqvb\">sono palestinesi.<\/span><\/span><\/p>\n<p><span class=\"jCAhz ChMk0b\"><span class=\"ryNqvb\"><strong>Violenza psicologica e dimostrazione di forza<\/strong><br \/>\nIn una scena che \u00e8 stata assente per pi\u00f9 di due decenni dalla fine della cosiddetta seconda intifada palestinese nel 2005, i carri armati israeliani sono penetrati nella citt\u00e0 di Jenin nel nord della Cisgiordania occupata nel quartiere di &#8220;Jabriyat&#8221;, che domina il campo profughi vuoto dopo che l&#8217;esercito israeliano ha fatto saltare in aria blocchi residenziali.<\/span><\/span> <span class=\"jCAhz ChMk0b\"><span class=\"ryNqvb\">Decine di migliaia di palestinesi sono stati costretti a fuggire dalle loro case in quello che \u00e8 il pi\u00f9 grande sfollamento dalla guerra del 1967.<\/span><\/span><\/p>\n<div id=\"attachment_21979\" style=\"width: 459px\" class=\"wp-caption aligncenter\"><a href=\"http:\/\/reteitalianaism.it\/reteism\/wp-content\/uploads\/2025\/03\/signal-2025-03-08-124807_002-768x512-1.jpg\"><img loading=\"lazy\" decoding=\"async\" aria-describedby=\"caption-attachment-21979\" class=\" wp-image-21979\" src=\"http:\/\/reteitalianaism.it\/reteism\/wp-content\/uploads\/2025\/03\/signal-2025-03-08-124807_002-768x512-1-300x200.jpg\" alt=\"\" width=\"449\" height=\"299\" srcset=\"https:\/\/reteitalianaism.it\/reteism\/wp-content\/uploads\/2025\/03\/signal-2025-03-08-124807_002-768x512-1-300x200.jpg 300w, https:\/\/reteitalianaism.it\/reteism\/wp-content\/uploads\/2025\/03\/signal-2025-03-08-124807_002-768x512-1.jpg 768w\" sizes=\"auto, (max-width: 449px) 100vw, 449px\" \/><\/a><p id=\"caption-attachment-21979\" class=\"wp-caption-text\">Foto: Demolizione delle case nel campo di Nur Shams<\/p><\/div>\n<p>Israele ha annunciato domenica scorsa di aver espulso decine di migliaia di palestinesi dai campi profughi di Jenin, Tulkarem e Nur Shams, e il ministro della Difesa israeliano Yisrael Katz ha affermato di aver ordinato alle forze israeliane di prepararsi per una lunga permanenza, fino a un anno, nei campi evacuati, aggiungendo che &#8220;non c&#8217;\u00e8 ritorno per coloro che vivevano l\u00ec&#8221;.<\/p>\n<div id=\"attachment_21980\" style=\"width: 444px\" class=\"wp-caption aligncenter\"><a href=\"http:\/\/reteitalianaism.it\/reteism\/wp-content\/uploads\/2025\/03\/1079732-768x512-1.jpg\"><img loading=\"lazy\" decoding=\"async\" aria-describedby=\"caption-attachment-21980\" class=\" wp-image-21980\" src=\"http:\/\/reteitalianaism.it\/reteism\/wp-content\/uploads\/2025\/03\/1079732-768x512-1-300x200.jpg\" alt=\"\" width=\"434\" height=\"289\" srcset=\"https:\/\/reteitalianaism.it\/reteism\/wp-content\/uploads\/2025\/03\/1079732-768x512-1-300x200.jpg 300w, https:\/\/reteitalianaism.it\/reteism\/wp-content\/uploads\/2025\/03\/1079732-768x512-1.jpg 768w\" sizes=\"auto, (max-width: 434px) 100vw, 434px\" \/><\/a><p id=\"caption-attachment-21980\" class=\"wp-caption-text\">Foto: Una donna anziana e malata che \u00e8 stata sfollata<\/p><\/div>\n<p><span class=\"jCAhz ChMk0b\"><span class=\"ryNqvb\"><strong>Imporre lo status quo militarmente, non tramite negoziazione<\/strong><br \/>\n<\/span><\/span><span class=\"jCAhz ChMk0b\"><span class=\"ryNqvb\">L&#8217;Autorit\u00e0 Nazionale Palestinese afferma che uno degli obiettivi pi\u00f9 pericolosi dell&#8217;operazione militare israeliana \u00e8 lo spostamento e la pulizia etnica dei palestinesi, che avviene simultaneamente con la demolizione e la costruzione di strade in vaste aree della West Bank;<\/span><\/span> <span class=\"jCAhz ChMk0b\"><span class=\"ryNqvb\">questo processo \u00e8 gi\u00e0 avvenuto con il sito di Netzarim, che era stato stabilito da vari gruppi geografici e militari palestinesi nella Striscia di Gaza centrale.<\/span><\/span><span class=\"jCAhz ChMk0b\"><span class=\"ryNqvb\"> Resta la domanda se Israele riuscir\u00e0 a implementare i suoi piani militari in Cisgiordania in generale e nei campi della Cisgiordania in particolare.<\/span><\/span><\/p>\n<p><strong><span class=\"jCAhz ChMk0b\"><span class=\"ryNqvb\">I palestinesi sopravviveranno nonostante tutte le sfide imposte da Israele?<\/span><\/span><\/strong><\/p>\n<div id=\"attachment_21981\" style=\"width: 390px\" class=\"wp-caption aligncenter\"><a href=\"http:\/\/reteitalianaism.it\/reteism\/wp-content\/uploads\/2025\/03\/signal-2025-03-08-124807_007-768x512-1.jpg\"><img loading=\"lazy\" decoding=\"async\" aria-describedby=\"caption-attachment-21981\" class=\" wp-image-21981\" src=\"http:\/\/reteitalianaism.it\/reteism\/wp-content\/uploads\/2025\/03\/signal-2025-03-08-124807_007-768x512-1-300x200.jpg\" alt=\"\" width=\"380\" height=\"253\" srcset=\"https:\/\/reteitalianaism.it\/reteism\/wp-content\/uploads\/2025\/03\/signal-2025-03-08-124807_007-768x512-1-300x200.jpg 300w, https:\/\/reteitalianaism.it\/reteism\/wp-content\/uploads\/2025\/03\/signal-2025-03-08-124807_007-768x512-1.jpg 768w\" sizes=\"auto, (max-width: 380px) 100vw, 380px\" \/><\/a><p id=\"caption-attachment-21981\" class=\"wp-caption-text\">Foto: Un uomo palestinese controlla la sua casa mentre \u00e8 in piedi in mezzo alle macerie<\/p><\/div>\n","protected":false},"excerpt":{"rendered":"<p>11 marzo 2025 &#8211; Cisgiordania del Nord, di Diana Khwaelid What\u2019s Israel\u2019s aim in the North Bank camps? &#8211; International Solidarity Movement L&#8217;operazione israeliana I palestinesi temono la continuazione dell&#8217;operazione israeliana nella Cisgiordania settentrionale; i piani israeliani sono in corso. &hellip; <a href=\"https:\/\/reteitalianaism.it\/reteism\/index.php\/2025\/03\/11\/qual-e-lobiettivo-di-israele-nei-campi-della-cisgiordania-del-nord\/\">Continue reading <span class=\"meta-nav\">&rarr;<\/span><\/a><\/p>\n","protected":false},"author":6,"featured_media":0,"comment_status":"open","ping_status":"open","sticky":false,"template":"","format":"standard","meta":{"footnotes":""},"categories":[3],"tags":[777,66],"class_list":["post-21975","post","type-post","status-publish","format-standard","hentry","category-info","tag-nur-shams","tag-tulkarem"],"_links":{"self":[{"href":"https:\/\/reteitalianaism.it\/reteism\/index.php\/wp-json\/wp\/v2\/posts\/21975","targetHints":{"allow":["GET"]}}],"collection":[{"href":"https:\/\/reteitalianaism.it\/reteism\/index.php\/wp-json\/wp\/v2\/posts"}],"about":[{"href":"https:\/\/reteitalianaism.it\/reteism\/index.php\/wp-json\/wp\/v2\/types\/post"}],"author":[{"embeddable":true,"href":"https:\/\/reteitalianaism.it\/reteism\/index.php\/wp-json\/wp\/v2\/users\/6"}],"replies":[{"embeddable":true,"href":"https:\/\/reteitalianaism.it\/reteism\/index.php\/wp-json\/wp\/v2\/comments?post=21975"}],"version-history":[{"count":1,"href":"https:\/\/reteitalianaism.it\/reteism\/index.php\/wp-json\/wp\/v2\/posts\/21975\/revisions"}],"predecessor-version":[{"id":21982,"href":"https:\/\/reteitalianaism.it\/reteism\/index.php\/wp-json\/wp\/v2\/posts\/21975\/revisions\/21982"}],"wp:attachment":[{"href":"https:\/\/reteitalianaism.it\/reteism\/index.php\/wp-json\/wp\/v2\/media?parent=21975"}],"wp:term":[{"taxonomy":"category","embeddable":true,"href":"https:\/\/reteitalianaism.it\/reteism\/index.php\/wp-json\/wp\/v2\/categories?post=21975"},{"taxonomy":"post_tag","embeddable":true,"href":"https:\/\/reteitalianaism.it\/reteism\/index.php\/wp-json\/wp\/v2\/tags?post=21975"}],"curies":[{"name":"wp","href":"https:\/\/api.w.org\/{rel}","templated":true}]}}