{"id":22037,"date":"2025-03-24T15:28:50","date_gmt":"2025-03-24T14:28:50","guid":{"rendered":"http:\/\/reteitalianaism.it\/reteism\/?p=22037"},"modified":"2025-03-24T15:28:55","modified_gmt":"2025-03-24T14:28:55","slug":"israele-crea-unagenzia-per-guidare-la-partenza-volontaria-palestinese-da-gaza","status":"publish","type":"post","link":"https:\/\/reteitalianaism.it\/reteism\/index.php\/2025\/03\/24\/israele-crea-unagenzia-per-guidare-la-partenza-volontaria-palestinese-da-gaza\/","title":{"rendered":"Israele crea un\u2019agenzia per guidare la \u201cpartenza volontaria\u201d palestinese da Gaza"},"content":{"rendered":"<p>24 marzo 2025<\/p>\n<p><a href=\"https:\/\/www.aljazeera.com\/news\/2025\/3\/24\/israel-building-agency-to-steer-palestinian-voluntary-departure-from-gaza\">Israel building agency to steer Palestinian \u2018voluntary departure\u2019 from Gaza | Israel-Palestine conflict News | Al Jazeera<\/a><\/p>\n<p><em>Secondo la proposta, lo spostamento dei palestinesi da Gaza sar\u00e0 sotto il controllo del Ministero della Difesa.<\/em><\/p>\n<p><div id=\"attachment_22038\" style=\"width: 433px\" class=\"wp-caption aligncenter\"><a href=\"http:\/\/reteitalianaism.it\/reteism\/wp-content\/uploads\/2025\/03\/Capture-1.png\"><img loading=\"lazy\" decoding=\"async\" aria-describedby=\"caption-attachment-22038\" class=\" wp-image-22038\" src=\"http:\/\/reteitalianaism.it\/reteism\/wp-content\/uploads\/2025\/03\/Capture-1-300x203.png\" alt=\"\" width=\"423\" height=\"286\" srcset=\"https:\/\/reteitalianaism.it\/reteism\/wp-content\/uploads\/2025\/03\/Capture-1-300x203.png 300w, https:\/\/reteitalianaism.it\/reteism\/wp-content\/uploads\/2025\/03\/Capture-1.png 765w\" sizes=\"auto, (max-width: 423px) 100vw, 423px\" \/><\/a><p id=\"caption-attachment-22038\" class=\"wp-caption-text\">Palestinesi sfollati fuggono da un raid aereo israeliano a Gaza City il 23 marzo 2025 [Mohammed Saber\/EPA]<\/p><\/div><span class=\"jCAhz ChMk0b\"><span class=\"ryNqvb\">Israele \u00e8 pronto a istituire un&#8217;agenzia governativa che supervisionerebbe la &#8220;partenza volontaria&#8221; dei palestinesi dalla Striscia di Gaza.<\/span><\/span><span class=\"jCAhz ChMk0b\"><span class=\"ryNqvb\"> Luned\u00ec una portavoce del Primo Ministro Benjamin Netanyahu ha confermato che l&#8217;agenzia \u00e8 in fase di costruzione in seguito all&#8217;approvazione del piano da parte del gabinetto di sicurezza israeliano nel fine settimana.<\/span><\/span><!--more--><\/p>\n<p><span class=\"jCAhz\"><span class=\"ryNqvb\">La mossa segue i suggerimenti del presidente degli Stati Uniti Donald Trump secondo cui i residenti di Gaza dovrebbero essere trasferiti in altri paesi, cosa che i gruppi per i diritti umani e i critici di tutto il mondo hanno definito pulizia etnica, l&#8217;allontanamento forzato di una popolazione dalla propria casa.<\/span><\/span><span class=\"jCAhz\"><span class=\"ryNqvb\"> Il gabinetto di sicurezza avrebbe approvato la proposta del ministro della Difesa Israel Katz di istituire l&#8217;agenzia sabato.<\/span><\/span><span class=\"jCAhz ChMk0b\"><span class=\"ryNqvb\"> La portavoce ha confermato che \u00e8 stata istituita un&#8217;autorit\u00e0 incaricata di &#8220;preparare la partenza volontaria dei residenti della Striscia di Gaza verso paesi terzi in modo sicuro e controllato&#8221;.<\/span><\/span><span class=\"jCAhz ChMk0b\"><span class=\"ryNqvb\"> Ci\u00f2 vedr\u00e0 l&#8217;amministrazione dell&#8217;emigrazione posta sotto il controllo del Ministero della Difesa, ha affermato.<\/span><\/span><span class=\"jCAhz ChMk0b\"><span class=\"ryNqvb\"> Le persone disposte a lasciare la Striscia di Gaza sigillata dovrebbero essere autorizzate a farlo &#8220;in conformit\u00e0 con il diritto israeliano e internazionale e in linea con la visione del presidente degli Stati Uniti Donald Trump&#8221;, ha continuato la portavoce di Netanyahu.<\/span><\/span><\/p>\n<p><strong><span class=\"jCAhz ChMk0b\"><span class=\"ryNqvb\">&#8216;Riviera&#8217; del Medio Oriente<\/span><\/span><\/strong><\/p>\n<p><span class=\"jCAhz ChMk0b\"><span class=\"ryNqvb\">I nazionalisti israeliani hanno a lungo cercato di espellere i palestinesi da Gaza e dalla Cisgiordania occupata.<\/span><\/span><span class=\"jCAhz ChMk0b\"><span class=\"ryNqvb\"> Hanno insistito di pi\u00f9 sull&#8217;idea durante la guerra con Hamas, mentre il governo israeliano \u00e8 stato accusato da organizzazioni civili di ostacolare gli aiuti umanitari nell&#8217;enclave nel tentativo di incoraggiare la gente ad andarsene.<\/span><\/span><span class=\"jCAhz ChMk0b\"><span class=\"ryNqvb\"> Il mese scorso, Trump ha delineato il suo piano per una &#8220;presa&#8221; di Gaza da parte degli Stati Uniti e il reinsediamento di oltre due milioni di palestinesi in altri paesi, Egitto e Giordania.<\/span><\/span> <span class=\"jCAhz ChMk0b\"><span class=\"ryNqvb\">Ha detto di voler convertire il territorio palestinese devastato dalla guerra in una &#8220;Riviera&#8221; mediorientale.<\/span><\/span><\/p>\n<p>La proposta suscit\u00f2 un&#8217;ampia indignazione a livello internazionale, suscitando forti obiezioni da parte dei palestinesi, dei negoziatori arabi e di molte altre nazioni in tutto il mondo.<\/p>\n<div id=\"attachment_22039\" style=\"width: 480px\" class=\"wp-caption aligncenter\"><a href=\"http:\/\/reteitalianaism.it\/reteism\/wp-content\/uploads\/2025\/03\/Capture-2.png\"><img loading=\"lazy\" decoding=\"async\" aria-describedby=\"caption-attachment-22039\" class=\" wp-image-22039\" src=\"http:\/\/reteitalianaism.it\/reteism\/wp-content\/uploads\/2025\/03\/Capture-2-300x166.png\" alt=\"\" width=\"470\" height=\"260\" srcset=\"https:\/\/reteitalianaism.it\/reteism\/wp-content\/uploads\/2025\/03\/Capture-2-300x166.png 300w, https:\/\/reteitalianaism.it\/reteism\/wp-content\/uploads\/2025\/03\/Capture-2-1024x567.png 1024w, https:\/\/reteitalianaism.it\/reteism\/wp-content\/uploads\/2025\/03\/Capture-2-768x426.png 768w, https:\/\/reteitalianaism.it\/reteism\/wp-content\/uploads\/2025\/03\/Capture-2.png 1265w\" sizes=\"auto, (max-width: 470px) 100vw, 470px\" \/><\/a><p id=\"caption-attachment-22039\" class=\"wp-caption-text\">Video a questo<a href=\"https:\/\/www.aljazeera.com\/news\/2025\/3\/24\/israel-building-agency-to-steer-palestinian-voluntary-departure-from-gaza\"> link<\/a><\/p><\/div>\n<p><span class=\"jCAhz ChMk0b\"><span class=\"ryNqvb\">La portavoce di Netanyahu non ha specificato quali paesi terzi potrebbero essere disposti a collaborare con Israele nell&#8217;attuazione del piano.<\/span><\/span><span class=\"jCAhz ChMk0b\"><span class=\"ryNqvb\"> Netanyahu ha precedentemente affermato di essere &#8220;impegnato&#8221; nel piano di Trump &#8220;per la creazione di una Gaza diversa&#8221;, promettendo che, dopo la guerra, &#8220;non ci saranno n\u00e9 Hamas n\u00e9 l&#8217;Autorit\u00e0 Nazionale Palestinese&#8221; a governare il territorio.<\/span><\/span><span class=\"jCAhz ChMk0b\"><span class=\"ryNqvb\"> Katz aveva incaricato l&#8217;esercito a febbraio di elaborare piani per attuare la proposta di Trump per il reinsediamento dei palestinesi da Gaza.<\/span><\/span><span class=\"jCAhz ChMk0b\"><span class=\"ryNqvb\"> Il movimento pacifista israeliano Peace Now ha condannato la mossa, definendola &#8220;una macchia indelebile su Israele&#8221; in un post su X in inglese.<\/span><\/span><span class=\"jCAhz ChMk0b\"><span class=\"ryNqvb\"> &#8220;Quando la vita in un certo posto \u00e8 resa impossibile dai bombardamenti e dall&#8217;assedio, non c&#8217;\u00e8 nulla di &#8220;volontario&#8221; nel fatto che le persone se ne vadano&#8221;, ha scritto l&#8217;organizzazione.<\/span><\/span><\/p>\n<p><span class=\"jCAhz ChMk0b\"><span class=\"ryNqvb\">Non ci sono state reazioni immediate da parte dell&#8217;Egitto e di altri paesi arabi alla conferma del piano.<\/span><\/span><span class=\"jCAhz ChMk0b\"><span class=\"ryNqvb\"> Tuttavia, hanno ripetutamente insistito su una &#8220;soluzione a due stati&#8221; per il conflitto e &#8220;sulla necessit\u00e0 di stabilire uno stato palestinese indipendente&#8221;.<\/span><\/span><\/p>\n<p><span class=\"jCAhz\"><span class=\"ryNqvb\">Fonte: Al Jazeera e agenzie di stampa<\/span><\/span><\/p>\n","protected":false},"excerpt":{"rendered":"<p>24 marzo 2025 Israel building agency to steer Palestinian \u2018voluntary departure\u2019 from Gaza | Israel-Palestine conflict News | Al Jazeera Secondo la proposta, lo spostamento dei palestinesi da Gaza sar\u00e0 sotto il controllo del Ministero della Difesa. Israele \u00e8 pronto &hellip; <a href=\"https:\/\/reteitalianaism.it\/reteism\/index.php\/2025\/03\/24\/israele-crea-unagenzia-per-guidare-la-partenza-volontaria-palestinese-da-gaza\/\">Continue reading <span class=\"meta-nav\">&rarr;<\/span><\/a><\/p>\n","protected":false},"author":6,"featured_media":0,"comment_status":"open","ping_status":"open","sticky":false,"template":"","format":"standard","meta":{"footnotes":""},"categories":[2,3],"tags":[25,179,996,446],"class_list":["post-22037","post","type-post","status-publish","format-standard","hentry","category-gaza-2","category-info","tag-gaza","tag-genocidio","tag-sfollamenti-forzati","tag-sfollamento"],"_links":{"self":[{"href":"https:\/\/reteitalianaism.it\/reteism\/index.php\/wp-json\/wp\/v2\/posts\/22037","targetHints":{"allow":["GET"]}}],"collection":[{"href":"https:\/\/reteitalianaism.it\/reteism\/index.php\/wp-json\/wp\/v2\/posts"}],"about":[{"href":"https:\/\/reteitalianaism.it\/reteism\/index.php\/wp-json\/wp\/v2\/types\/post"}],"author":[{"embeddable":true,"href":"https:\/\/reteitalianaism.it\/reteism\/index.php\/wp-json\/wp\/v2\/users\/6"}],"replies":[{"embeddable":true,"href":"https:\/\/reteitalianaism.it\/reteism\/index.php\/wp-json\/wp\/v2\/comments?post=22037"}],"version-history":[{"count":1,"href":"https:\/\/reteitalianaism.it\/reteism\/index.php\/wp-json\/wp\/v2\/posts\/22037\/revisions"}],"predecessor-version":[{"id":22040,"href":"https:\/\/reteitalianaism.it\/reteism\/index.php\/wp-json\/wp\/v2\/posts\/22037\/revisions\/22040"}],"wp:attachment":[{"href":"https:\/\/reteitalianaism.it\/reteism\/index.php\/wp-json\/wp\/v2\/media?parent=22037"}],"wp:term":[{"taxonomy":"category","embeddable":true,"href":"https:\/\/reteitalianaism.it\/reteism\/index.php\/wp-json\/wp\/v2\/categories?post=22037"},{"taxonomy":"post_tag","embeddable":true,"href":"https:\/\/reteitalianaism.it\/reteism\/index.php\/wp-json\/wp\/v2\/tags?post=22037"}],"curies":[{"name":"wp","href":"https:\/\/api.w.org\/{rel}","templated":true}]}}