{"id":22067,"date":"2025-03-31T16:34:26","date_gmt":"2025-03-31T14:34:26","guid":{"rendered":"http:\/\/reteitalianaism.it\/reteism\/?p=22067"},"modified":"2025-03-31T16:35:02","modified_gmt":"2025-03-31T14:35:02","slug":"quando-i-nostri-nipoti-ci-chiederanno-cosa-abbiamo-fatto-durante-il-genocidio-diro-che-mi-sono-rifiutato","status":"publish","type":"post","link":"https:\/\/reteitalianaism.it\/reteism\/index.php\/2025\/03\/31\/quando-i-nostri-nipoti-ci-chiederanno-cosa-abbiamo-fatto-durante-il-genocidio-diro-che-mi-sono-rifiutato\/","title":{"rendered":"&#8220;Quando i nostri nipoti ci chiederanno cosa abbiamo fatto durante il genocidio, dir\u00f2 che mi sono rifiutato&#8221;"},"content":{"rendered":"<p>24 marzo 2025<\/p>\n<p><a href=\"https:\/\/www.972mag.com\/ella-keidar-greenberg-israeli-military-refusal\/\">\u2018When our grandchildren ask about the genocide, I\u2019ll say I refused&#8217;<\/a><\/p>\n<p class=\"lRu31\" dir=\"ltr\"><em><span class=\"HwtZe\" lang=\"it\"><span class=\"jCAhz ChMk0b\"><span class=\"ryNqvb\">Ella Keidar Greenberg, transgender obiettrice, spiega perch\u00e9 la prigione \u00e8 un piccolo prezzo da pagare nella lotta contro l&#8217;occupazione e il patriarcato israeliani.<\/span><\/span><\/span><\/em><\/p>\n<div class=\"OvtS8d\">\n<div id=\"attachment_22069\" style=\"width: 434px\" class=\"wp-caption aligncenter\"><a href=\"http:\/\/reteitalianaism.it\/reteism\/wp-content\/uploads\/2025\/03\/IMG_20250324_142857_269-1200x802-1.jpg\"><img loading=\"lazy\" decoding=\"async\" aria-describedby=\"caption-attachment-22069\" class=\" wp-image-22069\" src=\"http:\/\/reteitalianaism.it\/reteism\/wp-content\/uploads\/2025\/03\/IMG_20250324_142857_269-1200x802-1-300x201.jpg\" alt=\"\" width=\"424\" height=\"284\" srcset=\"https:\/\/reteitalianaism.it\/reteism\/wp-content\/uploads\/2025\/03\/IMG_20250324_142857_269-1200x802-1-300x201.jpg 300w, https:\/\/reteitalianaism.it\/reteism\/wp-content\/uploads\/2025\/03\/IMG_20250324_142857_269-1200x802-1-1024x684.jpg 1024w, https:\/\/reteitalianaism.it\/reteism\/wp-content\/uploads\/2025\/03\/IMG_20250324_142857_269-1200x802-1-768x513.jpg 768w, https:\/\/reteitalianaism.it\/reteism\/wp-content\/uploads\/2025\/03\/IMG_20250324_142857_269-1200x802-1.jpg 1200w\" sizes=\"auto, (max-width: 424px) 100vw, 424px\" \/><\/a><p id=\"caption-attachment-22069\" class=\"wp-caption-text\">Ella Keidar Greenberg (Oren Ziv)<\/p><\/div>\n<p><span class=\"jCAhz ChMk0b\"><span class=\"ryNqvb\">La scorsa settimana, la diciottenne Ella Keidar Greenberg \u00e8 stata condannata a una pena iniziale di 30 giorni in una prigione militare israeliana per essersi rifiutata di arruolarsi nell&#8217;esercito.<\/span><\/span> <span class=\"jCAhz ChMk0b\"><span class=\"ryNqvb\">Prima obiettore di coscienza apertamente transgender in un decennio, Keidar Greenberg ha dichiarato il suo rifiuto al centro di reclutamento militare di Tel Hashomer, vicino a Tel Aviv, il 19 marzo, esprimendo la sua opposizione ideologica all&#8217;occupazione e all&#8217;assalto di Israele a Gaza.<\/span><\/span> <span class=\"jCAhz ChMk0b\"><span class=\"ryNqvb\">Era accompagnata da attivisti della rete di rifiuto di Mesarvot e della Youth Communist League (conosciuta con l&#8217;acronimo ebraico &#8220;Banki&#8221;), che hanno tenuto una protesta di solidariet\u00e0 vicino all&#8217;ingresso della base.<\/span><\/span><\/p>\n<p><span class=\"jCAhz ChMk0b\"><span class=\"ryNqvb\">&#8220;Di fronte a una realt\u00e0 di sterminio di massa, di negligenza sistematica, di calpestamento dei diritti, di guerra, l&#8217;imperativo \u00e8 il rifiuto&#8221;, ha affermato Keidar Greenberg mentre leggeva la sua dichiarazione pubblica, prima di essere portata in prigione.<\/span><\/span> <span class=\"jCAhz ChMk0b\"><span class=\"ryNqvb\">\u201cQuando i nostri nipoti ci chiederanno cosa abbiamo fatto durante il genocidio di Gaza\u2026 se ci siamo arresi o se abbiamo lottato, come [vorreste] rispondere? So cosa risponder\u00f2: che ho scelto di resistere. Ecco perch\u00e9 mi rifiuto.\u201d<\/span><\/span><\/p>\n<\/div>\n<p class=\"lRu31\" dir=\"ltr\"><!--more--><\/p>\n<p dir=\"ltr\">Riflettendo sul legame tra la sua identit\u00e0 di genere e la sua visione politica, Keidar Greenberg ha spiegato: &#8220;Affinch\u00e9 lo status quo continui a funzionare, le persone sono tenute a svolgere i propri ruoli nel sistema, come ingranaggi in una macchina ben oliata. Dobbiamo lavorare, arruolarci nell&#8217;esercito, uccidere, sposarci, formare una famiglia e avere figli che continueranno a servire l&#8217;occupazione, il capitalismo e il patriarcato&#8230; Questa logica \u00e8 ci\u00f2 che le persone trans, [proprio] come gli obiettori, minano. Ecco perch\u00e9 siamo cos\u00ec spaventose, perch\u00e9 il sistema esistente e la sua riproduzione sono assicurati da noi, le persone, restando disciplinate e obbedienti&#8221;.<\/p>\n<p dir=\"ltr\"><span class=\"jCAhz ChMk0b\"><span class=\"ryNqvb\">Il servizio militare \u00e8 obbligatorio per gli israeliani di et\u00e0 superiore ai 18 anni, con le donne arruolate per due anni e gli uomini per quasi tre.<\/span><\/span> <span class=\"jCAhz ChMk0b\"><span class=\"ryNqvb\">I cittadini palestinesi sono esentati, mentre \u00e8 in corso una lotta politica e legale per l&#8217;esenzione di lunga data degli ebrei ultra-ortodossi.<\/span><\/span><\/p>\n<p dir=\"ltr\"><span class=\"jCAhz\"><span class=\"ryNqvb\">L&#8217;obiezione di coscienza \u00e8 eccezionalmente rara e l&#8217;esercito spesso condanna gli obiettori a diversi periodi di detenzione come punizione prima di rilasciarli.<\/span><\/span> <span class=\"jCAhz ChMk0b\"><span class=\"ryNqvb\">Keidar Greenberg \u00e8 la decima adolescente israeliana ad essere imprigionata per aver rifiutato pubblicamente la leva per motivi ideologici dal 7 ottobre. L&#8217;esercito sembra aver aumentato la pena detentiva imposta agli obiettori durante quel periodo;<\/span><\/span> <span class=\"jCAhz ChMk0b\"><span class=\"ryNqvb\">Itamar Greenberg, il prigioniero pi\u00f9 longevo durante la guerra a Gaza, \u00e8 stato rilasciato all&#8217;inizio di questo mese dopo 197 giorni di prigione, la condanna pi\u00f9 lunga in oltre un decennio.<\/span><\/span><\/p>\n<p dir=\"ltr\"><span class=\"jCAhz ChMk0b\"><span class=\"ryNqvb\">Yadin Elam, l&#8217;avvocato di Keidar Greenberg, ha detto a +972 dopo l&#8217;inizio della sua incarcerazione che l&#8217;esercito le ha impedito di portare i suoi farmaci, compresi gli ormoni.<\/span><\/span> <span class=\"jCAhz ChMk0b\"><span class=\"ryNqvb\">&#8220;\u00c8 tenuta da sola in una cella nell&#8217;unit\u00e0 femminile che non ha la televisione, non ha una porta del bagno e ha un tetto che perde&#8221;, ha detto Elam.<\/span><\/span> <span class=\"jCAhz ChMk0b\"><span class=\"ryNqvb\">&#8220;Preferirebbe essere in una cella condivisa con altre detenute&#8221;.<\/span><\/span><\/p>\n<div id=\"attachment_22070\" style=\"width: 459px\" class=\"wp-caption aligncenter\"><a href=\"http:\/\/reteitalianaism.it\/reteism\/wp-content\/uploads\/2025\/03\/IMG_20250324_142856_689.jpg\"><img loading=\"lazy\" decoding=\"async\" aria-describedby=\"caption-attachment-22070\" class=\" wp-image-22070\" src=\"http:\/\/reteitalianaism.it\/reteism\/wp-content\/uploads\/2025\/03\/IMG_20250324_142856_689-300x200.jpg\" alt=\"\" width=\"449\" height=\"299\" srcset=\"https:\/\/reteitalianaism.it\/reteism\/wp-content\/uploads\/2025\/03\/IMG_20250324_142856_689-300x200.jpg 300w, https:\/\/reteitalianaism.it\/reteism\/wp-content\/uploads\/2025\/03\/IMG_20250324_142856_689-1024x682.jpg 1024w, https:\/\/reteitalianaism.it\/reteism\/wp-content\/uploads\/2025\/03\/IMG_20250324_142856_689-768x512.jpg 768w, https:\/\/reteitalianaism.it\/reteism\/wp-content\/uploads\/2025\/03\/IMG_20250324_142856_689.jpg 1280w\" sizes=\"auto, (max-width: 449px) 100vw, 449px\" \/><\/a><p id=\"caption-attachment-22070\" class=\"wp-caption-text\">Ella Keidar Greenberg con una folla di amici, familiari e attivisti fuori dal centro di reclutamento di Tel Hashomer, prima di dichiarare il suo rifiuto di arruolarsi nell&#8217;esercito israeliano, 19 marzo 2025. (Oren Ziv)<\/p><\/div>\n<p><span class=\"jCAhz ChMk0b\"><span class=\"ryNqvb\">Keidar Greenberg ha deciso di diventare obiettore di coscienza in giovane et\u00e0.<\/span><\/span> <span class=\"jCAhz ChMk0b\"><span class=\"ryNqvb\">Negli ultimi anni, \u00e8 stata attiva nelle proteste contro la riforma giudiziaria del governo di estrema destra insieme ad altri adolescenti che si oppongono all&#8217;occupazione.<\/span><\/span> <span class=\"jCAhz ChMk0b\"><span class=\"ryNqvb\">\u00c8 stata coinvolta nell&#8217;organizzazione della lettera di rifiuto &#8220;Youth Against Dictatorship&#8221; nel 2023, che collegava la riforma giudiziaria al dominio militare di Israele sui palestinesi.<\/span><\/span> <span class=\"jCAhz ChMk0b\"><span class=\"ryNqvb\">\u00c8 anche attiva a Banki e Mesarvot e ha partecipato alle proteste contro la transfobia, il ricatto dell&#8217;esercito nei confronti dei palestinesi LGBTQ+ e il pinkwashing delle marce del gay pride di Israele.<\/span><\/span><\/p>\n<p><span class=\"jCAhz ChMk0b\"><span class=\"ryNqvb\">In un&#8217;intervista prima della sua prigionia, Keidar Greenberg ha parlato a +972 del suo percorso verso l&#8217;obiezione di coscienza, del suo attivismo contro l&#8217;occupazione di Israele, della sua solidariet\u00e0 con i palestinesi LGBTQ+ e del suo messaggio alla comunit\u00e0 queer di Israele.<\/span><\/span><\/p>\n<p><strong><span class=\"jCAhz ChMk0b\"><span class=\"ryNqvb\">Puoi descrivere il processo che ti ha portato a rifiutare il servizio militare?<\/span><\/span><\/strong><\/p>\n<p><span class=\"jCAhz ChMk0b\"><span class=\"ryNqvb\">Fin da piccola, sapevo che non avrei mai impugnato un&#8217;arma n\u00e9 fatto del male a nessuno.<\/span><\/span> <span class=\"jCAhz\"><span class=\"ryNqvb\">Avevo un&#8217;avversione per la violenza.<\/span><\/span> <span class=\"jCAhz ChMk0b\"><span class=\"ryNqvb\">Ma accettavo principalmente ci\u00f2 che mi dicevano gli adulti nella mia vita: che ci sono altri modi per servire [nell&#8217;esercito israeliano], che ci sono tutti i tipi di ruoli non di combattimento.<\/span><\/span><\/p>\n<p><span class=\"jCAhz ChMk0b\"><span class=\"ryNqvb\">Quando avevo 14 anni, ho fatto coming out [come transgender], e poi ho trovato &#8220;Il Manifesto del Partito Comunista&#8221; nella biblioteca di mia nonna.<\/span><\/span> <span class=\"jCAhz ChMk0b\"><span class=\"ryNqvb\">Questo \u00e8 stato durante il blocco del COVID-19.<\/span><\/span> <span class=\"jCAhz ChMk0b\"><span class=\"ryNqvb\">Non mi collegavo alle lezioni online del liceo e non avevo davvero amici, quindi quello che facevo &#8211; tutto il giorno, tutti i giorni, per due anni &#8211; era leggere.<\/span><\/span><\/p>\n<p><span class=\"jCAhz ChMk0b\"><span class=\"ryNqvb\">Ci\u00f2 ha anche aggravato sia la mia depressione personale che la mia profonda depressione politica.<\/span><\/span> <span class=\"jCAhz ChMk0b\"><span class=\"ryNqvb\">Ero consumata da quanto fosse incasinato il mondo e provavo un&#8217;immensa frustrazione, come se non avessi il potere di cambiare nulla.<\/span><\/span><\/p>\n<p class=\"lRu31\" dir=\"ltr\"><span class=\"HwtZe\" lang=\"it\"><span class=\"jCAhz ChMk0b\"><span class=\"ryNqvb\">Poi, all&#8217;inizio del 2023, sono iniziate le proteste contro il colpo di stato giudiziario e all&#8217;improvviso ho avuto uno sfogo per incanalare la mia frustrazione in azione.<\/span><\/span> <span class=\"jCAhz ChMk0b\"><span class=\"ryNqvb\">Ho incontrato altri giovani e insieme abbiamo formato lo Youth Bloc Against Occupation.<\/span><\/span> <span class=\"jCAhz\"><span class=\"ryNqvb\">Da l\u00ec, ho continuato ad andare avanti.<\/span><\/span> <span class=\"jCAhz ChMk0b\"><span class=\"ryNqvb\">In seguito, io e i miei amici abbiamo organizzato una protesta contro il lancio di &#8220;Irreversible Damage&#8221; [un libro anti-trans di un autore americano che \u00e8 stato tradotto e pubblicato in ebraico].<\/span><\/span><\/span><\/p>\n<div class=\"OvtS8d\"><\/div>\n<div id=\"ow31\">\n<div id=\"attachment_22071\" style=\"width: 474px\" class=\"wp-caption aligncenter\"><a href=\"http:\/\/reteitalianaism.it\/reteism\/wp-content\/uploads\/2025\/03\/Capture-4.png\"><img loading=\"lazy\" decoding=\"async\" aria-describedby=\"caption-attachment-22071\" class=\" wp-image-22071\" src=\"http:\/\/reteitalianaism.it\/reteism\/wp-content\/uploads\/2025\/03\/Capture-4-300x200.png\" alt=\"\" width=\"464\" height=\"309\" srcset=\"https:\/\/reteitalianaism.it\/reteism\/wp-content\/uploads\/2025\/03\/Capture-4-300x200.png 300w, https:\/\/reteitalianaism.it\/reteism\/wp-content\/uploads\/2025\/03\/Capture-4-1024x681.png 1024w, https:\/\/reteitalianaism.it\/reteism\/wp-content\/uploads\/2025\/03\/Capture-4-768x511.png 768w, https:\/\/reteitalianaism.it\/reteism\/wp-content\/uploads\/2025\/03\/Capture-4.png 1105w\" sizes=\"auto, (max-width: 464px) 100vw, 464px\" \/><\/a><p id=\"caption-attachment-22071\" class=\"wp-caption-text\">Manifestanti israeliani durante una manifestazione antigovernativa, Tel Aviv, 20 luglio 2023. (Oren Ziv)<\/p><\/div>\n<p class=\"lRu31\" dir=\"ltr\"><span class=\"HwtZe\" lang=\"it\"><span class=\"jCAhz ChMk0b\"><span class=\"ryNqvb\">Alla fine, mi sono impegnata di pi\u00f9 in Mesarvot dopo aver incontrato Einat [Gerlitz, che ha scontato 87 giorni di prigione per essersi rifiutato di essere arruolato nel 2022] a una protesta a Gerusalemme.<\/span><\/span> <span class=\"jCAhz ChMk0b\"><span class=\"ryNqvb\">In realt\u00e0 ci conoscevamo gi\u00e0 prima: eravamo in Israel Gay Youth quando avevo 13 anni. Dopo di che, mi sono impegnata di pi\u00f9 in Banki e in seguito in Youth Against Dictatorship.<\/span><\/span> <span class=\"jCAhz ChMk0b\"><span class=\"ryNqvb\">Tutto il mio percorso verso l&#8217;attivismo \u00e8 avvenuto parallelamente all&#8217;ascesa delle proteste contro la revisione giudiziaria.<\/span><\/span> <span class=\"jCAhz ChMk0b\"><span class=\"ryNqvb\">Quando avevo 16 anni, sapevo che avrei rifiutato a prescindere.<\/span><\/span> <\/span><\/p>\n<p dir=\"ltr\"><strong><span class=\"HwtZe\" lang=\"it\"><span class=\"jCAhz ChMk0b\"><span class=\"ryNqvb\">Sei stata anche coinvolta nell&#8217;attivismo contro l&#8217;occupazione sul campo in Cisgiordania.<\/span><\/span> <span class=\"jCAhz ChMk0b\"><span class=\"ryNqvb\">Come ti ha influenzato?<\/span><\/span><\/span><\/strong><\/p>\n<p dir=\"ltr\"><span class=\"jCAhz ChMk0b\"><span class=\"ryNqvb\">Ho trascorso circa met\u00e0 dell&#8217;estate tra l&#8217;undicesimo e il dodicesimo anno a Masafer Yatta e a varie proteste a Beit Dajan, Farkha [un villaggio agricolo comunista in Cisgiordania] e Sheikh Jarrah.<\/span><\/span> <span class=\"jCAhz ChMk0b\"><span class=\"ryNqvb\">Ci\u00f2 ha avuto un impatto su di me.<\/span><\/span> <span class=\"jCAhz ChMk0b\"><span class=\"ryNqvb\">L&#8217;attivismo a Masafer Yatta ha cambiato il modo in cui vivo e mi confronto con l&#8217;ingiustizia politica, cos\u00ec come il nostro lavoro a Farkha.<\/span><\/span><\/p>\n<p dir=\"ltr\"><span class=\"jCAhz ChMk0b\"><span class=\"ryNqvb\">Non ha cambiato davvero la mia decisione sulla leva, ma in seguito, quando mio zio discuteva con me alle cene di famiglia, ha rafforzato la mia convinzione di oppormi all&#8217;occupazione.<\/span><\/span> <span class=\"jCAhz ChMk0b\"><span class=\"ryNqvb\">Mi ha anche reso pi\u00f9 emotivamente connesso;<\/span><\/span> <span class=\"jCAhz\"><span class=\"ryNqvb\">ho avuto modo di conoscere e interagire con persone colpite dalla situazione, e ne sono stata colpita io stessa.<\/span><\/span><\/p>\n<p dir=\"ltr\"><span class=\"jCAhz ChMk0b\"><span class=\"ryNqvb\">Penso che se prima avevo un&#8217;opposizione per lo pi\u00f9 basata sui principi, ora provo anche risentimento, rabbia e furia verso l&#8217;IDF e la polizia, a causa della realt\u00e0 che ho visto in prima persona.<\/span><\/span><\/p>\n<p class=\"lRu31\" dir=\"ltr\"><span class=\"HwtZe\" lang=\"it\"><strong><span class=\"jCAhz ChMk0b\"><span class=\"ryNqvb\">Come hanno reagito le persone intorno a te alla tua decisione di rifiutare?<\/span><\/span><\/strong> <\/span><\/p>\n<p class=\"lRu31\" dir=\"ltr\"><span class=\"HwtZe\" lang=\"it\"><span class=\"jCAhz ChMk0b\"><span class=\"ryNqvb\">La maggior parte delle persone non lo sapeva fino ad ora, e alcune di loro lo scopriranno quando leggeranno articoli su di me.<\/span><\/span> <span class=\"jCAhz ChMk0b\"><span class=\"ryNqvb\">Ma mia madre, che \u00e8 la pi\u00f9 importante, condivide completamente le mie opinioni, ma non era d&#8217;accordo con l&#8217;idea che andassi in prigione.<\/span><\/span> <span class=\"jCAhz ChMk0b\"><span class=\"ryNqvb\">Le ho detto chiaramente che l&#8217;avrei fatto a prescindere, e la domanda era se mi avrebbe sostenuto o meno.<\/span><\/span> <span class=\"jCAhz\"><span class=\"ryNqvb\">E poi \u00e8 diventato molto chiaro per lei [che lo avrebbe fatto].<\/span><\/span><\/span><\/p>\n<div class=\"OvtS8d\"><\/div>\n<div id=\"ow36\">\n<div id=\"attachment_22072\" style=\"width: 421px\" class=\"wp-caption aligncenter\"><a href=\"http:\/\/reteitalianaism.it\/reteism\/wp-content\/uploads\/2025\/03\/IMG_20250324_142856_756.jpg\"><img loading=\"lazy\" decoding=\"async\" aria-describedby=\"caption-attachment-22072\" class=\" wp-image-22072\" src=\"http:\/\/reteitalianaism.it\/reteism\/wp-content\/uploads\/2025\/03\/IMG_20250324_142856_756-300x200.jpg\" alt=\"\" width=\"411\" height=\"274\" srcset=\"https:\/\/reteitalianaism.it\/reteism\/wp-content\/uploads\/2025\/03\/IMG_20250324_142856_756-300x200.jpg 300w, https:\/\/reteitalianaism.it\/reteism\/wp-content\/uploads\/2025\/03\/IMG_20250324_142856_756-1024x682.jpg 1024w, https:\/\/reteitalianaism.it\/reteism\/wp-content\/uploads\/2025\/03\/IMG_20250324_142856_756-768x512.jpg 768w, https:\/\/reteitalianaism.it\/reteism\/wp-content\/uploads\/2025\/03\/IMG_20250324_142856_756.jpg 1280w\" sizes=\"auto, (max-width: 411px) 100vw, 411px\" \/><\/a><p id=\"caption-attachment-22072\" class=\"wp-caption-text\">L&#8217;obiettore di coscienza Ella Keidar Greenberg saluta amici e familiari mentre entra nel centro di reclutamento di Tel Hashomer, 19 marzo 2025. (Oren Ziv)<\/p><\/div>\n<p><strong><span class=\"jCAhz JpY6Fd\"><span class=\"ryNqvb\">Hai detto di aver preso la tua decisione molto tempo fa.<\/span><\/span> <span class=\"jCAhz\"><span class=\"ryNqvb\">Come ti ha influenzato la guerra di Gaza?<\/span><\/span><\/strong><\/p>\n<p><span class=\"jCAhz\"><span class=\"ryNqvb\">Prima della guerra, c&#8217;era qualcosa di molto simbolico nel [rifiuto]: ci rifiutiamo di servire un regime che fa questo e quello, e lo facciamo pubblicamente.<\/span><\/span> <span class=\"jCAhz ChMk0b\"><span class=\"ryNqvb\">Dopo l&#8217;inizio della guerra, \u00e8 diventato molto pi\u00f9 semplice: c&#8217;\u00e8 un genocidio in corso, e non ti arruoli in un esercito che sta commettendo un genocidio.<\/span><\/span><\/p>\n<p><span class=\"jCAhz ChMk0b\"><span class=\"ryNqvb\">Tutto sembra pi\u00f9 urgente e pi\u00f9 disperato allo stesso tempo, ma politicamente \u00e8 molto pi\u00f9 chiaro e richiede meno riflessione.<\/span><\/span> <span class=\"jCAhz ChMk0b\"><span class=\"ryNqvb\">\u00c8 molto ovvio qual \u00e8 la cosa giusta da fare di fronte al genocidio: rifiutare.<\/span><\/span><\/p>\n<p><strong><span class=\"jCAhz\"><span class=\"ryNqvb\">Sei stata molto attiva durante le proteste contro la revisione giudiziaria.<\/span><\/span> <span class=\"jCAhz ChMk0b\"><span class=\"ryNqvb\">All&#8217;epoca, sembrava che potessi parlare con le persone di qualsiasi cosa, persino dell&#8217;occupazione, e molti manifestanti erano aperti a questi messaggi.<\/span><\/span> <span class=\"jCAhz ChMk0b\"><span class=\"ryNqvb\">Ora le cose sono diverse.<\/span><\/span> <span class=\"jCAhz ChMk0b\"><span class=\"ryNqvb\">Come vedi la possibilit\u00e0 di discutere di questi problemi con i giovani di oggi?<\/span><\/span><\/strong><\/p>\n<\/div>\n<p dir=\"ltr\"><span class=\"jCAhz ChMk0b\"><span class=\"ryNqvb\">Durante quelle proteste, c&#8217;era un incredibile senso di speranza.<\/span><\/span> <span class=\"jCAhz ChMk0b\"><span class=\"ryNqvb\">Ogni settimana, sempre pi\u00f9 persone si univano al blocco giovanile e alcune di loro diventavano attive anche oltre.<\/span><\/span> <span class=\"jCAhz ChMk0b\"><span class=\"ryNqvb\">Cose come Youth Against Dictatorship, una lettera di studenti delle superiori, che normalmente non avrebbe ricevuto molta attenzione, hanno avuto un&#8217;enorme copertura sui media israeliani.<\/span><\/span> <span class=\"jCAhz ChMk0b\"><span class=\"ryNqvb\">Vedere le persone che ho incontrato in quegli spazi diventare attive in altri movimenti \u00e8 stato molto stimolante e incoraggiante.<\/span><\/span><\/p>\n<p dir=\"ltr\"><span class=\"jCAhz ChMk0b\"><span class=\"ryNqvb\">Dopo il 7 ottobre, c&#8217;\u00e8 stato il caos.<\/span><\/span> <span class=\"jCAhz ChMk0b\"><span class=\"ryNqvb\">All&#8217;inizio, le risposte sono state molto emotive: rabbia e trauma.<\/span><\/span> <span class=\"jCAhz ChMk0b\"><span class=\"ryNqvb\">Ma ora siamo in un momento in cui, dopo che la crisi ha distrutto il vecchio sistema di valori, lo stato sta cercando di stabilirne e cementarne rapidamente uno nuovo, manipolando quelle emozioni in propaganda nazionalista.<\/span><\/span> <span class=\"jCAhz ChMk0b\"><span class=\"ryNqvb\">Penso che questo sia esattamente il momento di reagire, di impedire che questo diventi normale e di impedire che questo tipo di violenza venga permanentemente incorporato nel discorso pubblico.<\/span><\/span><\/p>\n<div class=\"UdTY9 WdefRb\" aria-hidden=\"true\" data-location=\"2\">\n<div id=\"attachment_22073\" style=\"width: 451px\" class=\"wp-caption aligncenter\"><a href=\"http:\/\/reteitalianaism.it\/reteism\/wp-content\/uploads\/2025\/03\/IMG_20250324_142857_468.jpg\"><img loading=\"lazy\" decoding=\"async\" aria-describedby=\"caption-attachment-22073\" class=\" wp-image-22073\" src=\"http:\/\/reteitalianaism.it\/reteism\/wp-content\/uploads\/2025\/03\/IMG_20250324_142857_468-300x200.jpg\" alt=\"\" width=\"441\" height=\"294\" srcset=\"https:\/\/reteitalianaism.it\/reteism\/wp-content\/uploads\/2025\/03\/IMG_20250324_142857_468-300x200.jpg 300w, https:\/\/reteitalianaism.it\/reteism\/wp-content\/uploads\/2025\/03\/IMG_20250324_142857_468-1024x682.jpg 1024w, https:\/\/reteitalianaism.it\/reteism\/wp-content\/uploads\/2025\/03\/IMG_20250324_142857_468-768x512.jpg 768w, https:\/\/reteitalianaism.it\/reteism\/wp-content\/uploads\/2025\/03\/IMG_20250324_142857_468.jpg 1280w\" sizes=\"auto, (max-width: 441px) 100vw, 441px\" \/><\/a><p id=\"caption-attachment-22073\" class=\"wp-caption-text\">Una folla di amici, familiari e attivisti organizza una protesta di solidariet\u00e0 a sostegno di Ella Keidar Greenberg fuori dal centro di reclutamento di Tel Hashomer, prima che lei dichiari il suo rifiuto di arruolarsi nell&#8217;esercito israeliano, 19 marzo 2025. (Oren Ziv)<\/p><\/div>\n<p><span class=\"jCAhz ChMk0b\"><span class=\"ryNqvb\">La gente continua a presentarsi [per protestare].<\/span><\/span> <span class=\"jCAhz JpY6Fd\"><span class=\"ryNqvb\">Ci sono pi\u00f9 obiettori di prima e a ogni azione con Banki ci sono nuove persone.<\/span><\/span> <span class=\"jCAhz\"><span class=\"ryNqvb\">C&#8217;\u00e8 ancora speranza.<\/span><\/span><\/p>\n<p><span class=\"jCAhz\"><span class=\"ryNqvb\">I<strong>l tuo rifiuto ha anche un aspetto queer o trans?<\/strong><\/span><\/span><\/p>\n<p><span class=\"jCAhz ChMk0b\"><span class=\"ryNqvb\">Il collegamento pi\u00f9 semplice da fare \u00e8 che i sistemi contro cui combattiamo sono gli stessi.<\/span><\/span> <span class=\"jCAhz ChMk0b\"><span class=\"ryNqvb\">Come persone trans, sfidiamo lo stesso rigido, patriarcale, binario sistema di ruoli che ci chiede di servire: queste strutture di uomini e donne, padri e madri, che producono un&#8217;altra generazione di soldati e lavoratori.<\/span><\/span> <span class=\"jCAhz ChMk0b\"><span class=\"ryNqvb\">Noi interrompiamo quel sistema, ed \u00e8 per questo che spaventiamo cos\u00ec tanto il regime e siamo un capro espiatorio cos\u00ec facile a cui continuano a tornare.<\/span><\/span><\/p>\n<p><span class=\"jCAhz ChMk0b\"><span class=\"ryNqvb\">Penso che i renitenti alla leva sfidino la narrazione militare israeliana in modo simile, perch\u00e9 non adempiamo al ruolo che ci \u00e8 stato assegnato.<\/span><\/span> <span class=\"jCAhz ChMk0b\"><span class=\"ryNqvb\">Non penso sia una coincidenza che io sia stato portata a mettere in discussione sempre pi\u00f9 presupposti fondamentali dopo aver infranto uno dei pi\u00f9 basilari.<\/span><\/span> <span class=\"jCAhz ChMk0b\"><span class=\"ryNqvb\">E s\u00ec, per me, come persona trans, voglio la libert\u00e0 per me stessa e per tutti.<\/span><\/span> <span class=\"jCAhz ChMk0b\"><span class=\"ryNqvb\">Non sono interessata a un &#8220;uguale diritto&#8221; di opprimere gli altri [prestando servizio nell&#8217;esercito] o a un lasciapassare d&#8217;ingresso netto nel sistema esistente, per essere nei ranghi dello Stato invece di resistergli.<\/span><\/span><\/p>\n<p><span class=\"jCAhz ChMk0b\"><span class=\"ryNqvb\">Penso che la lotta per essere inclusi nelle strutture di potere piuttosto che smantellarle sia fuorviante.<\/span><\/span> <span class=\"jCAhz ChMk0b\"><span class=\"ryNqvb\">Abbiamo visto per anni come ci\u00f2 abbia fallito ripetutamente, in particolare all&#8217;interno del movimento queer.<\/span><\/span><\/p>\n<p><strong><span class=\"jCAhz ChMk0b\"><span class=\"ryNqvb\">Qual \u00e8 il tuo messaggio alla comunit\u00e0 LGBTQ+ mainstream, molti dei quali sostengono l&#8217;esercito e la guerra?<\/span><\/span><\/strong><\/p>\n<\/div>\n<div class=\"lRu31\" dir=\"ltr\">\n<p class=\"OvtS8d\"><span class=\"jCAhz ChMk0b\"><span class=\"ryNqvb\">All&#8217;IDF non importa delle persone trans, o dei gay, delle lesbiche o dei queer.<\/span><\/span> <span class=\"jCAhz ChMk0b\"><span class=\"ryNqvb\">All&#8217;IDF importa del potere e del capitale.<\/span><\/span> <span class=\"jCAhz ChMk0b\"><span class=\"ryNqvb\">Pu\u00f2 sembrare progressista su queste questioni per i soldati al suo interno, ma ovviamente questo non si applica ai palestinesi queer che opprime.<\/span><\/span><\/p>\n<div id=\"attachment_22074\" style=\"width: 471px\" class=\"wp-caption aligncenter\"><a href=\"http:\/\/reteitalianaism.it\/reteism\/wp-content\/uploads\/2025\/03\/main_image50757_Uk4UW5AL7B.jpg\"><img loading=\"lazy\" decoding=\"async\" aria-describedby=\"caption-attachment-22074\" class=\" wp-image-22074\" src=\"http:\/\/reteitalianaism.it\/reteism\/wp-content\/uploads\/2025\/03\/main_image50757_Uk4UW5AL7B-300x200.jpg\" alt=\"\" width=\"461\" height=\"307\" srcset=\"https:\/\/reteitalianaism.it\/reteism\/wp-content\/uploads\/2025\/03\/main_image50757_Uk4UW5AL7B-300x200.jpg 300w, https:\/\/reteitalianaism.it\/reteism\/wp-content\/uploads\/2025\/03\/main_image50757_Uk4UW5AL7B-1024x683.jpg 1024w, https:\/\/reteitalianaism.it\/reteism\/wp-content\/uploads\/2025\/03\/main_image50757_Uk4UW5AL7B-768x512.jpg 768w, https:\/\/reteitalianaism.it\/reteism\/wp-content\/uploads\/2025\/03\/main_image50757_Uk4UW5AL7B-1536x1025.jpg 1536w, https:\/\/reteitalianaism.it\/reteism\/wp-content\/uploads\/2025\/03\/main_image50757_Uk4UW5AL7B.jpg 2048w\" sizes=\"auto, (max-width: 461px) 100vw, 461px\" \/><\/a><p id=\"caption-attachment-22074\" class=\"wp-caption-text\">Gli attivisti prendono parte al blocco anti-pinkwashing durante la parata del Tel Aviv Pride, 8 giugno 2023. (Oren Ziv)<\/p><\/div>\n<p><span class=\"jCAhz ChMk0b\"><span class=\"ryNqvb\">L&#8217;esercito offre alle persone trans una sorta di sicurezza: condizioni migliori di quelle che ottengono dalle loro famiglie, dalle loro citt\u00e0 natali o dal mercato del lavoro.<\/span><\/span> <span class=\"jCAhz\"><span class=\"ryNqvb\">\u00c8 intenzionale.<\/span><\/span> <span class=\"jCAhz ChMk0b\"><span class=\"ryNqvb\">Serve come agenzia stampa per l&#8217;immagine dell&#8217;IDF e il suo ruolo all&#8217;interno dello stato.<\/span><\/span> <span class=\"jCAhz ChMk0b\"><span class=\"ryNqvb\">E questo gli consente di neutralizzare la comunit\u00e0 LGBTQ+, di trasformarci in omo-nazionalisti in modo che non diventiamo queer anti-nazionalisti.<\/span><\/span> <span class=\"jCAhz\"><span class=\"ryNqvb\">Lo disprezzo.<\/span><\/span> <span class=\"jCAhz ChMk0b\"><span class=\"ryNqvb\">Penso che sia cinico e disgustoso.<\/span><\/span><\/p>\n<p><strong><span class=\"jCAhz ChMk0b\"><span class=\"ryNqvb\">Hai anche partecipato a proteste contro il trattamento riservato dall&#8217;esercito ai palestinesi LGBTQ+.<\/span><\/span> <span class=\"jCAhz\"><span class=\"ryNqvb\">Puoi raccontarcelo?<\/span><\/span><\/strong><\/p>\n<p><span class=\"jCAhz ChMk0b\"><span class=\"ryNqvb\">Nell&#8217;aprile 2023, un uomo palestinese \u00e8 stato ucciso [da membri del gruppo militante Lion&#8217;s Den a Nablus] quando \u00e8 stato rivelato che era un informatore dell&#8217;IDF, dopo che [l&#8217;esercito] lo aveva ricattato con video di lui con un altro uomo.<\/span><\/span> <span class=\"jCAhz ChMk0b\"><span class=\"ryNqvb\">Abbiamo organizzato una manifestazione fuori dalla base militare di Glilot [a nord di Tel Aviv].<\/span><\/span> <span class=\"jCAhz\"><span class=\"ryNqvb\">Mi sono presentata in drag e abbiamo urlato.<\/span><\/span><\/p>\n<p><span class=\"jCAhz ChMk0b\"><span class=\"ryNqvb\">Ogni anno al Pride, questo messaggio [contro il ricatto dell&#8217;esercito nei confronti dei palestinesi queer] viene ripetuto nel blocco anti-pinkwashing.<\/span><\/span> <span class=\"jCAhz\"><span class=\"ryNqvb\">Penso che questo problema sia particolarmente rilevante quando si risponde ad accuse come &#8220;Cosa ti succederebbe a Gaza?&#8221;<\/span><\/span> <span class=\"jCAhz ChMk0b\"><span class=\"ryNqvb\">o &#8220;Prova ad andare a Gaza vestito cos\u00ec&#8221;, o che siamo &#8220;Chickens for KFC&#8221; [riferendosi al commento di Netanyahu al Congresso degli Stati Uniti che paragona &#8220;Gays for Gaza&#8221; a &#8220;Chickens for KFC&#8221;].<\/span><\/span><\/p>\n<p><span class=\"jCAhz ChMk0b\"><span class=\"ryNqvb\">\u00c8 una forma di vittimizzazione che si concentra solo sul conservatorismo che esiste in alcune parti della societ\u00e0 palestinese e dipinge la cultura palestinese come monolitica, riducendola a questo unico aspetto per giustificare tutto ci\u00f2 che facciamo loro.<\/span><\/span> <span class=\"jCAhz ChMk0b\"><span class=\"ryNqvb\">Se l&#8217;establishment, i media o il pubblico israeliani si preoccupassero veramente dei bisogni, delle paure e dell&#8217;oppressione dei palestinesi queer, parlerebbero con loro, li aiuterebbero e chiederebbero loro di cosa hanno bisogno, non distruggerebbero le loro citt\u00e0 e le userebbero come uno strumento retorico a buon mercato.<\/span><\/span><\/p>\n<p><span class=\"jCAhz ChMk0b\"><span class=\"ryNqvb\">Ma in definitiva, il problema principale qui \u00e8 che stiamo assistendo a un genocidio e a uno sterminio di massa;<\/span><\/span> <span class=\"jCAhz ChMk0b\"><span class=\"ryNqvb\">anche i conservatori e gli omofobi subiscono queste atrocit\u00e0, e noi [siamo ancora al loro fianco] di fronte a tali atrocit\u00e0.<\/span><\/span><\/p>\n<p><strong><span class=\"jCAhz ChMk0b\"><span class=\"ryNqvb\">Come hanno reagito gli amici palestinesi alla tua decisione?<\/span><\/span><\/strong><\/p>\n<p><span class=\"jCAhz ChMk0b\"><span class=\"ryNqvb\">Sono molto preoccupati per me.<\/span><\/span> <span class=\"jCAhz ChMk0b\"><span class=\"ryNqvb\">Penso che per gli amici di Farkha, che vivono nell&#8217;Area C della Cisgiordania, l&#8217;idea di prigione militare significhi qualcosa di molto specifico, e ci \u00e8 voluto un momento per chiarire che la prigione militare in cui mi stanno mandando non \u00e8 la stessa delle prigioni di massima sicurezza in cui sono detenuti i prigionieri politici.<\/span><\/span><\/p>\n<div id=\"attachment_22075\" style=\"width: 416px\" class=\"wp-caption aligncenter\"><a href=\"http:\/\/reteitalianaism.it\/reteism\/wp-content\/uploads\/2025\/03\/IMG_20250324_142857_149.jpg\"><img loading=\"lazy\" decoding=\"async\" aria-describedby=\"caption-attachment-22075\" class=\" wp-image-22075\" src=\"http:\/\/reteitalianaism.it\/reteism\/wp-content\/uploads\/2025\/03\/IMG_20250324_142857_149-300x200.jpg\" alt=\"\" width=\"406\" height=\"270\" srcset=\"https:\/\/reteitalianaism.it\/reteism\/wp-content\/uploads\/2025\/03\/IMG_20250324_142857_149-300x200.jpg 300w, https:\/\/reteitalianaism.it\/reteism\/wp-content\/uploads\/2025\/03\/IMG_20250324_142857_149-1024x682.jpg 1024w, https:\/\/reteitalianaism.it\/reteism\/wp-content\/uploads\/2025\/03\/IMG_20250324_142857_149-768x512.jpg 768w, https:\/\/reteitalianaism.it\/reteism\/wp-content\/uploads\/2025\/03\/IMG_20250324_142857_149.jpg 1280w\" sizes=\"auto, (max-width: 406px) 100vw, 406px\" \/><\/a><p id=\"caption-attachment-22075\" class=\"wp-caption-text\">Ella Keidar Greenberg entra nel centro di reclutamento di Tel Hashomer per dichiarare il suo rifiuto di arruolarsi nell&#8217;esercito israeliano, 19 marzo 2025. (Oren Ziv)<\/p><\/div>\n<p><span class=\"jCAhz ChMk0b\"><span class=\"ryNqvb\">Quando vado in nuovi posti [nella Cisgiordania occupata], in villaggi in cui non sono mai stata prima e dove la gente non mi conosce, le conversazioni [tra palestinesi e attivisti israeliani] spesso portano a una domanda chiave: &#8220;Cosa hai fatto nell&#8217;esercito? Dove hai prestato servizio?&#8221;<\/span><\/span> <span class=\"jCAhz ChMk0b\"><span class=\"ryNqvb\">Questa affermazione ha un immenso peso umano, politico e interpersonale nella nostra lotta comune.<\/span><\/span> <span class=\"jCAhz ChMk0b\"><span class=\"ryNqvb\">Penso che [rifiutare] mi permetta di impegnarmi con molti attivisti palestinesi su un piano di maggiore parit\u00e0.<\/span><\/span><\/p>\n<p><strong><span class=\"jCAhz\"><span class=\"ryNqvb\">Hai paura della prigione?<\/span><\/span><\/strong><\/p>\n<p><span class=\"jCAhz\"><span class=\"ryNqvb\">\u00c8 sicuramente snervante.<\/span><\/span> <span class=\"jCAhz ChMk0b\"><span class=\"ryNqvb\">Non so quanto mi adatter\u00f2 socialmente;<\/span><\/span> <span class=\"jCAhz ChMk0b\"><span class=\"ryNqvb\">poich\u00e9 tutti i miei amici sono di sinistra e faccio attivismo tutto il tempo, vivo in una bolla che mi consente di ignorare, a livello quotidiano e interpersonale, quanto la societ\u00e0 israeliana stia attraversando un processo di radicalizzazione fascista.<\/span><\/span> <span class=\"jCAhz ChMk0b\"><span class=\"ryNqvb\">Tuttavia, penso che ce la far\u00f2: posso stare con me stessa, leggere, scrivere e ascoltare musica tutto il giorno.<\/span><\/span> <span class=\"jCAhz ChMk0b\"><span class=\"ryNqvb\">Onestamente, sembra una grande svolta.<\/span><\/span><\/p>\n<p><span class=\"jCAhz ChMk0b\"><span class=\"ryNqvb\">La vera paura riguarda ci\u00f2 che accade fuori dalla prigione.<\/span><\/span> <span class=\"jCAhz ChMk0b\"><span class=\"ryNqvb\">C&#8217;\u00e8 un pericolo sociale in prigione, soprattutto nel mio caso, perch\u00e9 sono trans e gli uomini tendono a essere violenti nei nostri confronti.<\/span><\/span> <span class=\"jCAhz ChMk0b\"><span class=\"ryNqvb\">Ma nel complesso, la prigione militare \u00e8 un ambiente molto controllato, non c&#8217;\u00e8 molta violenza fisica.<\/span><\/span> <span class=\"jCAhz ChMk0b\"><span class=\"ryNqvb\">Fuori, per\u00f2, dopo interviste come questa, \u00e8 preoccupante che persone della mia scuola o del mio passato che gi\u00e0 mi conoscono possano far trapelare delle cose, o che le persone mi riconoscano per strada o alle proteste, o vengano a cercarmi.<\/span><\/span><\/p>\n<p><strong><span class=\"jCAhz ChMk0b\"><span class=\"ryNqvb\">Quali libri e musica porterai in prigione?<\/span><\/span><\/strong><\/p>\n<p><span class=\"jCAhz ChMk0b\"><span class=\"ryNqvb\">Sto davvero cercando un libro che ho iniziato a leggere in PDF ma che non riesco a trovare: &#8220;Homo Sacer&#8221; di Giorgio Agamben.<\/span><\/span> <span class=\"jCAhz ChMk0b\"><span class=\"ryNqvb\">Porter\u00f2 anche &#8220;Pensieri sulla pace in un raid aereo&#8221; di Virginia Woolf e &#8220;Narciso e Boccadoro&#8221; di Hermann Hesse.<\/span><\/span> <span class=\"jCAhz\"><span class=\"ryNqvb\">Ho bisogno di un po&#8217; di narrativa;<\/span><\/span> <span class=\"jCAhz ChMk0b\"><span class=\"ryNqvb\">non posso leggere solo teoria tutto il tempo.<\/span><\/span> <span class=\"jCAhz ChMk0b\"><span class=\"ryNqvb\">Amo la filosofia, ma immagino che avr\u00f2 bisogno di una via di fuga l\u00ec.<\/span><\/span><\/p>\n<p><span class=\"jCAhz ChMk0b\"><span class=\"ryNqvb\">[Elam, l&#8217;avvocato di Keidar Greenberg, ha detto a +972 dopo il suo ingresso in prigione che le guardie le hanno confiscato i libri in inglese, sostenendo che sono ammessi solo libri in ebraico, cos\u00ec come la sua copia in ebraico di &#8220;Nostra Signora dei Fiori&#8221;, di Jean Genet, a causa del sedere nudo del bambino sulla copertina.]<\/span><\/span><\/p>\n<p>&nbsp;<\/p>\n<div id=\"ow33\"><\/div>\n<\/div>\n<div class=\"UdTY9 WdefRb\" aria-hidden=\"true\" data-location=\"2\"><\/div>\n<\/div>\n<div class=\"UdTY9 WdefRb\" aria-hidden=\"true\" data-location=\"2\"><\/div>\n<div class=\"UdTY9 WdefRb\" aria-hidden=\"true\" data-location=\"2\"><\/div>\n","protected":false},"excerpt":{"rendered":"<p>24 marzo 2025 \u2018When our grandchildren ask about the genocide, I\u2019ll say I refused&#8217; Ella Keidar Greenberg, transgender obiettrice, spiega perch\u00e9 la prigione \u00e8 un piccolo prezzo da pagare nella lotta contro l&#8217;occupazione e il patriarcato israeliani. La scorsa settimana, &hellip; <a href=\"https:\/\/reteitalianaism.it\/reteism\/index.php\/2025\/03\/31\/quando-i-nostri-nipoti-ci-chiederanno-cosa-abbiamo-fatto-durante-il-genocidio-diro-che-mi-sono-rifiutato\/\">Continue reading <span class=\"meta-nav\">&rarr;<\/span><\/a><\/p>\n","protected":false},"author":6,"featured_media":0,"comment_status":"open","ping_status":"open","sticky":false,"template":"","format":"standard","meta":{"footnotes":""},"categories":[3],"tags":[9,578,592,179,1000,37],"class_list":["post-22067","post","type-post","status-publish","format-standard","hentry","category-info","tag-apartheid","tag-carcerati","tag-esercito","tag-genocidio","tag-obiettori","tag-occupazione"],"_links":{"self":[{"href":"https:\/\/reteitalianaism.it\/reteism\/index.php\/wp-json\/wp\/v2\/posts\/22067","targetHints":{"allow":["GET"]}}],"collection":[{"href":"https:\/\/reteitalianaism.it\/reteism\/index.php\/wp-json\/wp\/v2\/posts"}],"about":[{"href":"https:\/\/reteitalianaism.it\/reteism\/index.php\/wp-json\/wp\/v2\/types\/post"}],"author":[{"embeddable":true,"href":"https:\/\/reteitalianaism.it\/reteism\/index.php\/wp-json\/wp\/v2\/users\/6"}],"replies":[{"embeddable":true,"href":"https:\/\/reteitalianaism.it\/reteism\/index.php\/wp-json\/wp\/v2\/comments?post=22067"}],"version-history":[{"count":2,"href":"https:\/\/reteitalianaism.it\/reteism\/index.php\/wp-json\/wp\/v2\/posts\/22067\/revisions"}],"predecessor-version":[{"id":22077,"href":"https:\/\/reteitalianaism.it\/reteism\/index.php\/wp-json\/wp\/v2\/posts\/22067\/revisions\/22077"}],"wp:attachment":[{"href":"https:\/\/reteitalianaism.it\/reteism\/index.php\/wp-json\/wp\/v2\/media?parent=22067"}],"wp:term":[{"taxonomy":"category","embeddable":true,"href":"https:\/\/reteitalianaism.it\/reteism\/index.php\/wp-json\/wp\/v2\/categories?post=22067"},{"taxonomy":"post_tag","embeddable":true,"href":"https:\/\/reteitalianaism.it\/reteism\/index.php\/wp-json\/wp\/v2\/tags?post=22067"}],"curies":[{"name":"wp","href":"https:\/\/api.w.org\/{rel}","templated":true}]}}