{"id":22105,"date":"2025-04-09T11:26:50","date_gmt":"2025-04-09T09:26:50","guid":{"rendered":"http:\/\/reteitalianaism.it\/reteism\/?p=22105"},"modified":"2025-04-09T11:27:37","modified_gmt":"2025-04-09T09:27:37","slug":"22105","status":"publish","type":"post","link":"https:\/\/reteitalianaism.it\/reteism\/index.php\/2025\/04\/09\/22105\/","title":{"rendered":"A Masafer Yatta abbiamo bisogno di pi\u00f9 che premi: abbiamo bisogno di protezione"},"content":{"rendered":"<p>8 aprile 2025 &#8211; di <a href=\"https:\/\/www.972mag.com\/writer\/ahmad-nawajah\/\">Ahmad Nawajah<\/a><\/p>\n<p><a href=\"https:\/\/www.972mag.com\/susiya-masafer-yatta-oscars-protection\/\">In Masafer Yatta, we need more than awards \u2014 we need protection<\/a><\/p>\n<p><em><span class=\"jCAhz ChMk0b\"><span class=\"ryNqvb\">&#8220;No Other Land&#8221; ha esposto il mondo alla nostra lotta.<\/span><\/span> <span class=\"jCAhz ChMk0b\"><span class=\"ryNqvb\">Ma mentre coloni e soldati intensificano i loro attacchi dopo gli Oscar, la nostra esistenza \u00e8 appesa a un filo.<\/span><\/span><\/em><\/p>\n<div id=\"attachment_22106\" style=\"width: 446px\" class=\"wp-caption aligncenter\"><a href=\"http:\/\/reteitalianaism.it\/reteism\/wp-content\/uploads\/2025\/04\/1.jpg\"><img loading=\"lazy\" decoding=\"async\" aria-describedby=\"caption-attachment-22106\" class=\" wp-image-22106\" src=\"http:\/\/reteitalianaism.it\/reteism\/wp-content\/uploads\/2025\/04\/1-300x201.jpg\" alt=\"\" width=\"436\" height=\"292\" srcset=\"https:\/\/reteitalianaism.it\/reteism\/wp-content\/uploads\/2025\/04\/1-300x201.jpg 300w, https:\/\/reteitalianaism.it\/reteism\/wp-content\/uploads\/2025\/04\/1-1024x684.jpg 1024w, https:\/\/reteitalianaism.it\/reteism\/wp-content\/uploads\/2025\/04\/1-768x513.jpg 768w, https:\/\/reteitalianaism.it\/reteism\/wp-content\/uploads\/2025\/04\/1.jpg 1200w\" sizes=\"auto, (max-width: 436px) 100vw, 436px\" \/><\/a><p id=\"caption-attachment-22106\" class=\"wp-caption-text\">Ahmad Nawajah con in mano l&#8217;Oscar vinto dal film No Other Land, a Masafer Yatta, nella Cisgiordania occupata, il 25 marzo 2025. (Per gentile concessione della famiglia)<\/p><\/div>\n<p><span class=\"jCAhz ChMk0b\"><span class=\"ryNqvb\">Ripenso spesso al momento in cui abbiamo saputo che &#8220;No Other Land&#8221; aveva vinto un Oscar.<\/span><\/span> <span class=\"jCAhz ChMk0b\"><span class=\"ryNqvb\">Io e i miei cugini saltavamo di gioia, correndo per il nostro villaggio di Susiya, gridando a squarciagola &#8220;L&#8217;Oscar \u00e8 nostro!&#8221;.<\/span><\/span> <span class=\"jCAhz ChMk0b\"><span class=\"ryNqvb\">Ero cos\u00ec orgoglioso di vedere le foto di mio cugino Basel Adra e dei suoi genitori Nasser e Kifah in abiti tradizionali palestinesi sul red carpet.<\/span><\/span> <span class=\"jCAhz ChMk0b\"><span class=\"ryNqvb\">I video della celebrazione organizzata dalla comunit\u00e0 palestinese di Los Angeles per Basel, Hamdan Ballal e mio padre Nasser, che li accompagnava, mi riempivano di orgoglio ancora maggiore.<\/span><\/span> <span class=\"jCAhz ChMk0b\"><span class=\"ryNqvb\">Sapevamo di aver compiuto un potente atto di resistenza non violenta: avevamo fatto s\u00ec che il mondo prestasse attenzione alla violenza di stato che sopportiamo quotidianamente qui a Masafer Yatta.<\/span><\/span><\/p>\n<p><span class=\"jCAhz ChMk0b\"><span class=\"ryNqvb\">A Susiya, dove ho vissuto tutta la vita, abbiamo subito attacchi da parte dei coloni e delle autorit\u00e0 israeliane per decenni.<\/span><\/span> <span class=\"jCAhz ChMk0b\"><span class=\"ryNqvb\">Mio padre, Nasser Nawajah, \u00e8 nato a Khirbet Susiya, la nostra terra ancestrale che si trova dall&#8217;altra parte della strada rispetto a dove viviamo ora.<\/span><\/span> <span class=\"jCAhz ChMk0b\"><span class=\"ryNqvb\">Nel 1983, sul nostro territorio fu fondato l&#8217;insediamento israeliano di Susya;<\/span><\/span> <span class=\"jCAhz ChMk0b\"><span class=\"ryNqvb\">tre anni dopo, il governo israeliano espulse tutti i residenti palestinesi di Khirbet Susiya dopo la scoperta di un&#8217;antica sinagoga, un comodo pretesto per la pulizia etnica.<\/span><\/span><!--more--><\/p>\n<p><span class=\"jCAhz ChMk0b\"><span class=\"ryNqvb\">Da allora, siamo stati costretti a ricostruire Susiya pi\u00f9 volte, cercando di rimanere il pi\u00f9 possibile vicini alle nostre terre ancestrali.<\/span><\/span> <span class=\"jCAhz ChMk0b\"><span class=\"ryNqvb\">Ma oggi il governo e i coloni stanno cercando di espellerci ancora pi\u00f9 lontano, nella citt\u00e0 palestinese di Yatta.<\/span><\/span> <span class=\"jCAhz\"><span class=\"ryNqvb\">Non \u00e8 una coincidenza;<\/span><\/span> <span class=\"jCAhz ChMk0b\"><span class=\"ryNqvb\">il loro obiettivo \u00e8 costringerci a lasciare l&#8217;Area C, sotto il totale controllo militare e civile israeliano, e a trasferirci nell&#8217;Area A, amministrata dall&#8217;Autorit\u00e0 Nazionale Palestinese.<\/span><\/span> <span class=\"jCAhz ChMk0b\"><span class=\"ryNqvb\">In altre parole, Israele vuole concentrarci in poche piccole enclave urbane circondate da insediamenti.<\/span><\/span><\/p>\n<p><span class=\"jCAhz ChMk0b\"><span class=\"ryNqvb\">Mai nella mia vita ho sentito la brama del governo e dei coloni di espellerci con tanta intensit\u00e0 come in queste ultime settimane.<\/span><\/span> <span class=\"jCAhz ChMk0b\"><span class=\"ryNqvb\">Da quando Hamdan e mio padre sono tornati dalla cerimonia degli Oscar a Los Angeles all&#8217;inizio di marzo, Susiya ha subito attacchi incessanti, ogni giorno pi\u00f9 brutali del precedente.<\/span><\/span> <span class=\"jCAhz ChMk0b\"><span class=\"ryNqvb\">Quando i coloni sono arrivati \u200b\u200be hanno distrutto una telecamera a circuito chiuso nel nostro villaggio una settimana prima dell&#8217;ultima violenza, ho pensato che fosse un presagio di qualcosa di molto peggiore.<\/span><\/span><\/p>\n<div id=\"attachment_22107\" style=\"width: 420px\" class=\"wp-caption aligncenter\"><a href=\"http:\/\/reteitalianaism.it\/reteism\/wp-content\/uploads\/2025\/04\/2.jpg\"><img loading=\"lazy\" decoding=\"async\" aria-describedby=\"caption-attachment-22107\" class=\" wp-image-22107\" src=\"http:\/\/reteitalianaism.it\/reteism\/wp-content\/uploads\/2025\/04\/2-300x200.jpg\" alt=\"\" width=\"410\" height=\"273\" srcset=\"https:\/\/reteitalianaism.it\/reteism\/wp-content\/uploads\/2025\/04\/2-300x200.jpg 300w, https:\/\/reteitalianaism.it\/reteism\/wp-content\/uploads\/2025\/04\/2-1024x683.jpg 1024w, https:\/\/reteitalianaism.it\/reteism\/wp-content\/uploads\/2025\/04\/2-768x512.jpg 768w, https:\/\/reteitalianaism.it\/reteism\/wp-content\/uploads\/2025\/04\/2.jpg 1280w\" sizes=\"auto, (max-width: 410px) 100vw, 410px\" \/><\/a><p id=\"caption-attachment-22107\" class=\"wp-caption-text\">Un parabrezza in frantumi dopo l&#8217;attacco di un colono israeliano a Susiya, nella Cisgiordania occupata, il 25 marzo 2025. (Oren Ziv)<\/p><\/div>\n<p class=\"lRu31\" dir=\"ltr\"><span class=\"HwtZe\" lang=\"it\"><span class=\"jCAhz ChMk0b\"><span class=\"ryNqvb\"><strong>Il gioco crudele dell&#8217;occupazione<\/strong><br \/>\nIl 2 marzo, la stessa mattina in cui ballavo di gioia, mi sono ritrovata a correre per salvarmi la vita verso sera.<\/span><\/span> <span class=\"jCAhz ChMk0b\"><span class=\"ryNqvb\">Era il secondo giorno di Ramadan e stavo digiunando.<\/span><\/span> <span class=\"jCAhz ChMk0b\"><span class=\"ryNqvb\">Mentre mi sedevo per l&#8217;Iftar, giunse la notizia di un colono a casa del nostro vicino.<\/span><\/span> <span class=\"jCAhz ChMk0b\"><span class=\"ryNqvb\">Ci precipitammo a vedere cosa stesse succedendo, solo per scoprire non uno, ma una folla di 15 coloni che si spostavano di casa in casa rompendo le finestre, prima di distruggere l&#8217;auto di un attivista solidale.<\/span><\/span><span class=\"jCAhz ChMk0b\"><span class=\"ryNqvb\"> Ho quasi pianto mentre guardavo cosa stava succedendo.<\/span><\/span> <\/span><span class=\"HwtZe\" lang=\"it\"><span class=\"jCAhz ChMk0b\"><span class=\"ryNqvb\">Esausto e affamato, non avendo mangiato per tutto il giorno, corsi di casa in casa per controllare tutti.<\/span><\/span> <span class=\"jCAhz ChMk0b\"><span class=\"ryNqvb\">Ma per quanto si sforzassero, nemmeno i coloni riuscirono a spegnere la gioia di quel giorno.<\/span><\/span> <\/span><\/p>\n<p class=\"lRu31\" dir=\"ltr\"><span class=\"HwtZe\" lang=\"it\"><span class=\"jCAhz ChMk0b\"><span class=\"ryNqvb\">Solo un paio di settimane dopo, il 17 marzo, subimmo l&#8217;ennesimo attacco da parte dei coloni.<\/span><\/span> <span class=\"jCAhz ChMk0b\"><span class=\"ryNqvb\">Mio padre stava pascolando le sue pecore nella valle sotto il nostro villaggio quando, all&#8217;improvviso, Shem Tov Lusky, un colono che terrorizza la nostra comunit\u00e0 da anni, apparve brandendo un coltello.<\/span><\/span> <span class=\"jCAhz ChMk0b\"><span class=\"ryNqvb\">Presto, altri coloni, molti dei quali mascherati, si sono riversati nella zona e hanno iniziato a lanciare pietre contro i residenti palestinesi e gli attivisti internazionali presenti per proteggerli.<\/span><\/span><span class=\"jCAhz ChMk0b\"><span class=\"ryNqvb\"> Abbiamo chiamato immediatamente la polizia.<\/span><\/span> <span class=\"jCAhz ChMk0b\"><span class=\"ryNqvb\">Quando gli agenti sono arrivati \u200b\u200binsieme ad alcuni soldati, i coloni si sono dispersi.<\/span><\/span> <span class=\"jCAhz ChMk0b\"><span class=\"ryNqvb\">Mio padre si \u00e8 avvicinato per spiegare l&#8217;accaduto, aspettandosi che gli agenti li inseguissero.<\/span><\/span> <span class=\"jCAhz ChMk0b\"><span class=\"ryNqvb\">Invece, un agente lo ha afferrato per una spalla, lo ha costretto a salire in macchina e se n&#8217;\u00e8 andato.<\/span><\/span> <span class=\"jCAhz ChMk0b\"><span class=\"ryNqvb\">Mia sorella Dalia, di 5 anni, ha assistito a tutto ed \u00e8 scoppiata a piangere.<\/span><\/span> <span class=\"jCAhz ChMk0b\"><span class=\"ryNqvb\">Per fortuna, l&#8217;auto della polizia ha fatto inversione dopo un breve tratto e lo ha liberato.<\/span><\/span> <\/span><\/p>\n<p class=\"lRu31\" dir=\"ltr\"><span class=\"HwtZe\" lang=\"it\"><span class=\"jCAhz ChMk0b\"><span class=\"ryNqvb\">Questo \u00e8 il crudele gioco dell&#8217;occupazione: per aver avuto l&#8217;audacia di aspettarsi che la polizia ci proteggesse, mio \u200b\u200bpadre ha quasi perso la libert\u00e0.<\/span><\/span><span class=\"jCAhz ChMk0b\"><span class=\"ryNqvb\"> Il terzo attacco \u00e8 avvenuto la sera del 25 marzo. Mia madre, Dalia ed io eravamo andati a rompere il digiuno del Ramadan da alcuni parenti ad At-Tuwani, un villaggio vicino, mentre mio padre e i miei altri due fratelli sono rimasti a casa a Susiya.<\/span><\/span><\/span><\/p>\n<div class=\"OvtS8d\"><\/div>\n<div id=\"ow30\">\n<div id=\"attachment_22108\" style=\"width: 481px\" class=\"wp-caption aligncenter\"><a href=\"http:\/\/reteitalianaism.it\/reteism\/wp-content\/uploads\/2025\/04\/3.jpg\"><img loading=\"lazy\" decoding=\"async\" aria-describedby=\"caption-attachment-22108\" class=\" wp-image-22108\" src=\"http:\/\/reteitalianaism.it\/reteism\/wp-content\/uploads\/2025\/04\/3-300x200.jpg\" alt=\"\" width=\"471\" height=\"314\" srcset=\"https:\/\/reteitalianaism.it\/reteism\/wp-content\/uploads\/2025\/04\/3-300x200.jpg 300w, https:\/\/reteitalianaism.it\/reteism\/wp-content\/uploads\/2025\/04\/3-1024x682.jpg 1024w, https:\/\/reteitalianaism.it\/reteism\/wp-content\/uploads\/2025\/04\/3-768x512.jpg 768w, https:\/\/reteitalianaism.it\/reteism\/wp-content\/uploads\/2025\/04\/3-1536x1024.jpg 1536w, https:\/\/reteitalianaism.it\/reteism\/wp-content\/uploads\/2025\/04\/3.jpg 2000w\" sizes=\"auto, (max-width: 471px) 100vw, 471px\" \/><\/a><p id=\"caption-attachment-22108\" class=\"wp-caption-text\">Ahmad tiene in braccio la sorella Dalia, il 4 gennaio 2023. (Omri Eran \\ Activestills)<\/p><\/div>\n<p><span class=\"jCAhz ChMk0b\"><span class=\"ryNqvb\">Ci eravamo appena seduti a mangiare quando la notizia di un attacco di coloni vicino a casa nostra mi \u00e8 apparsa sul telefono.<\/span><\/span> <span class=\"jCAhz ChMk0b\"><span class=\"ryNqvb\">Il mio primo istinto \u00e8 stato quello di tornare subito, ma sapevo che, da giovane palestinese, sarei stato un bersaglio facile per i soldati e i coloni israeliani e avrei rischiato la vita.<\/span><\/span> <span class=\"jCAhz ChMk0b\"><span class=\"ryNqvb\">Dopotutto, sanno che qui a Masafer Yatta siamo il futuro della resistenza non violenta.<\/span><\/span><span class=\"jCAhz ChMk0b\"><span class=\"ryNqvb\"> Il mio amico Qassam ha 17 anni, come me.<\/span><\/span> <span class=\"jCAhz ChMk0b\"><span class=\"ryNqvb\">Quella notte stava rompendo il digiuno a casa di Hamdan Ballal, suo zio, quando dei coloni si sono presentati sulla soglia.<\/span><\/span> <span class=\"jCAhz ChMk0b\"><span class=\"ryNqvb\">Li ha visti picchiare selvaggiamente Hamdan.<\/span><\/span> <span class=\"jCAhz ChMk0b\"><span class=\"ryNqvb\">&#8220;C&#8217;era sangue sulla sua testa e per terra&#8221;, mi ha detto.<\/span><\/span><span class=\"jCAhz ChMk0b\"><span class=\"ryNqvb\"> Quando la polizia e l&#8217;esercito sono arrivati, Qassam temeva per suo zio e voleva rimanere con lui, ma gli adulti gli hanno detto di scappare il pi\u00f9 velocemente possibile per evitare di essere arrestato con false accuse, come l&#8217;esercito tende a fare con i giovani qui.<\/span><\/span> <span class=\"jCAhz ChMk0b\"><span class=\"ryNqvb\">Pi\u00f9 tardi quella notte, \u00e8 esattamente quello che \u00e8 successo ad Hamdan.<\/span><\/span><span class=\"jCAhz ChMk0b\"><span class=\"ryNqvb\"> Quella notte presi la difficile decisione di restare ad At-Tuwani, mentre mia madre e mia sorella partivano per Susiya.<\/span><\/span> <span class=\"jCAhz\"><span class=\"ryNqvb\">Ci salutammo, ma non riuscivo a dormire;<\/span><\/span> <span class=\"jCAhz ChMk0b\"><span class=\"ryNqvb\">continuavo a pensare ad Hamdan, Khaled, Nasser e a tutti gli altri a Susiya, sperando che stessero bene.<\/span><\/span> <span class=\"jCAhz ChMk0b\"><span class=\"ryNqvb\">Stare lontano da casa in quel momento, anche solo per un giorno, era straziante.<\/span><\/span><\/p>\n<p><strong><span class=\"jCAhz ChMk0b\"><span class=\"ryNqvb\">Quando arriver\u00e0 il nostro turno?<\/span><\/span><\/strong><span class=\"jCAhz ChMk0b\"><span class=\"ryNqvb\"><br \/>\nQuando Basel, nel suo discorso di accettazione dell&#8217;Oscar, ha espresso la speranza che la figlia di due mesi avrebbe avuto una vita migliore della sua, senza &#8220;violenza, demolizioni di case e sfollamenti forzati&#8221;, mi ha profondamente colpito.<\/span><\/span> <span class=\"jCAhz ChMk0b\"><span class=\"ryNqvb\">Le mie sorelle, di 12 e 5 anni, meritano una vita di sicurezza e libert\u00e0: poter andare a scuola e dormire a casa in pace.<\/span><\/span><span class=\"jCAhz ChMk0b\"><span class=\"ryNqvb\"> Ogni sera vado a letto piena di incertezza, quasi aspettandomi che arrivino i soldati ad arrestare uno di noi, o che i coloni vengano a distruggere la nostra casa e i nostri beni.<\/span><\/span> <span class=\"jCAhz ChMk0b\"><span class=\"ryNqvb\">Guardo le forze di occupazione demolire regolarmente le case nei villaggi vicini \u2013 a Umm Al-Khair, Khallet A-Daba&#8217; e Al-Jawaya \u2013 e mi chiedo quando arriver\u00e0 il nostro turno.<\/span><\/span><\/p>\n<div id=\"attachment_22109\" style=\"width: 453px\" class=\"wp-caption aligncenter\"><a href=\"http:\/\/reteitalianaism.it\/reteism\/wp-content\/uploads\/2025\/04\/4.jpg\"><img loading=\"lazy\" decoding=\"async\" aria-describedby=\"caption-attachment-22109\" class=\" wp-image-22109\" src=\"http:\/\/reteitalianaism.it\/reteism\/wp-content\/uploads\/2025\/04\/4-300x200.jpg\" alt=\"\" width=\"443\" height=\"295\" srcset=\"https:\/\/reteitalianaism.it\/reteism\/wp-content\/uploads\/2025\/04\/4-300x200.jpg 300w, https:\/\/reteitalianaism.it\/reteism\/wp-content\/uploads\/2025\/04\/4-1024x683.jpg 1024w, https:\/\/reteitalianaism.it\/reteism\/wp-content\/uploads\/2025\/04\/4-768x512.jpg 768w, https:\/\/reteitalianaism.it\/reteism\/wp-content\/uploads\/2025\/04\/4-1536x1024.jpg 1536w, https:\/\/reteitalianaism.it\/reteism\/wp-content\/uploads\/2025\/04\/4.jpg 2048w\" sizes=\"auto, (max-width: 443px) 100vw, 443px\" \/><\/a><p id=\"caption-attachment-22109\" class=\"wp-caption-text\">Le forze israeliane demoliscono un complesso di propriet\u00e0 di una famiglia palestinese, composto da due roulotte e quattro tende, nel villaggio di Umm Al-Kheir, nella Cisgiordania occupata, a Masafer Yatta, il 14 agosto 2024. (Basel Adra\/Activestills)<\/p><\/div>\n<p><span class=\"jCAhz ChMk0b\"><span class=\"ryNqvb\">Susiya non \u00e8 stata l&#8217;unica comunit\u00e0 di Masafer Yatta a essere violentemente ricordata della propria fragile esistenza dopo che &#8220;No Other Land&#8221; ha vinto l&#8217;Oscar.<\/span><\/span> <span class=\"jCAhz ChMk0b\"><span class=\"ryNqvb\">Lo stesso giorno, le autorit\u00e0 hanno emesso un ordine di demolizione per la &#8220;Scuola della Palestina&#8221; di Jorat Al-Jamal.<\/span><\/span> <span class=\"jCAhz ChMk0b\"><span class=\"ryNqvb\">Se la scuola venisse distrutta, i suoi 140 studenti sarebbero costretti a studiare lontano, a Yatta, o a rinunciare del tutto agli studi.<\/span><\/span><span class=\"jCAhz ChMk0b\"><span class=\"ryNqvb\"> Mio cugino frequenta la quinta e ultima elementare in questa scuola e vive proprio accanto.<\/span><\/span> <span class=\"jCAhz ChMk0b\"><span class=\"ryNqvb\">Ha sentito la notizia dell&#8217;ordine di demolizione mentre era seduto in classe.<\/span><\/span> <span class=\"jCAhz ChMk0b\"><span class=\"ryNqvb\">&#8220;Non so cosa ne sar\u00e0 della mia vita accademica se la scuola verr\u00e0 distrutta&#8221;, mi ha detto.<\/span><\/span> <span class=\"jCAhz ChMk0b\"><span class=\"ryNqvb\">&#8220;Le altre scuole di Yatta sono molto lontane&#8221;.<\/span><\/span> <span class=\"jCAhz ChMk0b\"><span class=\"ryNqvb\">Quando Khader Nawajah, il segretario della scuola, ha saputo dell&#8217;ordine, ha immediatamente sporto denuncia alla stazione di polizia dell&#8217;insediamento israeliano di Kiryat Arba.<\/span><\/span> <span class=\"jCAhz ChMk0b\"><span class=\"ryNqvb\">&#8220;Sono davvero sconvolto, perch\u00e9 \u00e8 l&#8217;unica scuola della zona&#8221;, mi ha detto.<\/span><\/span> <span class=\"jCAhz ChMk0b\"><span class=\"ryNqvb\">&#8220;Sono orgoglioso della scuola e dell&#8217;istruzione che offre: rafforza la determinazione della prossima generazione&#8221;.<\/span><\/span><span class=\"jCAhz ChMk0b\"><span class=\"ryNqvb\"> In risposta all&#8217;inchiesta di +972, il Coordinatore delle Attivit\u00e0 Governative nei Territori (COGAT) dell&#8217;esercito ha dichiarato che la scuola &#8220;\u00e8 stata costruita senza autorizzazione e in violazione della legge&#8221;, omettendo di menzionare che Israele nega i permessi di costruzione ai palestinesi nell&#8217;Area C nel 95% dei casi.<\/span><\/span><\/p>\n<p><span class=\"jCAhz ChMk0b\"><span class=\"ryNqvb\"><strong>Abbiamo bisogno dell&#8217;attenzione del mondo.<\/strong><br \/>\nSono stato negli Stati Uniti due volte per testimoniare sulla violenza, le molestie e le demolizioni di case che subiamo quotidianamente come ragazzi che vivono a Masafer Yatta.<\/span><\/span> <span class=\"jCAhz ChMk0b\"><span class=\"ryNqvb\">Durante la mia visita pi\u00f9 recente, nel settembre 2024, sono andato a Washington per incontrare i deputati Rashida Tlaib e Mark Pocan, insieme a studenti universitari e leader della comunit\u00e0 interreligiosa.<\/span><\/span> <span class=\"jCAhz ChMk0b\"><span class=\"ryNqvb\">Molti hanno empatizzato con il nostro dolore e hanno utilizzato le loro piattaforme pubbliche per denunciare la pulizia etnica dei palestinesi a Masafer Yatta e in tutta la Cisgiordania.<\/span><\/span><\/p>\n<div id=\"attachment_22111\" style=\"width: 441px\" class=\"wp-caption aligncenter\"><a href=\"http:\/\/reteitalianaism.it\/reteism\/wp-content\/uploads\/2025\/04\/5.jpg\"><img loading=\"lazy\" decoding=\"async\" aria-describedby=\"caption-attachment-22111\" class=\" wp-image-22111\" src=\"http:\/\/reteitalianaism.it\/reteism\/wp-content\/uploads\/2025\/04\/5-300x226.jpg\" alt=\"\" width=\"431\" height=\"325\" srcset=\"https:\/\/reteitalianaism.it\/reteism\/wp-content\/uploads\/2025\/04\/5-300x226.jpg 300w, https:\/\/reteitalianaism.it\/reteism\/wp-content\/uploads\/2025\/04\/5.jpg 720w\" sizes=\"auto, (max-width: 431px) 100vw, 431px\" \/><\/a><p id=\"caption-attachment-22111\" class=\"wp-caption-text\">Ahmad Nawajah durante un viaggio negli Stati Uniti per sensibilizzare l&#8217;opinione pubblica sulla violenza israeliana contro i palestinesi a Masafer Yatta, Washington D.C., settembre 2024. (Per gentile concessione della famiglia)<\/p><\/div>\n<\/div>\n<p class=\"lRu31\" dir=\"ltr\"><span class=\"HwtZe\" lang=\"it\"><span class=\"jCAhz ChMk0b\"><span class=\"ryNqvb\">Un anno dopo, &#8220;No Other Land&#8221; ha aperto gli occhi della gente sulla nostra lotta su una scala molto pi\u00f9 ampia di quanto avrebbero mai potuto fare pochi incontri con singoli membri del Congresso e leader della comunit\u00e0.<\/span><\/span> <span class=\"jCAhz JpY6Fd\"><span class=\"ryNqvb\">Ma questo non \u00e8 ancora sufficiente.<\/span><\/span> <span class=\"jCAhz ChMk0b\"><span class=\"ryNqvb\">La gente del mondo deve continuare a osservare ci\u00f2 che sta accadendo a Masafer Yatta e condividere ci\u00f2 che vede.<\/span><\/span> <span class=\"jCAhz ChMk0b\"><span class=\"ryNqvb\">Abbiamo bisogno dell&#8217;attenzione del mondo, non solo quando vinciamo, ma anche, e forse pi\u00f9 che mai, quando soffriamo.<\/span><\/span> <\/span><\/p>\n<p class=\"lRu31\" dir=\"ltr\"><span class=\"HwtZe\" lang=\"it\"><span class=\"jCAhz ChMk0b\"><span class=\"ryNqvb\">Quando mio padre torn\u00f2 a casa dalla cerimonia di premiazione a Los Angeles, dovette passare in aereo attraverso la Giordania.<\/span><\/span> <span class=\"jCAhz\"><span class=\"ryNqvb\">Ad Amman, mi compr\u00f2 un libro di storia palestinese.<\/span><\/span> <span class=\"jCAhz ChMk0b\"><span class=\"ryNqvb\">Mentre lo leggevo, rimasi stupito nel trovare il mio cognome in una lista di coloro che avevano vissuto su questa terra, qui a Susiya, durante il Mandato britannico.<\/span><\/span><span class=\"jCAhz JpY6Fd\"><span class=\"ryNqvb\"> Vedere questa prova chiara e documentata che siamo qui da generazioni significava tutto.<\/span><\/span> <span class=\"jCAhz ChMk0b\"><span class=\"ryNqvb\">Soprattutto ora, che Israele continua a cercare di demolire le nostre case, radere al suolo le nostre scuole, schiacciare il nostro spirito e cancellare noi stessi \u2013 sia la nostra storia che il nostro futuro.<\/span><\/span><\/span><\/p>\n<div class=\"OvtS8d\"><\/div>\n<div id=\"ow41\"><\/div>\n<div class=\"UdTY9 WdefRb\" aria-hidden=\"true\" data-location=\"2\"><\/div>\n<div class=\"UdTY9 WdefRb\" aria-hidden=\"true\" data-location=\"2\"><\/div>\n<p>&nbsp;<\/p>\n","protected":false},"excerpt":{"rendered":"<p>8 aprile 2025 &#8211; di Ahmad Nawajah In Masafer Yatta, we need more than awards \u2014 we need protection &#8220;No Other Land&#8221; ha esposto il mondo alla nostra lotta. Ma mentre coloni e soldati intensificano i loro attacchi dopo gli &hellip; <a href=\"https:\/\/reteitalianaism.it\/reteism\/index.php\/2025\/04\/09\/22105\/\">Continue reading <span class=\"meta-nav\">&rarr;<\/span><\/a><\/p>\n","protected":false},"author":6,"featured_media":0,"comment_status":"open","ping_status":"open","sticky":false,"template":"","format":"standard","meta":{"footnotes":""},"categories":[3],"tags":[169,452,179,345,981,980],"class_list":["post-22105","post","type-post","status-publish","format-standard","hentry","category-info","tag-coloni","tag-firing-zone-918","tag-genocidio","tag-masafer-yatta","tag-no-other-land","tag-susya"],"_links":{"self":[{"href":"https:\/\/reteitalianaism.it\/reteism\/index.php\/wp-json\/wp\/v2\/posts\/22105","targetHints":{"allow":["GET"]}}],"collection":[{"href":"https:\/\/reteitalianaism.it\/reteism\/index.php\/wp-json\/wp\/v2\/posts"}],"about":[{"href":"https:\/\/reteitalianaism.it\/reteism\/index.php\/wp-json\/wp\/v2\/types\/post"}],"author":[{"embeddable":true,"href":"https:\/\/reteitalianaism.it\/reteism\/index.php\/wp-json\/wp\/v2\/users\/6"}],"replies":[{"embeddable":true,"href":"https:\/\/reteitalianaism.it\/reteism\/index.php\/wp-json\/wp\/v2\/comments?post=22105"}],"version-history":[{"count":2,"href":"https:\/\/reteitalianaism.it\/reteism\/index.php\/wp-json\/wp\/v2\/posts\/22105\/revisions"}],"predecessor-version":[{"id":22113,"href":"https:\/\/reteitalianaism.it\/reteism\/index.php\/wp-json\/wp\/v2\/posts\/22105\/revisions\/22113"}],"wp:attachment":[{"href":"https:\/\/reteitalianaism.it\/reteism\/index.php\/wp-json\/wp\/v2\/media?parent=22105"}],"wp:term":[{"taxonomy":"category","embeddable":true,"href":"https:\/\/reteitalianaism.it\/reteism\/index.php\/wp-json\/wp\/v2\/categories?post=22105"},{"taxonomy":"post_tag","embeddable":true,"href":"https:\/\/reteitalianaism.it\/reteism\/index.php\/wp-json\/wp\/v2\/tags?post=22105"}],"curies":[{"name":"wp","href":"https:\/\/api.w.org\/{rel}","templated":true}]}}