{"id":22193,"date":"2025-04-30T15:58:42","date_gmt":"2025-04-30T13:58:42","guid":{"rendered":"http:\/\/reteitalianaism.it\/reteism\/?p=22193"},"modified":"2025-04-30T16:10:29","modified_gmt":"2025-04-30T14:10:29","slug":"oggi-piu-che-mai-dobbiamo-parlare-di-gaza","status":"publish","type":"post","link":"https:\/\/reteitalianaism.it\/reteism\/index.php\/2025\/04\/30\/oggi-piu-che-mai-dobbiamo-parlare-di-gaza\/","title":{"rendered":"Oggi pi\u00f9 che mai dobbiamo parlare di Gaza"},"content":{"rendered":"<p>29 aprile 2025 &#8211; di <a href=\"https:\/\/ronniebarkan.medium.com\/\">Ronnie Barkan<\/a><\/p>\n<p><a href=\"https:\/\/ronniebarkan.medium.com\/today-more-than-ever-we-must-talk-about-gaza-45d1fd739ae3\">Today more than ever \u2014 we must talk about Gaza. | by ronnie barkan | Apr, 2025 | Medium<\/a><\/p>\n<p><strong><span class=\"jCAhz ChMk0b\"><span class=\"ryNqvb\">E lo dico da essere umano.<\/span><\/span> <span class=\"jCAhz ChMk0b\"><span class=\"ryNqvb\">E da figlia di sopravvissuti all&#8217;Olocausto.<\/span><\/span><\/strong><\/p>\n<p><em>Quanto segue \u00e8 stato pubblicato in ebraico da Rona Sela in occasione del Giorno della Memoria dell&#8217;Olocausto in Israele, il 23 aprile 2025. Ecco una traduzione approssimativa:<\/em><\/p>\n<p><span class=\"jCAhz ChMk0b\"><span class=\"ryNqvb\">L&#8217;evento &#8220;Memoria in salotto&#8221; (Zikaron Basalon) fa parte del meccanismo israeliano di negazione.<\/span><\/span> <span class=\"jCAhz ChMk0b\"><span class=\"ryNqvb\">Oggi, per la prima volta, ho partecipato a questo raduno ipocrita, a Tel Aviv, al Mesila Park.<\/span><\/span> <span class=\"jCAhz ChMk0b\"><span class=\"ryNqvb\">Ho pensato: cosa potrebbe essere pi\u00f9 appropriato, nel contesto dell&#8217;Olocausto, che parlare di ci\u00f2 che Israele sta facendo a Gaza?<\/span><\/span> <span class=\"jCAhz ChMk0b\"><span class=\"ryNqvb\">Soprattutto considerando che hanno portato uno studioso del genocidio dell&#8217;Universit\u00e0 di Haifa a parlare dell&#8217;argomento.<\/span><\/span><\/p>\n<p><!--more--><\/p>\n<p><span class=\"jCAhz ChMk0b\"><span class=\"ryNqvb\">Ha parlato del genocidio armeno, del genocidio delle trib\u00f9 Herero e Nama nell&#8217;Africa di inizio XX secolo, e del genocidio di ebrei e rom durante la Seconda Guerra Mondiale.<\/span><\/span> <span class=\"jCAhz ChMk0b\"><span class=\"ryNqvb\">Ha spiegato che il genocidio si verifica tipicamente in un clima di guerra e ha descritto come la gente comune diventi parte del meccanismo di sterminio \u2013 persino i progressisti che in precedenza erano lontani anni luce dalle ideologie omicide.<\/span><\/span> <span class=\"jCAhz ChMk0b\"><span class=\"ryNqvb\">Come, in un breve lasso di tempo, durante una guerra, la gente comune diventi parte del meccanismo del genocidio.<\/span><\/span><\/p>\n<p><span class=\"jCAhz ChMk0b\"><span class=\"ryNqvb\">Ha parlato anche di una compagnia tedesca, il Battaglione 101, che fu inviata a uccidere ebrei in una citt\u00e0 polacca nel 1942. Il comandante del battaglione afferm\u00f2 che l&#8217;ordine di uccidere gli ebrei gli sembrava irragionevole e permise a chi lo desiderava di rinunciare alla missione.<\/span><\/span> <span class=\"jCAhz ChMk0b\"><span class=\"ryNqvb\">Chiese al pubblico: quanti dei 500 si rifiutarono?<\/span><\/span> <span class=\"jCAhz ChMk0b\"><span class=\"ryNqvb\">E poi, per illustrare come il genocidio venga normalizzato, raccont\u00f2 che solo 12 rifiutarono \u2013 12 su 500.<\/span><\/span><\/p>\n<p><span class=\"jCAhz ChMk0b\"><span class=\"ryNqvb\">Durante tutta la lezione, ho continuato a pensare a quanto precisamente stesse descrivendo ci\u00f2 che sta accadendo qui, evitando meticolosamente di affrontare la questione.<\/span><\/span><\/p>\n<p><span class=\"jCAhz\"><span class=\"ryNqvb\">La lezione si \u00e8 conclusa.<\/span><\/span> <span class=\"jCAhz ChMk0b\"><span class=\"ryNqvb\">L&#8217;ho ringraziato e gli ho detto quanto fosse abile nel girare intorno all&#8217;elefante nella stanza, e che sarei stata felice se ne avesse parlato \u2013 di ci\u00f2 che Israele sta facendo a Gaza.<\/span><\/span><\/p>\n<p><span class=\"jCAhz ChMk0b\"><span class=\"ryNqvb\">Naturalmente, ci sono state immediatamente proteste contro di me, e l&#8217;organizzatore mi ha chiesto, &#8220;per rispetto di questa giornata&#8221;, di non parlare dell&#8217;argomento.<\/span><\/span> <span class=\"jCAhz ChMk0b\"><span class=\"ryNqvb\">La risposta del relatore \u00e8 arrivata rapidamente: ha detto che non aveva accennato a nulla di ci\u00f2 che lei (io) stessi dicendo e non aveva cercato di fare alcun paragone del genere.<\/span><\/span><\/p>\n<p><span class=\"jCAhz ChMk0b\"><span class=\"ryNqvb\">La cecit\u00e0, la negazione e la complicit\u00e0 con le atrocit\u00e0 che Israele sta commettendo a Gaza \u2013 da parte della gente comune \u2013 la normalizzazione degli orrori e l&#8217;indifferenza dei colpevoli e della societ\u00e0: questo \u00e8 il veleno che si sta insinuando nella societ\u00e0 israeliana.<\/span><\/span> <span class=\"jCAhz ChMk0b\"><span class=\"ryNqvb\">La avvelener\u00e0 per decenni a venire, in molti ambiti della vita.<\/span><\/span> <span class=\"jCAhz ChMk0b\"><span class=\"ryNqvb\">E tutti ne pagheranno il prezzo.<\/span><\/span><\/p>\n<p><span class=\"jCAhz ChMk0b\"><span class=\"ryNqvb\">E contro questa cecit\u00e0, denuncio ci\u00f2 che sta accadendo l\u00ec.<\/span><\/span> <span class=\"jCAhz\"><span class=\"ryNqvb\">E chiedo perdono.<\/span><\/span> <span class=\"jCAhz ChMk0b\"><span class=\"ryNqvb\">Perdono alle donne e agli uomini di Gaza, ai suoi bambini, alle sue donne, ai suoi neonati, che stanno vivendo i peggiori orrori.<\/span><\/span><span class=\"jCAhz ChMk0b\"><span class=\"ryNqvb\"> Queste scuse, purtroppo, non cambiano nulla della realt\u00e0.<\/span><\/span><\/p>\n<p><span class=\"jCAhz ChMk0b\"><span class=\"ryNqvb\">E se conoscete uno studioso del genocidio dell&#8217;Universit\u00e0 di Haifa, ditegli che dovrebbe prendere in considerazione l&#8217;idea di diventare uno dei 12 che si sono rifiutati, o di cambiare campo di ricerca.<\/span><\/span><\/p>\n<p>&nbsp;<\/p>\n<div id=\"attachment_22194\" style=\"width: 316px\" class=\"wp-caption aligncenter\"><a href=\"http:\/\/reteitalianaism.it\/reteism\/wp-content\/uploads\/2025\/04\/Screenshot-2025-04-30-154840.png\"><img loading=\"lazy\" decoding=\"async\" aria-describedby=\"caption-attachment-22194\" class=\" wp-image-22194\" src=\"http:\/\/reteitalianaism.it\/reteism\/wp-content\/uploads\/2025\/04\/Screenshot-2025-04-30-154840-201x300.png\" alt=\"\" width=\"306\" height=\"457\" srcset=\"https:\/\/reteitalianaism.it\/reteism\/wp-content\/uploads\/2025\/04\/Screenshot-2025-04-30-154840-201x300.png 201w, https:\/\/reteitalianaism.it\/reteism\/wp-content\/uploads\/2025\/04\/Screenshot-2025-04-30-154840-685x1024.png 685w, https:\/\/reteitalianaism.it\/reteism\/wp-content\/uploads\/2025\/04\/Screenshot-2025-04-30-154840.png 700w\" sizes=\"auto, (max-width: 306px) 100vw, 306px\" \/><\/a><p id=\"caption-attachment-22194\" class=\"wp-caption-text\"><a href=\"https:\/\/www.facebook.com\/rona.sela.3\/posts\/23950988117837057?source=post_page-----45d1fd739ae3---------------------------------------\">dal post FB di Rona Selas<\/a><\/p><\/div>\n<p class=\"lRu31\" dir=\"ltr\"><em><span class=\"HwtZe\" lang=\"it\"><span class=\"jCAhz ChMk0b\"><span class=\"ryNqvb\">E la foto, che ho gi\u00e0 pubblicato, \u00e8 un&#8217;immagine del degrado e del decadimento in cui \u00e8 caduta la societ\u00e0 israeliana sotto un regime fascista, corrotto e messianico.<\/span><\/span><span class=\"jCAhz ChMk0b\"><span class=\"ryNqvb\"> E la tomba sar\u00e0 ricoperta, e sul suo suolo sorger\u00e0 un insediamento \u2013 forse un asilo, forse un orto rigoglioso su un terreno &#8220;ricco&#8221; e fertile, o forse solo un parco.<\/span><\/span><span class=\"jCAhz ChMk0b\"><span class=\"ryNqvb\"> E i soldati israeliani scorteranno i bambini dei coloni a scuola e proteggeranno la bella e ben tenuta serra come una sorta di riserva naturale nel cuore di ci\u00f2 che resta dopo il caos, la distruzione e le uccisioni;<\/span><\/span><span class=\"jCAhz ChMk0b\"><span class=\"ryNqvb\"> E da essa emergeranno predoni \u2013 protetti dai soldati \u2013 per intimidire ed espellere i residenti locali, per impedire il pascolo o la coltivazione degli ulivi, per impadronirsi di altra terra.<\/span><\/span><span class=\"jCAhz\"><span class=\"ryNqvb\"> E il ciclo si ripeter\u00e0.<\/span><\/span><\/span><\/em><\/p>\n<div id=\"ow32\"><\/div>\n<p dir=\"ltr\"><em><span class=\"jCAhz\"><span class=\"ryNqvb\">Aggiornamento: la foto \u00e8 di Mohammed Dahman \/ AP.<\/span><\/span> <span class=\"jCAhz ChMk0b\"><span class=\"ryNqvb\">Ecco il link all&#8217;articolo: <a href=\"https:\/\/www.opb.org\/article\/2024\/02\/29\/gaza-s-death-toll-now-exceeds-30000-here-s-why-it-s-an-incomplete-count\/\">https:\/\/www.opb.org\/article\/2024\/02\/29\/gaza-s-death-toll-now-exceeds-30000-here-s-why-it-s-an-incomplete-count\/<\/a><\/span><\/span><\/em><\/p>\n<p dir=\"ltr\"><em><span class=\"jCAhz ChMk0b\"><span class=\"ryNqvb\">Aggiornamento del 30.04.2025<br \/>\nQuesta \u00e8 una risposta al post di Rona su Facebook, da parte della studiosa dell&#8217;Olocausto Dott.ssa Nira Feldman: <\/span><\/span><\/em><\/p>\n<p dir=\"ltr\"><em><span class=\"jCAhz ChMk0b\"><span class=\"ryNqvb\">Ho letto le tue parole.<\/span><\/span> <span class=\"jCAhz ChMk0b\"><span class=\"ryNqvb\">Dure, ma non sorprendenti: una testimonianza del rapido proliferare di rinoceronti nell&#8217;oscurit\u00e0.<\/span><\/span> <span class=\"jCAhz ChMk0b\"><span class=\"ryNqvb\">Per anni ho tenuto conferenze sul negazionismo dell&#8217;Olocausto&#8230; Ci\u00f2 che ha sempre giocato a favore dei negazionisti fin dall&#8217;inizio \u00e8 stato il fatto sfortunato che non sia mai stato trovato alcun ordine scritto di Hitler&#8230; La negazione dell&#8217;assassinio degli ebrei \u00e8 avvenuta immediatamente, proprio mentre veniva eseguito: segretezza, inganno, linguaggio in codice (la Arendt lo defin\u00ec come &#8220;regolare il linguaggio&#8221;), coprire le tracce \u2013 bruciare i corpi e altro ancora.<\/span><\/span><span class=\"jCAhz ChMk0b\"><span class=\"ryNqvb\"> Mi fermo qui per gridare a gran voce che l&#8217;uccisione perpetrata in nostro nome \u00e8 visibile.<\/span><\/span> <span class=\"jCAhz ChMk0b\"><span class=\"ryNqvb\">Dichiarato apertamente nei microfoni con voce risoluta e orgogliosa.<\/span><\/span> <span class=\"jCAhz ChMk0b\"><span class=\"ryNqvb\">I corpi si accumulano e vengono fotografati, e le immagini di distruzione e morte vengono immediatamente pubblicate sui media internazionali \u2013 ma non sui nostri schermi televisivi, per non turbare la pace degli spettatori drogati dal veleno della vendetta, inebriati dalle grida: se lo meritano, sono tutti dannati, annientate Gaza\u2026 Questa non \u00e8 negazione, questa \u00e8 disconoscimento!<\/span><\/span> <span class=\"jCAhz ChMk0b\"><span class=\"ryNqvb\">Hai scritto di cecit\u00e0 \u2013 non \u00e8 cecit\u00e0, ma gioia a occhi spalancati: schadenfreude!<\/span><\/span> <span class=\"jCAhz\"><span class=\"ryNqvb\">Gi\u00e0 nel Libro dei Libri abbiamo imparato: Non gioire quando il tuo nemico cade!<\/span><\/span><span class=\"jCAhz ChMk0b\"><span class=\"ryNqvb\"> Non ignoro, nemmeno per un secondo, il carattere totalmente omicida di Hamas contro di noi \u2013 contro lo Stato ebraico e contro gli ebrei ovunque si trovino.<\/span><\/span> <span class=\"jCAhz ChMk0b\"><span class=\"ryNqvb\">Ma non dobbiamo assomigliargli o guardare con indifferenza l&#8217;uccisione di massa di civili: donne, bambini, neonati, anziani \u2013 la cancellazione di intere famiglie con la semplice pressione di un pulsante per sganciare una bomba \u2013 anche se non tutti ci amano!<\/span><\/span> <span class=\"jCAhz\"><span class=\"ryNqvb\">Siamo diventati come Sodoma?<\/span><\/span> <span class=\"jCAhz\"><span class=\"ryNqvb\">Siamo diventati come Gomorra?<\/span><\/span><\/em><\/p>\n<div class=\"UdTY9 WdefRb\" aria-hidden=\"true\" data-location=\"2\"><\/div>\n","protected":false},"excerpt":{"rendered":"<p>29 aprile 2025 &#8211; di Ronnie Barkan Today more than ever \u2014 we must talk about Gaza. | by ronnie barkan | Apr, 2025 | Medium E lo dico da essere umano. E da figlia di sopravvissuti all&#8217;Olocausto. Quanto segue &hellip; <a href=\"https:\/\/reteitalianaism.it\/reteism\/index.php\/2025\/04\/30\/oggi-piu-che-mai-dobbiamo-parlare-di-gaza\/\">Continue reading <span class=\"meta-nav\">&rarr;<\/span><\/a><\/p>\n","protected":false},"author":6,"featured_media":0,"comment_status":"open","ping_status":"open","sticky":false,"template":"","format":"standard","meta":{"footnotes":""},"categories":[3],"tags":[25,179],"class_list":["post-22193","post","type-post","status-publish","format-standard","hentry","category-info","tag-gaza","tag-genocidio"],"_links":{"self":[{"href":"https:\/\/reteitalianaism.it\/reteism\/index.php\/wp-json\/wp\/v2\/posts\/22193","targetHints":{"allow":["GET"]}}],"collection":[{"href":"https:\/\/reteitalianaism.it\/reteism\/index.php\/wp-json\/wp\/v2\/posts"}],"about":[{"href":"https:\/\/reteitalianaism.it\/reteism\/index.php\/wp-json\/wp\/v2\/types\/post"}],"author":[{"embeddable":true,"href":"https:\/\/reteitalianaism.it\/reteism\/index.php\/wp-json\/wp\/v2\/users\/6"}],"replies":[{"embeddable":true,"href":"https:\/\/reteitalianaism.it\/reteism\/index.php\/wp-json\/wp\/v2\/comments?post=22193"}],"version-history":[{"count":4,"href":"https:\/\/reteitalianaism.it\/reteism\/index.php\/wp-json\/wp\/v2\/posts\/22193\/revisions"}],"predecessor-version":[{"id":22199,"href":"https:\/\/reteitalianaism.it\/reteism\/index.php\/wp-json\/wp\/v2\/posts\/22193\/revisions\/22199"}],"wp:attachment":[{"href":"https:\/\/reteitalianaism.it\/reteism\/index.php\/wp-json\/wp\/v2\/media?parent=22193"}],"wp:term":[{"taxonomy":"category","embeddable":true,"href":"https:\/\/reteitalianaism.it\/reteism\/index.php\/wp-json\/wp\/v2\/categories?post=22193"},{"taxonomy":"post_tag","embeddable":true,"href":"https:\/\/reteitalianaism.it\/reteism\/index.php\/wp-json\/wp\/v2\/tags?post=22193"}],"curies":[{"name":"wp","href":"https:\/\/api.w.org\/{rel}","templated":true}]}}