{"id":22253,"date":"2025-05-14T16:40:57","date_gmt":"2025-05-14T14:40:57","guid":{"rendered":"http:\/\/reteitalianaism.it\/reteism\/?p=22253"},"modified":"2025-06-02T10:19:50","modified_gmt":"2025-06-02T08:19:50","slug":"giornata-di-assalti","status":"publish","type":"post","link":"https:\/\/reteitalianaism.it\/reteism\/index.php\/2025\/05\/14\/giornata-di-assalti\/","title":{"rendered":"Giornata di assalti"},"content":{"rendered":"<p><strong>14 maggio 2025\u00a0 \u00a0 \u00a0 \u00a0 \u00a0 <\/strong><em>\u00a0Team Twani, west bank occupata<\/em><\/p>\n<h3 class=\"p2\" style=\"text-align: justify;\">Il primo assalto a at-Twani, verso met\u00e0 pomeriggio: una banda di coloni anche armati scende da Mahon per assalire a suon di lanci di pietre il villaggio di at-Twani.<\/h3>\n<h3 class=\"p2\" style=\"text-align: justify;\"><span class=\"Apple-converted-space\"><a href=\"http:\/\/reteitalianaism.it\/reteism\/wp-content\/uploads\/2025\/05\/Schermata-2025-05-14-alle-16.28.20.png\"><img loading=\"lazy\" decoding=\"async\" class=\" wp-image-22254 aligncenter\" src=\"http:\/\/reteitalianaism.it\/reteism\/wp-content\/uploads\/2025\/05\/Schermata-2025-05-14-alle-16.28.20-300x131.png\" alt=\"\" width=\"497\" height=\"217\" srcset=\"https:\/\/reteitalianaism.it\/reteism\/wp-content\/uploads\/2025\/05\/Schermata-2025-05-14-alle-16.28.20-300x131.png 300w, https:\/\/reteitalianaism.it\/reteism\/wp-content\/uploads\/2025\/05\/Schermata-2025-05-14-alle-16.28.20-768x336.png 768w, https:\/\/reteitalianaism.it\/reteism\/wp-content\/uploads\/2025\/05\/Schermata-2025-05-14-alle-16.28.20.png 978w\" sizes=\"auto, (max-width: 497px) 100vw, 497px\" \/><br \/>\n<\/a><\/span><\/h3>\n<h3 class=\"p2\" style=\"text-align: justify;\"><span class=\"Apple-converted-space\">Si\u00a0immagina che qualcuno ha risposto al lancio di sassi, ma l\u2019esercito arriva subito, per cui i Palestinesi sono tutti fermi a fare da bersagli, mentre l\u2019esercito comincia a sparare in aria per intimidire tutti. Comunque ci vuole un bel p\u00f2 di tempo a fare smettere i coloni.<br \/>\n<\/span><\/h3>\n<div style=\"width: 640px;\" class=\"wp-video\"><!--[if lt IE 9]><script>document.createElement('video');<\/script><![endif]-->\n<video class=\"wp-video-shortcode\" id=\"video-22253-1\" width=\"640\" height=\"360\" preload=\"metadata\" controls=\"controls\"><source type=\"video\/mp4\" src=\"http:\/\/reteitalianaism.it\/reteism\/wp-content\/uploads\/2025\/05\/twani.mp4?_=1\" \/><a href=\"http:\/\/reteitalianaism.it\/reteism\/wp-content\/uploads\/2025\/05\/twani.mp4\">http:\/\/reteitalianaism.it\/reteism\/wp-content\/uploads\/2025\/05\/twani.mp4<\/a><\/video><\/div>\n<p class=\"p2\" style=\"text-align: justify;\">Viene attaccato un gregge, i coloni usano anche le fionde, ci dicono che ormai contano su un gruppo di una ventina di lanciatori di pietre ormai specializzati. Pecore a cui hanno rotto una costola, poi corrono e hanno perforazioni interne, mortali. Ieri ne hanno ammazzate sette o otto, comprese pecore gravide.<span class=\"Apple-converted-space\">\u00a0<\/span><!--more--><\/p>\n<p><a href=\"http:\/\/reteitalianaism.it\/reteism\/wp-content\/uploads\/2025\/05\/pecora1.jpeg\"><img loading=\"lazy\" decoding=\"async\" class=\"alignnone wp-image-22256\" src=\"http:\/\/reteitalianaism.it\/reteism\/wp-content\/uploads\/2025\/05\/pecora1-187x300.jpeg\" alt=\"\" width=\"236\" height=\"379\" srcset=\"https:\/\/reteitalianaism.it\/reteism\/wp-content\/uploads\/2025\/05\/pecora1-187x300.jpeg 187w, https:\/\/reteitalianaism.it\/reteism\/wp-content\/uploads\/2025\/05\/pecora1-639x1024.jpeg 639w, https:\/\/reteitalianaism.it\/reteism\/wp-content\/uploads\/2025\/05\/pecora1-768x1230.jpeg 768w, https:\/\/reteitalianaism.it\/reteism\/wp-content\/uploads\/2025\/05\/pecora1-959x1536.jpeg 959w, https:\/\/reteitalianaism.it\/reteism\/wp-content\/uploads\/2025\/05\/pecora1.jpeg 999w\" sizes=\"auto, (max-width: 236px) 100vw, 236px\" \/><\/a> <a href=\"http:\/\/reteitalianaism.it\/reteism\/wp-content\/uploads\/2025\/05\/pecora2.jpeg\"><img loading=\"lazy\" decoding=\"async\" class=\"alignnone wp-image-22257\" src=\"http:\/\/reteitalianaism.it\/reteism\/wp-content\/uploads\/2025\/05\/pecora2-300x169.jpeg\" alt=\"\" width=\"369\" height=\"208\" srcset=\"https:\/\/reteitalianaism.it\/reteism\/wp-content\/uploads\/2025\/05\/pecora2-300x169.jpeg 300w, https:\/\/reteitalianaism.it\/reteism\/wp-content\/uploads\/2025\/05\/pecora2-1024x576.jpeg 1024w, https:\/\/reteitalianaism.it\/reteism\/wp-content\/uploads\/2025\/05\/pecora2-768x432.jpeg 768w, https:\/\/reteitalianaism.it\/reteism\/wp-content\/uploads\/2025\/05\/pecora2-1536x864.jpeg 1536w, https:\/\/reteitalianaism.it\/reteism\/wp-content\/uploads\/2025\/05\/pecora2.jpeg 1599w\" sizes=\"auto, (max-width: 369px) 100vw, 369px\" \/><\/a><\/p>\n<p class=\"p2\" style=\"text-align: justify;\">La contesa \u00e8 sempre sui pascoli e sugli ulivi, una stranezza \u00e8 che ora il fondo valle \u00e8 dichiarato solo palestinese, vietato a israeliani e internazionali. Poi chiaramente gli israeliani vengono tollerati, ma \u00e8 ottimo come sistema per espellere un internazionale, ed \u00e8 toccato a una ragazza inglese che ho conosciuto qualche giorno fa, in corso di espulsione oggi.<\/p>\n<p class=\"p2\" style=\"text-align: justify;\">Finalmente dopo un nutrito lancio di sassi, con anche qualche ferito, i coloni si allontanano. In paese tutti restano all\u2019erta, si teme che potrebbero scendere di nuovo.<\/p>\n<p class=\"p2\" style=\"text-align: justify;\">Ma l\u2019esercito si \u00e8 deciso a mandarli via in malo modo perch\u00e8 dovevano correre a Khalet ad-Daba\u2019a per un altro assalto di coloni, inizialmente un assalto leggero. Per\u00f2 subito dopo arrivano i lanciatori da Mahon, che hanno lasciato at-Twani con ancora molta voglia di menare le mani. L\u2019esercito sta fermo a guardare. Twani \u00e8 il paese pi\u00f9 grosso e sembrava che l\u2019esercito ci tiene a tenere un profilo basso. Ma qui non \u00e8 come prima, e quelli si scatenano, questo \u00e8 il paese che hanno cancellato pochi giorni fa, la gente \u00e8 in qualche tenda e in un paio di case che sono state risparmiate. Deve salire un\u2019ambulanza per un ferito con sassata in testa e braccio rotto, il fratello di Jaber. Finalmente si ritireranno anche da l\u00e0.<\/p>\n<p><a href=\"http:\/\/reteitalianaism.it\/reteism\/wp-content\/uploads\/2025\/05\/ferito.jpeg\"><img loading=\"lazy\" decoding=\"async\" class=\"wp-image-22258 aligncenter\" src=\"http:\/\/reteitalianaism.it\/reteism\/wp-content\/uploads\/2025\/05\/ferito-169x300.jpeg\" alt=\"\" width=\"399\" height=\"708\" srcset=\"https:\/\/reteitalianaism.it\/reteism\/wp-content\/uploads\/2025\/05\/ferito-169x300.jpeg 169w, https:\/\/reteitalianaism.it\/reteism\/wp-content\/uploads\/2025\/05\/ferito-576x1024.jpeg 576w, https:\/\/reteitalianaism.it\/reteism\/wp-content\/uploads\/2025\/05\/ferito-768x1365.jpeg 768w, https:\/\/reteitalianaism.it\/reteism\/wp-content\/uploads\/2025\/05\/ferito-864x1536.jpeg 864w, https:\/\/reteitalianaism.it\/reteism\/wp-content\/uploads\/2025\/05\/ferito.jpeg 900w\" sizes=\"auto, (max-width: 399px) 100vw, 399px\" \/><\/a><\/p>\n<p class=\"p2\" style=\"text-align: justify;\">Aggiornamento per i fatti di Sussya quattro giorni fa con la battaglia di pietre a cui abbiamo assistito, oggi hanno arrestato Ahmed, accusandolo di avere tirato pietre ai coloni. Immaginiamo che abbia un potere occulto e perverso, per cui \u00e8 riuscito fare venire i coloni con i sassi in mano e il passamontagna in testa, davanti a casa sua per potergli tirare sassi.<span class=\"Apple-converted-space\">\u00a0<\/span><\/p>\n<p class=\"p2\" style=\"text-align: justify;\">Purtroppo per\u00f2 un arresto dopo quattro giorni fa temere che c\u2019\u00e8 qualcosa di costruito con cura, invece per fortuna viene rilasciato nel pomeriggio.<span class=\"Apple-converted-space\">\u00a0<\/span><\/p>\n<p class=\"p2\" style=\"text-align: justify;\">Resistere per esistere.<\/p>\n","protected":false},"excerpt":{"rendered":"<p>14 maggio 2025\u00a0 \u00a0 \u00a0 \u00a0 \u00a0 \u00a0Team Twani, west bank occupata Il primo assalto a at-Twani, verso met\u00e0 pomeriggio: una banda di coloni anche armati scende da Mahon per assalire a suon di lanci di pietre il villaggio di &hellip; <a href=\"https:\/\/reteitalianaism.it\/reteism\/index.php\/2025\/05\/14\/giornata-di-assalti\/\">Continue reading <span class=\"meta-nav\">&rarr;<\/span><\/a><\/p>\n","protected":false},"author":2,"featured_media":0,"comment_status":"open","ping_status":"open","sticky":false,"template":"","format":"standard","meta":{"footnotes":""},"categories":[3],"tags":[345,50,155],"class_list":["post-22253","post","type-post","status-publish","format-standard","hentry","category-info","tag-masafer-yatta","tag-violenza-dei-coloni","tag-west-bank-occupata"],"_links":{"self":[{"href":"https:\/\/reteitalianaism.it\/reteism\/index.php\/wp-json\/wp\/v2\/posts\/22253","targetHints":{"allow":["GET"]}}],"collection":[{"href":"https:\/\/reteitalianaism.it\/reteism\/index.php\/wp-json\/wp\/v2\/posts"}],"about":[{"href":"https:\/\/reteitalianaism.it\/reteism\/index.php\/wp-json\/wp\/v2\/types\/post"}],"author":[{"embeddable":true,"href":"https:\/\/reteitalianaism.it\/reteism\/index.php\/wp-json\/wp\/v2\/users\/2"}],"replies":[{"embeddable":true,"href":"https:\/\/reteitalianaism.it\/reteism\/index.php\/wp-json\/wp\/v2\/comments?post=22253"}],"version-history":[{"count":1,"href":"https:\/\/reteitalianaism.it\/reteism\/index.php\/wp-json\/wp\/v2\/posts\/22253\/revisions"}],"predecessor-version":[{"id":22259,"href":"https:\/\/reteitalianaism.it\/reteism\/index.php\/wp-json\/wp\/v2\/posts\/22253\/revisions\/22259"}],"wp:attachment":[{"href":"https:\/\/reteitalianaism.it\/reteism\/index.php\/wp-json\/wp\/v2\/media?parent=22253"}],"wp:term":[{"taxonomy":"category","embeddable":true,"href":"https:\/\/reteitalianaism.it\/reteism\/index.php\/wp-json\/wp\/v2\/categories?post=22253"},{"taxonomy":"post_tag","embeddable":true,"href":"https:\/\/reteitalianaism.it\/reteism\/index.php\/wp-json\/wp\/v2\/tags?post=22253"}],"curies":[{"name":"wp","href":"https:\/\/api.w.org\/{rel}","templated":true}]}}