{"id":22387,"date":"2025-06-11T11:41:08","date_gmt":"2025-06-11T09:41:08","guid":{"rendered":"https:\/\/reteitalianaism.it\/reteism\/?p=22387"},"modified":"2025-06-18T13:48:30","modified_gmt":"2025-06-18T11:48:30","slug":"per-rilascio-immediato-lattivista-irlandese-e-pronta-a-tornare-a-casa-mentre-le-forze-israeliane-continuano-a-demolire-a-masafer-yatta","status":"publish","type":"post","link":"https:\/\/reteitalianaism.it\/reteism\/index.php\/2025\/06\/11\/per-rilascio-immediato-lattivista-irlandese-e-pronta-a-tornare-a-casa-mentre-le-forze-israeliane-continuano-a-demolire-a-masafer-yatta\/","title":{"rendered":"Per rilascio immediato: l&#8217;attivista irlandese \u00e8 pronta a tornare a casa mentre le forze israeliane continuano a demolire a Masafer Yatta"},"content":{"rendered":"<p>11 giugno 2025<\/p>\n<p><a href=\"https:\/\/palsolidarity.org\/2025\/06\/for-immediate-release-irish-activist-set-to-return-home-as-israeli-forces-demolish-again-in-masafer-yatta\/\">For immediate release &#8211; Irish activist set to return home as Israeli forces demolish again in Masafer Yatta &#8211; Home<\/a><\/p>\n<div id=\"attachment_22388\" style=\"width: 385px\" class=\"wp-caption aligncenter\"><a href=\"http:\/\/reteitalianaism.it\/reteism\/wp-content\/uploads\/2025\/06\/signal-2025-06-11-092033-scaled-Copy.jpeg\"><img loading=\"lazy\" decoding=\"async\" aria-describedby=\"caption-attachment-22388\" class=\" wp-image-22388\" src=\"http:\/\/reteitalianaism.it\/reteism\/wp-content\/uploads\/2025\/06\/signal-2025-06-11-092033-scaled-Copy-300x225.jpeg\" alt=\"\" width=\"375\" height=\"281\" srcset=\"https:\/\/reteitalianaism.it\/reteism\/wp-content\/uploads\/2025\/06\/signal-2025-06-11-092033-scaled-Copy-300x225.jpeg 300w, https:\/\/reteitalianaism.it\/reteism\/wp-content\/uploads\/2025\/06\/signal-2025-06-11-092033-scaled-Copy-1024x768.jpeg 1024w, https:\/\/reteitalianaism.it\/reteism\/wp-content\/uploads\/2025\/06\/signal-2025-06-11-092033-scaled-Copy-768x576.jpeg 768w, https:\/\/reteitalianaism.it\/reteism\/wp-content\/uploads\/2025\/06\/signal-2025-06-11-092033-scaled-Copy.jpeg 1280w\" sizes=\"auto, (max-width: 375px) 100vw, 375px\" \/><\/a><p id=\"caption-attachment-22388\" class=\"wp-caption-text\">dal sito palsolidarity.org<\/p><\/div>\n<p class=\"lRu31\" dir=\"ltr\"><span class=\"HwtZe\" lang=\"it\"><span class=\"jCAhz ChMk0b\"><span class=\"ryNqvb\">11 giugno, Palestina occupata \u2013 La cittadina irlandese D. Murphy (70), residente nel Regno Unito, torner\u00e0 oggi a casa sua a Swansea dopo aver lottato per dieci giorni contro l&#8217;ingiusta decisione di deportarla da una prigione israeliana.<\/span><\/span> <span class=\"jCAhz ChMk0b\"><span class=\"ryNqvb\">Questa mattina, i bulldozer israeliani sono tornati a Khalet Al-Daba&#8217;a, il villaggio della Cisgiordania nella regione di Masafer Yatta, flagellata dalle demolizioni, dove Murphy \u00e8 stata arrestata.<\/span><\/span> <span class=\"jCAhz ChMk0b\"><span class=\"ryNqvb\">Le forze hanno nuovamente fatto irruzione nel villaggio con l&#8217;intento di radere al suolo quel poco di vita rimasto dopo la precedente demolizione.<\/span><\/span><\/span><\/p>\n<div><\/div>\n<div id=\"ow15\"><span class=\"jCAhz ChMk0b\"><span class=\"ryNqvb\">Murphy \u00e8 stata portata a un&#8217;udienza di espulsione il 1\u00b0 giugno, insieme alla cittadina svedese Susanne Bj\u00f6rk, residente nel Regno Unito, e ha deciso di trascorrere del tempo in carcere per contestare l&#8217;ingiusto ordine di espulsione.<\/span><\/span> <span class=\"jCAhz ChMk0b\"><span class=\"ryNqvb\">Murphy \u00e8 stata poi portata illegalmente davanti a un Tribunale di Revisione della Detenzione mercoled\u00ec scorso, 4 giugno, senza consulenza o rappresentanza legale, nonostante le sue richieste e i molteplici tentativi del suo avvocato di contattarla tramite il servizio penitenziario.<\/span><\/span> <span class=\"jCAhz ChMk0b\"><span class=\"ryNqvb\">La prossima udienza per il suo caso di espulsione era prevista per il mese prossimo.<\/span><\/span> <span class=\"jCAhz ChMk0b\"><span class=\"ryNqvb\">Da allora, l&#8217;avvocato \u00e8 riuscito a incontrarla una volta, ma non ha ricevuto risposta dal servizio penitenziario in merito alla sua richiesta di rilascio a nome di Murphy.<\/span><\/span><\/div>\n<p dir=\"ltr\"><!--more--><span class=\"jCAhz ChMk0b\"><span class=\"ryNqvb\">Murphy, impegnata nella solidariet\u00e0 palestinese da oltre vent&#8217;anni e con una lunga storia di organizzazione comunitaria, \u00e8 stata arrestata insieme a Bj\u00f6rk il 31 maggio semplicemente per aver espresso solidariet\u00e0 alle comunit\u00e0 palestinesi di Masafer Yatta, nella Cisgiordania meridionale occupata.<\/span><\/span> <span class=\"jCAhz ChMk0b\"><span class=\"ryNqvb\">Le forze israeliane stanno ora demolendo le case e gli impianti idrici rimasti a Khalet Al-Daba&#8217;a, insieme a tende di fortuna.<\/span><\/span> <span class=\"jCAhz ChMk0b\"><span class=\"ryNqvb\">Queste comunit\u00e0 si trovano ad affrontare una campagna continua e crescente di pulizia etnica e sfollamenti forzati, perpetrati dai coloni israeliani con il pieno sostegno dello Stato di Israele.<\/span><\/span> <span class=\"jCAhz ChMk0b\"><span class=\"ryNqvb\">Murphy e Bj\u00f6rk sono state accusate di trovarsi in un&#8217;area militare e sono state allontanate, mentre ai coloni israeliani \u00e8 stato permesso di rimanere e continuare a molestare i residenti palestinesi.<\/span><\/span><\/p>\n<p dir=\"ltr\">Dale Ryan, figlio di Murphy, ha dichiarato: &#8220;Come famiglia, siamo tutti molto sollevati di riavere mia madre a casa. Gli ultimi 10 giorni sono stati intensi e abbiamo dovuto confidare nel fatto che le autorit\u00e0 israeliane avrebbero trattato mia madre in modo equo e garantito il soddisfacimento dei suoi bisogni primari. Considerando il trattamento riservato ai palestinesi negli ultimi decenni, non avevamo la massima fiducia in questo. Mia madre non voleva essere arrestata o deportata, voleva stare a Masafer Yatta con i suoi amici, aiutandoli in qualsiasi modo possibile, ma so che sarebbe stata contenta che la sua situazione contribuisse ad attirare l&#8217;attenzione sul terribile trattamento riservato ai palestinesi in Cisgiordania e sulla crisi umanitaria a cui stiamo assistendo a Gaza. So che dopo un giorno di riposo mia madre torner\u00e0 a raccogliere sostegno per un cessate il fuoco immediato a Gaza e per un trattamento equo per tutti i palestinesi, dopo che io e tutta la sua famiglia le avremo dato un forte abbraccio&#8221;.<\/p>\n<p dir=\"ltr\">Un portavoce dell&#8217;ISM ha aggiunto: &#8220;Non sorprende che i diritti di Murphy sotto la custodia israeliana siano stati violati, in totale disprezzo per lo stato di diritto. Questo \u00e8 accaduto a una donna occidentale di 70 anni, mentre i palestinesi vengono torturati nelle carceri israeliane e i nostri governi si rifiutano di riconoscerlo o di intervenire. \u00c8 uno sviluppo straziante che, mentre lei viene deportata, le forze armate israeliane stiano finendo di demolire ci\u00f2 che restava del villaggio di Khalte Al-Daba&#8217;a, dove lei e Bj\u00f6rk sono state arrestate&#8221;.<\/p>\n<p dir=\"ltr\">Il caso di Murphy ci ha ricordato che la comunit\u00e0 internazionale non solo ha l&#8217;obbligo di interrompere il commercio e le relazioni con Israele, ma anche di adottare misure decisive per porre fine al genocidio e all&#8217;occupazione della Palestina. Siamo altrettanto dispiaciuti di vedere una risposta timida da parte sia del governo irlandese che di quello britannico.<\/p>\n<p dir=\"ltr\">Per info: <em>palreports@gmail.com<\/em><\/p>\n<div class=\"UdTY9 WdefRb\" aria-hidden=\"true\" data-location=\"2\"><\/div>\n","protected":false},"excerpt":{"rendered":"<p>11 giugno 2025 For immediate release &#8211; Irish activist set to return home as Israeli forces demolish again in Masafer Yatta &#8211; Home 11 giugno, Palestina occupata \u2013 La cittadina irlandese D. Murphy (70), residente nel Regno Unito, torner\u00e0 oggi &hellip; <a href=\"https:\/\/reteitalianaism.it\/reteism\/index.php\/2025\/06\/11\/per-rilascio-immediato-lattivista-irlandese-e-pronta-a-tornare-a-casa-mentre-le-forze-israeliane-continuano-a-demolire-a-masafer-yatta\/\">Continue reading <span class=\"meta-nav\">&rarr;<\/span><\/a><\/p>\n","protected":false},"author":6,"featured_media":0,"comment_status":"open","ping_status":"open","sticky":false,"template":"","format":"standard","meta":{"footnotes":""},"categories":[3],"tags":[21,986,29,345,337],"class_list":["post-22387","post","type-post","status-publish","format-standard","hentry","category-info","tag-demolizioni","tag-deportazione","tag-ism","tag-masafer-yatta","tag-solidarieta-internazionale"],"_links":{"self":[{"href":"https:\/\/reteitalianaism.it\/reteism\/index.php\/wp-json\/wp\/v2\/posts\/22387","targetHints":{"allow":["GET"]}}],"collection":[{"href":"https:\/\/reteitalianaism.it\/reteism\/index.php\/wp-json\/wp\/v2\/posts"}],"about":[{"href":"https:\/\/reteitalianaism.it\/reteism\/index.php\/wp-json\/wp\/v2\/types\/post"}],"author":[{"embeddable":true,"href":"https:\/\/reteitalianaism.it\/reteism\/index.php\/wp-json\/wp\/v2\/users\/6"}],"replies":[{"embeddable":true,"href":"https:\/\/reteitalianaism.it\/reteism\/index.php\/wp-json\/wp\/v2\/comments?post=22387"}],"version-history":[{"count":1,"href":"https:\/\/reteitalianaism.it\/reteism\/index.php\/wp-json\/wp\/v2\/posts\/22387\/revisions"}],"predecessor-version":[{"id":22389,"href":"https:\/\/reteitalianaism.it\/reteism\/index.php\/wp-json\/wp\/v2\/posts\/22387\/revisions\/22389"}],"wp:attachment":[{"href":"https:\/\/reteitalianaism.it\/reteism\/index.php\/wp-json\/wp\/v2\/media?parent=22387"}],"wp:term":[{"taxonomy":"category","embeddable":true,"href":"https:\/\/reteitalianaism.it\/reteism\/index.php\/wp-json\/wp\/v2\/categories?post=22387"},{"taxonomy":"post_tag","embeddable":true,"href":"https:\/\/reteitalianaism.it\/reteism\/index.php\/wp-json\/wp\/v2\/tags?post=22387"}],"curies":[{"name":"wp","href":"https:\/\/api.w.org\/{rel}","templated":true}]}}