{"id":22399,"date":"2025-06-15T22:17:34","date_gmt":"2025-06-15T20:17:34","guid":{"rendered":"https:\/\/reteitalianaism.it\/reteism\/?p=22399"},"modified":"2025-06-15T22:18:37","modified_gmt":"2025-06-15T20:18:37","slug":"dichiarazione-del-cairo-per-una-palestina-libera-in-un-mondo-di-solidarieta","status":"publish","type":"post","link":"https:\/\/reteitalianaism.it\/reteism\/index.php\/2025\/06\/15\/dichiarazione-del-cairo-per-una-palestina-libera-in-un-mondo-di-solidarieta\/","title":{"rendered":"&#8220;Dichiarazione del Cairo: Per una Palestina libera in un mondo di solidariet\u00e0&#8221;"},"content":{"rendered":"<p><strong>15 giugno 2025<\/strong> \u2022 <em>Il Cairo, Egitto<\/em><\/p>\n<p style=\"text-align: justify;\">Oltre 3.000 manifestanti provenienti da 40 paesi, insieme al movimento globale di solidariet\u00e0, si sono riuniti, hanno discusso, hanno marciato e ora lanciamo il seguente appello:<\/p>\n<p style=\"text-align: justify;\">Dalla Marcia Internazionalista a Gaza a un nuovo ciclo di lotta<\/p>\n<p style=\"text-align: justify;\"><img loading=\"lazy\" decoding=\"async\" class=\"aligncenter\" src=\"https:\/\/scontent.fcai20-2.fna.fbcdn.net\/v\/t39.30808-6\/495179365_1105416194950985_3599449435273013352_n.jpg?_nc_cat=104&amp;ccb=1-7&amp;_nc_sid=cc71e4&amp;_nc_ohc=hk8f9tznJ0YQ7kNvwGnP0Td&amp;_nc_oc=AdkvWqCJ9wfcSbhFMd5I9pfHL5LbpsRQDOKRn0JUDkU-kcLs4Did07xGXDOQUUI1LXQ&amp;_nc_zt=23&amp;_nc_ht=scontent.fcai20-2.fna&amp;_nc_gid=nJtRbCP7khzOWpNbcz-bWQ&amp;oh=00_AfM3gxPHNtj5mUmOwfazQ1qtLIjmDtWAQLXR3qmF97Ey2w&amp;oe=68550E9E\" width=\"499\" height=\"499\" \/>L&#8217;iniziativa della Marcia verso Gaza, nata come missione internazionale di solidariet\u00e0 pacifica per il popolo palestinese, ha dimostrato di poter essere molto pi\u00f9 di un gesto simbolico.<\/p>\n<p style=\"text-align: justify;\">\u00c8 emersa una rete internazionale di coordinamento politico e di azione attiva. Mentre il genocidio israeliano e il blocco di Gaza si intensificano e si protraggono \u2013 e mentre eravamo in Egitto, Israele ha cercato di accelerare la pulizia etnica dei palestinesi, rischiando persino una guerra regionale \u2013 l&#8217;escalation bellica contro il popolo iraniano rappresenta una minaccia diretta alla pace regionale e continua l&#8217;occupazione illegale israeliana del territorio libanese e siriano e i bombardamenti dello Yemen.<!--more--><\/p>\n<p style=\"text-align: justify;\">Attraverso missioni di massa, centinaia di persone provenienti da decine di paesi si sono unite in un obiettivo comune: rompere il silenzio e l&#8217;apatia, rompere l&#8217;assedio, per infrangere la complicit\u00e0.<\/p>\n<p style=\"text-align: justify;\">La Marcia verso Gaza ha dimostrato che la solidariet\u00e0 internazionalista pu\u00f2 essere organizzata, di massa, coordinata e di impatto. Dai comitati in ogni paese ai punti di arrivo internazionali e al supporto legale e politico, l&#8217;infrastruttura di lotta costruita non deve essere smantellata; al contrario, deve essere rafforzata e ampliata.<\/p>\n<p style=\"text-align: justify;\">Come continuazione di questa iniziativa, e alla luce delle atrocit\u00e0 in corso perpetrate dallo Stato di Israele, chiediamo una nuova ondata di lotta internazionalista basata su tre pilastri principali:<br \/>\n<strong>1. Sostegno ai comitati locali della Marcia verso Gaza<\/strong><br \/>\nI comitati formati nelle citt\u00e0 e nei paesi che hanno partecipato alla missione devono rimanere attivi. Chiediamo il sostegno alle loro azioni, iniziative, assemblee e campagne locali. Che servano da centri di intervento del movimento, di networking e di dibattito pubblico. La Marcia verso Gaza si propone di diventare parte del movimento di solidariet\u00e0 per la Palestina in ogni paese, promuovendo l&#8217;unit\u00e0 e l&#8217;azione congiunta fondata sui principi.<\/p>\n<p style=\"text-align: justify;\"><strong>2. Nuovi appelli alla mobilitazione internazionale e giornate di azione<\/strong><br \/>\nAbbiamo bisogno di nuovi appelli alla mobilitazione internazionale, di giornate di azione condivise, attivit\u00e0 ai confini e nei centri decisionali, coordinamento con sindacati, movimenti studenteschi e reti di artisti, scienziati e professionisti. Il passo successivo \u00e8 fare della Palestina un punto focale universale di lotta contro il genocidio, l&#8217;imperialismo e l&#8217;economia di guerra.<\/p>\n<p style=\"text-align: justify;\"><strong>3. Stabilire il quadro politico comune necessario<\/strong><br \/>\nIn questa lotta, ci dichiariamo schierati dietro una direzione politica unitaria basata sulle seguenti posizioni:<\/p>\n<p style=\"text-align: justify;\">Solidariet\u00e0 e libert\u00e0 per la Palestina<\/p>\n<p style=\"text-align: justify;\">Riconosciamo i diritti del popolo palestinese:<\/p>\n<p style=\"text-align: justify;\">a resistere all&#8217;occupazione illegale israeliana, all&#8217;apartheid e al genocidio<\/p>\n<p style=\"text-align: justify;\">il diritto al ritorno di tutti i rifugiati palestinesi nelle loro terre<\/p>\n<p style=\"text-align: justify;\">autodeterminazione, indipendenza e libert\u00e0, con pieni diritti in tutta la Palestina storica<\/p>\n<p style=\"text-align: justify;\">Lottiamo per la fine del blocco di Gaza e di ogni occupazione, fino alla creazione di una Palestina libera e indipendente.<br \/>\nResistiamo allo stato terrorista di Israele e al suo ruolo internazionale.<br \/>\nIsraele non \u00e8 solo una potenza occupante, \u00e8 un partner strategico delle strutture imperialiste (USA, NATO, UE), integrato nei sistemi militari, energetici e tecnologici della repressione globale e guerra. Chiediamo l&#8217;isolamento dello Stato israeliano, la cancellazione di tutti gli accordi di cooperazione e il sostegno al movimento BDS (Boicottaggio, Disinvestimento, Sanzioni) a tutti i livelli: politico, culturale, accademico, economico.<\/p>\n<p style=\"text-align: justify;\"><strong>Opposizione alle economie di guerra occidentali<\/strong><br \/>\nIl sostegno a Israele estende la militarizzazione della vita e delle economie nel Nord del mondo. Ci opponiamo al commercio di armi, all&#8217;industria bellica, ai moderni complessi militari, all&#8217;escalation bellica e alla complicit\u00e0 degli stati e dei governi occidentali. Abbiamo bisogno di una rivolta di massa, non solo contro il genocidio in Palestina, ma anche per opporci alla pi\u00f9 ampia traiettoria verso la guerra guidata dall&#8217;Occidente.<\/p>\n<p style=\"text-align: justify;\">La marcia di solidariet\u00e0 verso Gaza \u00e8 stata un inizio. Ora \u00e8 il momento di trasformarla in un movimento di massa.<\/p>\n<p style=\"text-align: justify;\">Invitiamo ogni forza collettiva, politica, organizzata o indipendente, a contribuire a questo piano. Uniamo le nostre forze. Continuiamo la lotta.<\/p>\n<p style=\"text-align: justify;\">Perch\u00e9 solo quando la Palestina sar\u00e0 libera potremo parlare di libert\u00e0 nel mondo.<\/p>\n<p style=\"text-align: justify;\">Marcia verso Gaza &#8211; Giugno 2025<\/p>\n","protected":false},"excerpt":{"rendered":"<p>15 giugno 2025 \u2022 Il Cairo, Egitto Oltre 3.000 manifestanti provenienti da 40 paesi, insieme al movimento globale di solidariet\u00e0, si sono riuniti, hanno discusso, hanno marciato e ora lanciamo il seguente appello: Dalla Marcia Internazionalista a Gaza a un &hellip; <a href=\"https:\/\/reteitalianaism.it\/reteism\/index.php\/2025\/06\/15\/dichiarazione-del-cairo-per-una-palestina-libera-in-un-mondo-di-solidarieta\/\">Continue reading <span class=\"meta-nav\">&rarr;<\/span><\/a><\/p>\n","protected":false},"author":2,"featured_media":0,"comment_status":"open","ping_status":"open","sticky":false,"template":"","format":"standard","meta":{"footnotes":""},"categories":[3],"tags":[176,1021,175],"class_list":["post-22399","post","type-post","status-publish","format-standard","hentry","category-info","tag-diritti-fondamentali","tag-global-march-to-gaza","tag-palestina-occupata"],"_links":{"self":[{"href":"https:\/\/reteitalianaism.it\/reteism\/index.php\/wp-json\/wp\/v2\/posts\/22399","targetHints":{"allow":["GET"]}}],"collection":[{"href":"https:\/\/reteitalianaism.it\/reteism\/index.php\/wp-json\/wp\/v2\/posts"}],"about":[{"href":"https:\/\/reteitalianaism.it\/reteism\/index.php\/wp-json\/wp\/v2\/types\/post"}],"author":[{"embeddable":true,"href":"https:\/\/reteitalianaism.it\/reteism\/index.php\/wp-json\/wp\/v2\/users\/2"}],"replies":[{"embeddable":true,"href":"https:\/\/reteitalianaism.it\/reteism\/index.php\/wp-json\/wp\/v2\/comments?post=22399"}],"version-history":[{"count":3,"href":"https:\/\/reteitalianaism.it\/reteism\/index.php\/wp-json\/wp\/v2\/posts\/22399\/revisions"}],"predecessor-version":[{"id":22402,"href":"https:\/\/reteitalianaism.it\/reteism\/index.php\/wp-json\/wp\/v2\/posts\/22399\/revisions\/22402"}],"wp:attachment":[{"href":"https:\/\/reteitalianaism.it\/reteism\/index.php\/wp-json\/wp\/v2\/media?parent=22399"}],"wp:term":[{"taxonomy":"category","embeddable":true,"href":"https:\/\/reteitalianaism.it\/reteism\/index.php\/wp-json\/wp\/v2\/categories?post=22399"},{"taxonomy":"post_tag","embeddable":true,"href":"https:\/\/reteitalianaism.it\/reteism\/index.php\/wp-json\/wp\/v2\/tags?post=22399"}],"curies":[{"name":"wp","href":"https:\/\/api.w.org\/{rel}","templated":true}]}}