{"id":22425,"date":"2025-06-21T18:48:20","date_gmt":"2025-06-21T16:48:20","guid":{"rendered":"https:\/\/reteitalianaism.it\/reteism\/?p=22425"},"modified":"2025-06-21T18:48:44","modified_gmt":"2025-06-21T16:48:44","slug":"mahmoud-khalil-liberato-dopo-mesi-di-detenzione-presso-lice-per-attivismo-pro-palestina","status":"publish","type":"post","link":"https:\/\/reteitalianaism.it\/reteism\/index.php\/2025\/06\/21\/mahmoud-khalil-liberato-dopo-mesi-di-detenzione-presso-lice-per-attivismo-pro-palestina\/","title":{"rendered":"Mahmoud Khalil liberato dopo mesi di detenzione presso l&#8217;ICE per attivismo pro-Palestina"},"content":{"rendered":"<p>21 giugno 2025<\/p>\n<p><a href=\"https:\/\/www.palestinechronicle.com\/mahmoud-khalil-freed-after-months-in-ice-detention-over-pro-palestine-activism\/\">https:\/\/www.palestinechronicle.com\/mahmoud-khalil-freed-after-months-in-ice-detention-over-pro-palestine-activism\/<\/a><\/p>\n<div id=\"attachment_22426\" style=\"width: 441px\" class=\"wp-caption aligncenter\"><a href=\"http:\/\/reteitalianaism.it\/reteism\/wp-content\/uploads\/2025\/06\/Khalil_Released_video.png\"><img loading=\"lazy\" decoding=\"async\" aria-describedby=\"caption-attachment-22426\" class=\" wp-image-22426\" src=\"http:\/\/reteitalianaism.it\/reteism\/wp-content\/uploads\/2025\/06\/Khalil_Released_video-300x201.png\" alt=\"\" width=\"431\" height=\"289\" srcset=\"https:\/\/reteitalianaism.it\/reteism\/wp-content\/uploads\/2025\/06\/Khalil_Released_video-300x201.png 300w, https:\/\/reteitalianaism.it\/reteism\/wp-content\/uploads\/2025\/06\/Khalil_Released_video.png 678w\" sizes=\"auto, (max-width: 431px) 100vw, 431px\" \/><\/a><p id=\"caption-attachment-22426\" class=\"wp-caption-text\">Mahmoud Khalil, laureato alla Columbia University, \u00e8 stato rilasciato dal centro di detenzione per immigrati negli Stati Uniti. (Foto: screenshot da video)<\/p><\/div>\n<p><em>Un giudice federale ha ordinato il rilascio del laureato della Columbia University Mahmoud Khalil, detenuto per oltre tre mesi presso l&#8217;ICE (Istituto per l&#8217;Immigrazione e la Pace) a causa del suo attivismo pro-Palestina.<\/em><\/p>\n<p>Mahmoud Khalil, trentenne laureato alla Columbia University e noto attivista pro-palestinese, \u00e8 stato rilasciato venerd\u00ec dal centro di detenzione per immigrati degli Stati Uniti, pi\u00f9 di tre mesi dopo che agenti in borghese dell&#8217;ICE lo avevano arrestato per il suo coinvolgimento nelle proteste contro la guerra israeliana a Gaza, secondo quanto riportato dai media statunitensi.<\/p>\n<p>Khalil era detenuto dall&#8217;inizio di marzo in una struttura dell&#8217;ICE a Jena, in Louisiana. Il suo caso ha attirato grande attenzione nell&#8217;ambito di quella che i gruppi per i diritti umani hanno definito una repressione da parte dell&#8217;amministrazione Trump nei confronti degli studenti attivisti internazionali critici delle politiche israeliane.<\/p>\n<p>Un giudice federale di Newark, Michael Farbiarz, ha ordinato il rilascio di Khalil, affermando chiaramente: &#8220;Non \u00e8 un pericolo per la comunit\u00e0. Punto e basta&#8221;.<!--more--><\/p>\n<p>Parlando fuori dal centro di detenzione, Khalil \u00e8 emerso nel caldo della Louisiana accompagnato dai suoi avvocati. &#8220;Sebbene la giustizia abbia prevalso, \u00e8 un&#8217;attesa molto lunga, e non avrebbero dovuto volerci tre mesi&#8221;, ha detto ai giornalisti. &#8220;Lascio dietro di me oltre 1.000 persone in quella struttura, persone che non dovrebbero essere l\u00ec&#8221;.<\/p>\n<p><em>Mahmoud Khalil \u00e8 finalmente libero, 104 giorni dopo essere stato rapito dall&#8217;ICE nella sua casa di New York. La prima cosa che far\u00e0, dice, sar\u00e0 &#8220;abbracciare sua moglie e suo figlio&#8221;, la cui nascita \u00e8 stato costretto a perdere da dietro le sbarre. <a href=\"https:\/\/twitter.com\/BTnewsroom\/status\/1936219343123108322\/video\/1\">pic.twitter.com\/eevtzy1dQy<\/a><\/em><br \/>\n<em>\u2014 BreakThrough News (@BTnewsroom) 21 giugno 2025<\/em><\/p>\n<p>Khalil ha anche condannato le motivazioni della sua detenzione. &#8220;Trump e la sua amministrazione hanno scelto la persona sbagliata per questo. Questo non significa che ci sia una persona giusta. Non c&#8217;\u00e8 una persona giusta che dovrebbe essere arrestata per aver effettivamente protestato contro un genocidio&#8221;.<\/p>\n<p>Il suo arresto \u00e8 diventato il pi\u00f9 eclatante tra i numerosi casi di immigrazione intentati contro studenti internazionali filo-palestinesi. Khalil \u00e8 stato l&#8217;ultimo a rimanere in custodia, dopo che altri sono stati rilasciati o hanno scelto di lasciare il Paese durante le procedure di espulsione.<\/p>\n<p>Khalil non \u00e8 mai stato accusato di alcun reato. Funzionari governativi lo hanno accusato di rappresentare una minaccia alla sicurezza nazionale e di promuovere l&#8217;antisemitismo, accuse che i suoi avvocati affermano essere politicamente motivate e infondate.<\/p>\n<p>I sostenitori, tra cui studenti e docenti ebrei, hanno depositato documenti in tribunale a difesa di Khalil, citando le sue precedenti dichiarazioni in cui chiedeva che la liberazione di ebrei e palestinesi procedesse &#8220;di pari passo&#8221;.<\/p>\n<p>Il giudice Farbiarz aveva precedentemente espresso preoccupazione per la base giuridica della detenzione di Khalil, che si basava su una disposizione sull&#8217;immigrazione raramente invocata che prevedeva l&#8217;espulsione di un individuo ritenuto dannoso per la politica estera statunitense. Il giudice ha messo in dubbio la costituzionalit\u00e0 della disposizione e ha stabilito che l&#8217;ICE non aveva raggiunto la soglia legale per giustificare il proseguimento della detenzione.<\/p>\n<p>Come condizione per il suo rilascio, Khalil ha consegnato il passaporto e la carta verde e ora gli \u00e8 vietato viaggiare all&#8217;interno di alcuni stati, tra cui New York, dove raggiunger\u00e0 la moglie, Noor Abdallah, e incontrer\u00e0 per la prima volta il figlio neonato, Deen. &#8220;Posso persino abbracciarlo&#8221;, ha detto.<\/p>\n<p><em>Dopo oltre tre mesi di ingiusta detenzione da parte dell&#8217;amministrazione Trump, Mahmoud Khalil \u00e8 finalmente libero. Pu\u00f2 tornare a casa, abbracciare sua moglie e il suo bambino. Non avrebbe mai dovuto essere detenuto. Mentre celebriamo la sua liberazione, non smetteremo mai di impegnarci per difendere i diritti umani \u2013\u2026 <a href=\"https:\/\/twitter.com\/amnestyusa\/status\/1936217289474384349\/photo\/1\">pic.twitter.com\/jrc032iC5J<\/a><br \/>\n<\/em><em>\u2014 Amnesty International USA (@amnestyusa) 21 giugno 2025<\/em><\/p>\n<p>In una dichiarazione, Abdallah ha affermato di poter &#8220;finalmente tirare un sospiro di sollievo&#8221;, ma ha osservato che la sentenza &#8220;non affronta minimamente le ingiustizie che l&#8217;amministrazione Trump ha inflitto alla nostra famiglia e a tante altre&#8221;.<\/p>\n<p>Amnesty International USA ha accolto con favore la decisione della corte, definendola &#8220;in ritardo&#8221;, e ha esortato l&#8217;amministrazione Trump a garantire che non vengano perseguitati ulteriormente gli attivisti per aver esercitato i loro diritti costituzionali.<\/p>\n<p>Il caso di immigrazione di Khalil \u00e8 ancora in corso, ma la sentenza di venerd\u00ec \u00e8 considerata un duro colpo legale agli sforzi pi\u00f9 ampi dell&#8217;amministrazione per contrastare il dissenso filo-palestinese nei campus universitari statunitensi.<\/p>\n<p>(PC, US Media)<\/p>\n","protected":false},"excerpt":{"rendered":"<p>21 giugno 2025 https:\/\/www.palestinechronicle.com\/mahmoud-khalil-freed-after-months-in-ice-detention-over-pro-palestine-activism\/ Un giudice federale ha ordinato il rilascio del laureato della Columbia University Mahmoud Khalil, detenuto per oltre tre mesi presso l&#8217;ICE (Istituto per l&#8217;Immigrazione e la Pace) a causa del suo attivismo pro-Palestina. Mahmoud Khalil, trentenne &hellip; <a href=\"https:\/\/reteitalianaism.it\/reteism\/index.php\/2025\/06\/21\/mahmoud-khalil-liberato-dopo-mesi-di-detenzione-presso-lice-per-attivismo-pro-palestina\/\">Continue reading <span class=\"meta-nav\">&rarr;<\/span><\/a><\/p>\n","protected":false},"author":6,"featured_media":0,"comment_status":"open","ping_status":"open","sticky":false,"template":"","format":"standard","meta":{"footnotes":""},"categories":[3],"tags":[9,809,488,395,179,210],"class_list":["post-22425","post","type-post","status-publish","format-standard","hentry","category-info","tag-apartheid","tag-arresto","tag-attivisti","tag-detenzione","tag-genocidio","tag-palestina"],"_links":{"self":[{"href":"https:\/\/reteitalianaism.it\/reteism\/index.php\/wp-json\/wp\/v2\/posts\/22425","targetHints":{"allow":["GET"]}}],"collection":[{"href":"https:\/\/reteitalianaism.it\/reteism\/index.php\/wp-json\/wp\/v2\/posts"}],"about":[{"href":"https:\/\/reteitalianaism.it\/reteism\/index.php\/wp-json\/wp\/v2\/types\/post"}],"author":[{"embeddable":true,"href":"https:\/\/reteitalianaism.it\/reteism\/index.php\/wp-json\/wp\/v2\/users\/6"}],"replies":[{"embeddable":true,"href":"https:\/\/reteitalianaism.it\/reteism\/index.php\/wp-json\/wp\/v2\/comments?post=22425"}],"version-history":[{"count":1,"href":"https:\/\/reteitalianaism.it\/reteism\/index.php\/wp-json\/wp\/v2\/posts\/22425\/revisions"}],"predecessor-version":[{"id":22427,"href":"https:\/\/reteitalianaism.it\/reteism\/index.php\/wp-json\/wp\/v2\/posts\/22425\/revisions\/22427"}],"wp:attachment":[{"href":"https:\/\/reteitalianaism.it\/reteism\/index.php\/wp-json\/wp\/v2\/media?parent=22425"}],"wp:term":[{"taxonomy":"category","embeddable":true,"href":"https:\/\/reteitalianaism.it\/reteism\/index.php\/wp-json\/wp\/v2\/categories?post=22425"},{"taxonomy":"post_tag","embeddable":true,"href":"https:\/\/reteitalianaism.it\/reteism\/index.php\/wp-json\/wp\/v2\/tags?post=22425"}],"curies":[{"name":"wp","href":"https:\/\/api.w.org\/{rel}","templated":true}]}}