{"id":22467,"date":"2025-07-02T11:32:56","date_gmt":"2025-07-02T09:32:56","guid":{"rendered":"https:\/\/reteitalianaism.it\/reteism\/?p=22467"},"modified":"2025-07-22T18:59:09","modified_gmt":"2025-07-22T16:59:09","slug":"per-la-diffusione-immediata-continuano-gli-sfollamenti-forzati-nella-valle-del-giordano","status":"publish","type":"post","link":"https:\/\/reteitalianaism.it\/reteism\/index.php\/2025\/07\/02\/per-la-diffusione-immediata-continuano-gli-sfollamenti-forzati-nella-valle-del-giordano\/","title":{"rendered":"Per la diffusione immediata: Continuano gli sfollamenti forzati nella valle del Giordano"},"content":{"rendered":"<p>2 luglio 2025<\/p>\n<p><a href=\"https:\/\/palsolidarity.org\/2025\/07\/for-immediate-release-forcible-displacement-continues-in-the-jordan-valley\/\">For immediate release: Forcible displacement continues in the Jordan Valley &#8211; Home<\/a><\/p>\n<div id=\"attachment_22468\" style=\"width: 432px\" class=\"wp-caption aligncenter\"><a href=\"http:\/\/reteitalianaism.it\/reteism\/wp-content\/uploads\/2025\/07\/Screenshot-2025-07-02-111820.png\"><img loading=\"lazy\" decoding=\"async\" aria-describedby=\"caption-attachment-22468\" class=\" wp-image-22468\" src=\"http:\/\/reteitalianaism.it\/reteism\/wp-content\/uploads\/2025\/07\/Screenshot-2025-07-02-111820-300x219.png\" alt=\"\" width=\"422\" height=\"308\" srcset=\"https:\/\/reteitalianaism.it\/reteism\/wp-content\/uploads\/2025\/07\/Screenshot-2025-07-02-111820-300x219.png 300w, https:\/\/reteitalianaism.it\/reteism\/wp-content\/uploads\/2025\/07\/Screenshot-2025-07-02-111820.png 511w\" sizes=\"auto, (max-width: 422px) 100vw, 422px\" \/><\/a><p id=\"caption-attachment-22468\" class=\"wp-caption-text\">dal sito palsolidarity.org<\/p><\/div>\n<p><span class=\"jCAhz ChMk0b\"><span class=\"ryNqvb\">2 luglio, Valle del Giordano, Cisgiordania &#8211; <\/span><\/span><span class=\"jCAhz ChMk0b\"><span class=\"ryNqvb\">I coloni israeliani, con il supporto delle forze armate israeliane, stanno nuovamente sfollando le famiglie di Khirbet Samra, nel nord della Valle del Giordano.<\/span><\/span><\/p>\n<p><span class=\"jCAhz\"><span class=\"ryNqvb\">Il 22 giugno, i coloni hanno minacciato una delle famiglie del villaggio (che ha scelto di rimanere anonima per timore di ulteriori ritorsioni) dicendole che ha otto giorni di tempo per lasciare la sua terra.<\/span><\/span> <span class=\"jCAhz\"><span class=\"ryNqvb\">Questi coloni provengono dall&#8217;avamposto di Asa&#8217;el Kurnitz e sono, come al solito, supportati dalle forze di occupazione, tra cui esercito, polizia e servizi di sicurezza dei coloni.<\/span><\/span><\/p>\n<p><span class=\"jCAhz ChMk0b\"><span class=\"ryNqvb\">Il giorno dopo la minaccia, la polizia israeliana si \u00e8 recata a Samra e ha chiesto alla famiglia di andarsene, dichiarando che era &#8220;proibito&#8221; per loro vivere l\u00ec, sebbene non abbiano mostrato alcun documento ufficiale a sostegno di tale affermazione.<\/span><\/span><span class=\"jCAhz ChMk0b\"><span class=\"ryNqvb\"> Nei giorni successivi, i coloni hanno guidato dei quad sulle colline immediatamente circostanti il \u200b\u200bvillaggio, nel tentativo di ribadire le loro minacce e di chiarire alla famiglia che considerano Khirbet Samra &#8220;loro&#8221;.<\/span><\/span> <span class=\"jCAhz ChMk0b\"><span class=\"ryNqvb\">A causa delle minacce e del timore costante di attacchi da parte dei coloni, una delle famiglie dei Khirbet se n&#8217;\u00e8 gi\u00e0 andata e altre si stanno preparando ad andarsene.<\/span><\/span><!--more--><\/p>\n<div id=\"attachment_22469\" style=\"width: 390px\" class=\"wp-caption aligncenter\"><a href=\"http:\/\/reteitalianaism.it\/reteism\/wp-content\/uploads\/2025\/07\/signal-2025-07-01-104245_009-scaled-1.jpg\"><img loading=\"lazy\" decoding=\"async\" aria-describedby=\"caption-attachment-22469\" class=\" wp-image-22469\" src=\"http:\/\/reteitalianaism.it\/reteism\/wp-content\/uploads\/2025\/07\/signal-2025-07-01-104245_009-scaled-1-300x226.jpg\" alt=\"\" width=\"380\" height=\"286\" srcset=\"https:\/\/reteitalianaism.it\/reteism\/wp-content\/uploads\/2025\/07\/signal-2025-07-01-104245_009-scaled-1-300x226.jpg 300w, https:\/\/reteitalianaism.it\/reteism\/wp-content\/uploads\/2025\/07\/signal-2025-07-01-104245_009-scaled-1-1024x771.jpg 1024w, https:\/\/reteitalianaism.it\/reteism\/wp-content\/uploads\/2025\/07\/signal-2025-07-01-104245_009-scaled-1-768x578.jpg 768w, https:\/\/reteitalianaism.it\/reteism\/wp-content\/uploads\/2025\/07\/signal-2025-07-01-104245_009-scaled-1.jpg 1280w\" sizes=\"auto, (max-width: 380px) 100vw, 380px\" \/><\/a><p id=\"caption-attachment-22469\" class=\"wp-caption-text\">Ci\u00f2 che resta dei beni della famiglia a Khirbet Samra, nella Valle del Giordano. @ISM<\/p><\/div>\n<p><span class=\"jCAhz ChMk0b\"><span class=\"ryNqvb\">Il gruppo di coloni arrivato il 22 giugno \u00e8 noto ai palestinesi e agli attivisti internazionali della zona.<\/span><\/span> <span class=\"jCAhz ChMk0b\"><span class=\"ryNqvb\">All&#8217;inizio di quest&#8217;anno, poco prima dell&#8217;inizio del Ramadan, gli stessi coloni hanno costruito un avamposto (illegale persino secondo la legge israeliana) sulla collina sopra la casa di Yasser Abu Aram, anch&#8217;egli residente a Khirbet Samra.<\/span><\/span> <span class=\"jCAhz\"><span class=\"ryNqvb\">Abu Aram, la sua famiglia e il suo gregge di pecore sono stati sfrattati con la forza a causa delle continue molestie, dei furti e dei crescenti pericoli causati dai coloni.<\/span><\/span><\/p>\n<p><span class=\"jCAhz\"><span class=\"ryNqvb\">Non erano la prima famiglia a subire molestie e sfratti a Khirbet Samra.<\/span><\/span><span class=\"jCAhz ChMk0b\"><span class=\"ryNqvb\"> Queste minacce non sono una novit\u00e0: il colono Uri Cohen, a capo dell&#8217;avamposto autoproclamatosi illegale, si \u00e8 recato regolarmente per minacciare la famiglia, affermando che quella non \u00e8 la loro terra e che devono andarsene, nonostante vivano qui da oltre 20 anni.<\/span><\/span><span class=\"jCAhz ChMk0b\"><span class=\"ryNqvb\"> Questi coloni violenti non sono altro che un altro ramo armato dell&#8217;entit\u00e0 sionista.<\/span><\/span><\/p>\n<p><span class=\"jCAhz ChMk0b\"><span class=\"ryNqvb\">Come attivisti internazionali, ci opponiamo fermamente alla strategia illegale e disumana di pulizia etnica perpetrata nella Valle del Giordano e in tutta la Cisgiordania.<\/span><\/span><span class=\"jCAhz\"><span class=\"ryNqvb\"> I contadini di Khirbet Samra hanno bisogno di tutto il sostegno possibile per resistere e lottare per il loro diritto a vivere pacificamente sulla loro terra con le loro famiglie e le loro pecore, che sono anche la loro unica fonte di reddito.<\/span><\/span> <span class=\"jCAhz ChMk0b\"><span class=\"ryNqvb\">Esortiamo i media e le organizzazioni per i diritti umani a condividere la loro storia e a essere solidali per impedire la creazione di un altro avamposto illegale che causerebbe lo sfollamento di altre famiglie in questa comunit\u00e0 gi\u00e0 ferita.<\/span><\/span><\/p>\n<p><span class=\"jCAhz ChMk0b\"><span class=\"ryNqvb\">Premessa: la Valle del Giordano comprende circa il 30% della Cisgiordania e quasi il 90% della regione \u00e8 designato come Area C, il che significa che \u00e8 completamente controllato dalle autorit\u00e0 israeliane.<\/span><\/span> <span class=\"jCAhz ChMk0b\"><span class=\"ryNqvb\">Zone militari chiuse e riserve naturali, dove l&#8217;accesso e lo sviluppo ai palestinesi sono vietati, coprono il 60% della Valle del Giordano.<\/span><\/span> <span class=\"jCAhz ChMk0b\"><span class=\"ryNqvb\">Dal 7 ottobre, la pressione sulle famiglie qui e in altre parti della Cisgiordania \u00e8 aumentata drasticamente.<\/span><\/span><span class=\"jCAhz ChMk0b\"><span class=\"ryNqvb\"> L&#8217;anno scorso, alcune comunit\u00e0 sono state sfollate con la forza da Umm al-Jamal, a nord della Valle del Giordano.<\/span><\/span><\/p>\n<p><a href=\"http:\/\/reteitalianaism.it\/reteism\/wp-content\/uploads\/2025\/07\/signal-2025-07-01-104245_003-scaled-1.jpg\"><img loading=\"lazy\" decoding=\"async\" class=\" wp-image-22470 aligncenter\" src=\"http:\/\/reteitalianaism.it\/reteism\/wp-content\/uploads\/2025\/07\/signal-2025-07-01-104245_003-scaled-1-300x226.jpg\" alt=\"\" width=\"421\" height=\"317\" srcset=\"https:\/\/reteitalianaism.it\/reteism\/wp-content\/uploads\/2025\/07\/signal-2025-07-01-104245_003-scaled-1-300x226.jpg 300w, https:\/\/reteitalianaism.it\/reteism\/wp-content\/uploads\/2025\/07\/signal-2025-07-01-104245_003-scaled-1-1024x771.jpg 1024w, https:\/\/reteitalianaism.it\/reteism\/wp-content\/uploads\/2025\/07\/signal-2025-07-01-104245_003-scaled-1-768x578.jpg 768w, https:\/\/reteitalianaism.it\/reteism\/wp-content\/uploads\/2025\/07\/signal-2025-07-01-104245_003-scaled-1.jpg 1280w\" sizes=\"auto, (max-width: 421px) 100vw, 421px\" \/><\/a><\/p>\n<p>&nbsp;<\/p>\n","protected":false},"excerpt":{"rendered":"<p>2 luglio 2025 For immediate release: Forcible displacement continues in the Jordan Valley &#8211; Home 2 luglio, Valle del Giordano, Cisgiordania &#8211; I coloni israeliani, con il supporto delle forze armate israeliane, stanno nuovamente sfollando le famiglie di Khirbet Samra, &hellip; <a href=\"https:\/\/reteitalianaism.it\/reteism\/index.php\/2025\/07\/02\/per-la-diffusione-immediata-continuano-gli-sfollamenti-forzati-nella-valle-del-giordano\/\">Continue reading <span class=\"meta-nav\">&rarr;<\/span><\/a><\/p>\n","protected":false},"author":6,"featured_media":0,"comment_status":"open","ping_status":"open","sticky":false,"template":"","format":"standard","meta":{"footnotes":""},"categories":[3],"tags":[179,1024,37,996,446,90],"class_list":["post-22467","post","type-post","status-publish","format-standard","hentry","category-info","tag-genocidio","tag-jordan-valley","tag-occupazione","tag-sfollamenti-forzati","tag-sfollamento","tag-valle-del-giordano"],"_links":{"self":[{"href":"https:\/\/reteitalianaism.it\/reteism\/index.php\/wp-json\/wp\/v2\/posts\/22467","targetHints":{"allow":["GET"]}}],"collection":[{"href":"https:\/\/reteitalianaism.it\/reteism\/index.php\/wp-json\/wp\/v2\/posts"}],"about":[{"href":"https:\/\/reteitalianaism.it\/reteism\/index.php\/wp-json\/wp\/v2\/types\/post"}],"author":[{"embeddable":true,"href":"https:\/\/reteitalianaism.it\/reteism\/index.php\/wp-json\/wp\/v2\/users\/6"}],"replies":[{"embeddable":true,"href":"https:\/\/reteitalianaism.it\/reteism\/index.php\/wp-json\/wp\/v2\/comments?post=22467"}],"version-history":[{"count":1,"href":"https:\/\/reteitalianaism.it\/reteism\/index.php\/wp-json\/wp\/v2\/posts\/22467\/revisions"}],"predecessor-version":[{"id":22471,"href":"https:\/\/reteitalianaism.it\/reteism\/index.php\/wp-json\/wp\/v2\/posts\/22467\/revisions\/22471"}],"wp:attachment":[{"href":"https:\/\/reteitalianaism.it\/reteism\/index.php\/wp-json\/wp\/v2\/media?parent=22467"}],"wp:term":[{"taxonomy":"category","embeddable":true,"href":"https:\/\/reteitalianaism.it\/reteism\/index.php\/wp-json\/wp\/v2\/categories?post=22467"},{"taxonomy":"post_tag","embeddable":true,"href":"https:\/\/reteitalianaism.it\/reteism\/index.php\/wp-json\/wp\/v2\/tags?post=22467"}],"curies":[{"name":"wp","href":"https:\/\/api.w.org\/{rel}","templated":true}]}}