{"id":22495,"date":"2025-07-08T17:50:16","date_gmt":"2025-07-08T15:50:16","guid":{"rendered":"https:\/\/reteitalianaism.it\/reteism\/?p=22495"},"modified":"2025-07-08T17:50:22","modified_gmt":"2025-07-08T15:50:22","slug":"non-ce-spazio-per-il-genocidio","status":"publish","type":"post","link":"https:\/\/reteitalianaism.it\/reteism\/index.php\/2025\/07\/08\/non-ce-spazio-per-il-genocidio\/","title":{"rendered":"Non c&#8217;\u00e8 spazio per il genocidio!"},"content":{"rendered":"<p>8 luglio 2025<\/p>\n<p><a href=\"https:\/\/www.bdsmovement.net\/news\/no-room-for-genocide\">No Room for Genocide! | BDS Movement<\/a><\/p>\n<div id=\"attachment_22496\" style=\"width: 501px\" class=\"wp-caption aligncenter\"><a href=\"http:\/\/reteitalianaism.it\/reteism\/wp-content\/uploads\/2025\/07\/Screenshot-2025-07-08-174302.png\"><img loading=\"lazy\" decoding=\"async\" aria-describedby=\"caption-attachment-22496\" class=\" wp-image-22496\" src=\"http:\/\/reteitalianaism.it\/reteism\/wp-content\/uploads\/2025\/07\/Screenshot-2025-07-08-174302-300x80.png\" alt=\"\" width=\"491\" height=\"131\" srcset=\"https:\/\/reteitalianaism.it\/reteism\/wp-content\/uploads\/2025\/07\/Screenshot-2025-07-08-174302-300x80.png 300w, https:\/\/reteitalianaism.it\/reteism\/wp-content\/uploads\/2025\/07\/Screenshot-2025-07-08-174302-1024x273.png 1024w, https:\/\/reteitalianaism.it\/reteism\/wp-content\/uploads\/2025\/07\/Screenshot-2025-07-08-174302-768x205.png 768w, https:\/\/reteitalianaism.it\/reteism\/wp-content\/uploads\/2025\/07\/Screenshot-2025-07-08-174302-1536x409.png 1536w, https:\/\/reteitalianaism.it\/reteism\/wp-content\/uploads\/2025\/07\/Screenshot-2025-07-08-174302.png 1547w\" sizes=\"auto, (max-width: 491px) 100vw, 491px\" \/><\/a><p id=\"caption-attachment-22496\" class=\"wp-caption-text\">dal sito bdsmovement.net<\/p><\/div>\n<p><span class=\"jCAhz JpY6Fd\"><span class=\"ryNqvb\">Contrastando la negligenza volontaria e la complicit\u00e0 degli stati nel genocidio israeliano contro 2,3 milioni di palestinesi a Gaza, la sua occupazione illegale e il suo regime di apartheid coloniale durato 77 anni, attivisti per i diritti umani, organizzazioni e aziende stanno intervenendo per promuovere il rispetto e garantire la responsabilit\u00e0 in conformit\u00e0 con il diritto internazionale.<\/span><\/span><\/p>\n<p><span class=\"jCAhz ChMk0b\"><span class=\"ryNqvb\">Dai piccoli imprenditori che chiedono ai visitatori di firmare un impegno di non coinvolgimento in crimini di guerra ai tour operator e alle agenzie di trekking che dichiarano &#8220;i criminali di guerra non sono benvenuti&#8221;, queste azioni coraggiose stanno difendendo i pilastri del sistema di diritto internazionale, mentre Israele, con il sostegno di Stati Uniti ed Europa, lo sta smantellando.<\/span><\/span><\/p>\n<p><span class=\"jCAhz ChMk0b\"><span class=\"ryNqvb\">Tuttavia, \u00e8 giunto il momento che gli stati si assumano la responsabilit\u00e0 di garantire che i criminali di guerra non siano ammessi nel loro territorio e\/o di perseguirli per i loro crimini.<\/span><\/span><!--more--><\/p>\n<p><span class=\"jCAhz ChMk0b\"><span class=\"ryNqvb\">Il Comitato Nazionale Palestinese per il BDS (BNC), in quanto pi\u00f9 grande coalizione della societ\u00e0 civile palestinese e leader del movimento BDS globale, invita partner, alleati e sostenitori in tutto il mondo a fare pressione sui rispettivi governi affinch\u00e9 modifichino le politiche in materia di immigrazione e visti, allineandole agli standard e agli obblighi legali internazionali.<\/span><\/span> <span class=\"jCAhz\"><span class=\"ryNqvb\">In particolare, chiediamo le seguenti azioni:<\/span><\/span><\/p>\n<ol>\n<li><span class=\"jCAhz ChMk0b\"><span class=\"ryNqvb\">Recedere da tutti gli accordi di esenzione dal visto con Israele.<\/span><\/span><\/li>\n<li><span class=\"jCAhz ChMk0b\"><span class=\"ryNqvb\">Istituire controlli alle frontiere per l&#8217;immigrazione per verificare che individui di nazionalit\u00e0 israeliana o di altre nazionalit\u00e0 non siano coinvolti in crimini di guerra, crimini contro l&#8217;umanit\u00e0 e genocidio, compresi quelli contro i palestinesi.<\/span><\/span><\/li>\n<li><span class=\"jCAhz ChMk0b\"><span class=\"ryNqvb\">Chiunque sia sospettato in modo credibile di essere coinvolto in tali crimini atroci dovrebbe essere sottoposto a misure di accertamento delle responsabilit\u00e0, tra cui il diniego di ingresso e, ove possibile, azioni legali.<\/span><\/span><span class=\"jCAhz ChMk0b\"><span class=\"ryNqvb\"> Se individui sospettati di coinvolgimento in crimini internazionali superano o eludono in qualche modo i controlli e vengono trovati all&#8217;interno dei confini di un terzo Stato, le autorit\u00e0 competenti devono indagare e, se necessario, perseguirli con la massima rigore di legge.<\/span><\/span><\/li>\n<\/ol>\n<p><span class=\"jCAhz ChMk0b\"><span class=\"ryNqvb\">Queste misure sono in linea con gli obblighi giuridici previsti dal diritto internazionale, incluso il dovere di non commettere, non essere complici, nonch\u00e9 di prevenire, perseguire e punire genocidio, apartheid e altri crimini atroci.<\/span><\/span> <span class=\"jCAhz ChMk0b\"><span class=\"ryNqvb\">Questo appello si concentra sulla complicit\u00e0, non sull&#8217;identit\u00e0, e raccomanda i seguenti criteri di selezione:<\/span><\/span><\/p>\n<ol>\n<li><span class=\"jCAhz ChMk0b\"><span class=\"ryNqvb\">Chiunque, indipendentemente dalla cittadinanza israeliana o meno, abbia prestato servizio nell&#8217;esercito israeliano (incluse le unit\u00e0 logistiche e di intelligence) dal 7 ottobre 2023.<\/span><\/span><\/li>\n<li><span class=\"jCAhz ChMk0b\"><span class=\"ryNqvb\">Chiunque sia ragionevolmente sospettato di aver aiutato, assistito o cospirato nella commissione di crimini di guerra, crimini contro l&#8217;umanit\u00e0 o genocidio, in qualsiasi momento, durante o al di fuori del servizio militare.<\/span><\/span><\/li>\n<li><span class=\"jCAhz ChMk0b\"><span class=\"ryNqvb\"> Chiunque sia ragionevolmente sospettato di essere coinvolto nell&#8217;istigazione pubblica a commettere crimini di guerra, crimini contro l&#8217;umanit\u00e0 o genocidio, in qualsiasi momento, durante o al di fuori del servizio militare.<\/span><\/span><\/li>\n<\/ol>\n<p><span class=\"jCAhz ChMk0b\"><span class=\"ryNqvb\">Inoltre, qualsiasi israeliano che risieda o lavori in un insediamento coloniale israeliano illegale nei Territori Palestinesi Occupati (TPO), inclusa Gerusalemme Est, o sulle Alture del Golan siriane occupate, e qualsiasi israeliano o straniero che fornisca supporto materiale a tale insediamento, partecipa consapevolmente a un crimine di guerra e deve pertanto esserne ritenuto responsabile.<\/span><\/span><\/p>\n<p><span class=\"jCAhz ChMk0b\"><span class=\"ryNqvb\"> Con questo appello, il movimento BDS chiede che venga assunta la responsabilit\u00e0 in conformit\u00e0 con le principali risoluzioni dell&#8217;Assemblea Generale delle Nazioni Unite, le ordinanze provvisorie e i pareri consultivi della Corte Internazionale di Giustizia, le indagini in corso della Corte Penale Internazionale e i rapporti\/raccomandazioni degli esperti delle Nazioni Unite per i diritti umani, nonch\u00e9 delle organizzazioni palestinesi e internazionali per i diritti umani, relativi al genocidio in corso a Gaza da parte di Israele e al suo regime illegale di occupazione militare e apartheid.<\/span><\/span><\/p>\n<p><span class=\"jCAhz ChMk0b\"><span class=\"ryNqvb\">Diversi stati prevedono controlli per crimini di guerra nell&#8217;ambito delle loro politiche di richiesta di visto e di immigrazione.<\/span><\/span> <span class=\"jCAhz ChMk0b\"><span class=\"ryNqvb\">Recentemente, l&#8217;Unione Europea ha modificato il suo meccanismo di sospensione dei viaggi senza visto per soggiorni di breve durata, includendo le violazioni dei diritti umani tra i motivi di sospensione.<\/span><\/span> <span class=\"jCAhz ChMk0b\"><span class=\"ryNqvb\">Sebbene tali misure diano teoricamente priorit\u00e0 al diritto internazionale e ai diritti umani, la loro attuazione coerente e completa resta da vedere.<\/span><\/span> <span class=\"jCAhz ChMk0b\"><span class=\"ryNqvb\">\u00c8 dovere di questi stati astenersi dall&#8217;ipocrisia dimostrata finora nel proteggere il regime genocida israeliano dalle sue responsabilit\u00e0.<\/span><\/span> <span class=\"jCAhz\"><span class=\"ryNqvb\">\u00c8 altrettanto importante che tali politiche non diventino strumenti per rafforzare i regimi di immigrazione violenti, che gi\u00e0 prendono di mira poveri, rifugiati, migranti e persone di colore.<\/span><\/span><\/p>\n<p><span class=\"jCAhz ChMk0b\"><span class=\"ryNqvb\">Ultimamente, tali cambiamenti politici hanno iniziato a colpire potenziali criminali di guerra israeliani.<\/span><\/span> <span class=\"jCAhz ChMk0b\"><span class=\"ryNqvb\">La Colombia ha annunciato un&#8217;inversione di tendenza rispetto alla sua politica di esenzione dal visto per soggiorni di breve durata per i cittadini israeliani, sebbene non sia ancora stata attuata.<\/span><\/span> <span class=\"jCAhz ChMk0b\"><span class=\"ryNqvb\">I controlli sui visti hanno portato al diniego di ingresso e, in altri casi, sono state avviate indagini contro presunti criminali di guerra e autori di genocidio israeliani la cui presenza \u00e8 stata segnalata.<\/span><\/span><\/p>\n<p><span class=\"jCAhz ChMk0b\"><span class=\"ryNqvb\">L&#8217;attuazione di controlli per crimini di guerra, crimini contro l&#8217;umanit\u00e0 e genocidio prima di concedere visti a sospetti criminali di guerra israeliani, autori di genocidio e coloni illegali \u00e8 il primo passo verso l&#8217;incriminazione.<\/span><\/span> <span class=\"jCAhz ChMk0b\"><span class=\"ryNqvb\">Ci\u00f2 proteggerebbe anche la sicurezza e il benessere delle persone in tutto il mondo da questi sospetti criminali di guerra.<\/span><\/span> <span class=\"jCAhz ChMk0b\"><span class=\"ryNqvb\">Questo non si limita a pochi individui al vertice.<\/span><\/span> <span class=\"jCAhz ChMk0b\"><span class=\"ryNqvb\">Centinaia di migliaia di uomini e donne israeliani hanno prestato servizio militare durante questo genocidio in corso e la probabilit\u00e0 del loro coinvolgimento nella commissione di crimini atroci \u00e8 estremamente elevata.<\/span><\/span> <span class=\"jCAhz ChMk0b\"><span class=\"ryNqvb\">Tutti devono essere indagati e, se necessario, perseguiti con tutta la forza prevista dalla legge.<\/span><\/span> <span class=\"jCAhz ChMk0b\"><span class=\"ryNqvb\">Senza tali misure concrete, non esiste alcun deterrente contro il commettere tali crimini impunemente.<\/span><\/span><\/p>\n","protected":false},"excerpt":{"rendered":"<p>8 luglio 2025 No Room for Genocide! | BDS Movement Contrastando la negligenza volontaria e la complicit\u00e0 degli stati nel genocidio israeliano contro 2,3 milioni di palestinesi a Gaza, la sua occupazione illegale e il suo regime di apartheid coloniale &hellip; <a href=\"https:\/\/reteitalianaism.it\/reteism\/index.php\/2025\/07\/08\/non-ce-spazio-per-il-genocidio\/\">Continue reading <span class=\"meta-nav\">&rarr;<\/span><\/a><\/p>\n","protected":false},"author":6,"featured_media":0,"comment_status":"open","ping_status":"open","sticky":false,"template":"","format":"standard","meta":{"footnotes":""},"categories":[2,3],"tags":[76,179,1027],"class_list":["post-22495","post","type-post","status-publish","format-standard","hentry","category-gaza-2","category-info","tag-bds","tag-genocidio","tag-no-room-for-genocide"],"_links":{"self":[{"href":"https:\/\/reteitalianaism.it\/reteism\/index.php\/wp-json\/wp\/v2\/posts\/22495","targetHints":{"allow":["GET"]}}],"collection":[{"href":"https:\/\/reteitalianaism.it\/reteism\/index.php\/wp-json\/wp\/v2\/posts"}],"about":[{"href":"https:\/\/reteitalianaism.it\/reteism\/index.php\/wp-json\/wp\/v2\/types\/post"}],"author":[{"embeddable":true,"href":"https:\/\/reteitalianaism.it\/reteism\/index.php\/wp-json\/wp\/v2\/users\/6"}],"replies":[{"embeddable":true,"href":"https:\/\/reteitalianaism.it\/reteism\/index.php\/wp-json\/wp\/v2\/comments?post=22495"}],"version-history":[{"count":1,"href":"https:\/\/reteitalianaism.it\/reteism\/index.php\/wp-json\/wp\/v2\/posts\/22495\/revisions"}],"predecessor-version":[{"id":22497,"href":"https:\/\/reteitalianaism.it\/reteism\/index.php\/wp-json\/wp\/v2\/posts\/22495\/revisions\/22497"}],"wp:attachment":[{"href":"https:\/\/reteitalianaism.it\/reteism\/index.php\/wp-json\/wp\/v2\/media?parent=22495"}],"wp:term":[{"taxonomy":"category","embeddable":true,"href":"https:\/\/reteitalianaism.it\/reteism\/index.php\/wp-json\/wp\/v2\/categories?post=22495"},{"taxonomy":"post_tag","embeddable":true,"href":"https:\/\/reteitalianaism.it\/reteism\/index.php\/wp-json\/wp\/v2\/tags?post=22495"}],"curies":[{"name":"wp","href":"https:\/\/api.w.org\/{rel}","templated":true}]}}