{"id":22503,"date":"2025-07-11T15:20:52","date_gmt":"2025-07-11T13:20:52","guid":{"rendered":"https:\/\/reteitalianaism.it\/reteism\/?p=22503"},"modified":"2025-07-11T15:21:20","modified_gmt":"2025-07-11T13:21:20","slug":"israele-nega-le-cure-a-migliaia-di-cittadini-di-gaza-che-hanno-perso-arti-negli-attacchi-israeliani-quasi-1-000-dei-quali-bambini","status":"publish","type":"post","link":"https:\/\/reteitalianaism.it\/reteism\/index.php\/2025\/07\/11\/israele-nega-le-cure-a-migliaia-di-cittadini-di-gaza-che-hanno-perso-arti-negli-attacchi-israeliani-quasi-1-000-dei-quali-bambini\/","title":{"rendered":"Israele nega le cure a migliaia di cittadini di Gaza che hanno perso arti negli attacchi israeliani, quasi 1.000 dei quali bambini."},"content":{"rendered":"<p>9 luglio 2025<\/p>\n<p><a href=\"https:\/\/www.btselem.org\/20250709_israel_denying_thousands_of_amputees_in_gaza_including_children_proper_care\">Israel denying treatment to thousands of Gazans who lost limbs in Israeli attacks, almost 1,000 of them children | B&#8217;Tselem<\/a><\/p>\n<div id=\"attachment_22504\" style=\"width: 403px\" class=\"wp-caption aligncenter\"><a href=\"http:\/\/reteitalianaism.it\/reteism\/wp-content\/uploads\/2025\/07\/ziyarah_01_1.jpg\"><img loading=\"lazy\" decoding=\"async\" aria-describedby=\"caption-attachment-22504\" class=\" wp-image-22504\" src=\"http:\/\/reteitalianaism.it\/reteism\/wp-content\/uploads\/2025\/07\/ziyarah_01_1-300x110.jpg\" alt=\"\" width=\"393\" height=\"144\" srcset=\"https:\/\/reteitalianaism.it\/reteism\/wp-content\/uploads\/2025\/07\/ziyarah_01_1-300x110.jpg 300w, https:\/\/reteitalianaism.it\/reteism\/wp-content\/uploads\/2025\/07\/ziyarah_01_1-1024x375.jpg 1024w, https:\/\/reteitalianaism.it\/reteism\/wp-content\/uploads\/2025\/07\/ziyarah_01_1-768x282.jpg 768w, https:\/\/reteitalianaism.it\/reteism\/wp-content\/uploads\/2025\/07\/ziyarah_01_1.jpg 1200w\" sizes=\"auto, (max-width: 393px) 100vw, 393px\" \/><\/a><p id=\"caption-attachment-22504\" class=\"wp-caption-text\">dal sito btselem.org<\/p><\/div>\n<p><span class=\"jCAhz ChMk0b\"><span class=\"ryNqvb\">Da quando Israele ha lanciato la sua guerra totale contro la Striscia di Gaza, fino a maggio 2025, i suoi attacchi hanno ferito oltre 100.000 persone, la stragrande maggioranza delle quali civili.<\/span><\/span> <span class=\"jCAhz ChMk0b\"><span class=\"ryNqvb\">Inoltre, Israele sta conducendo un attacco diretto e sistematico all&#8217;intera infrastruttura sanitaria della Striscia di Gaza, ignorando le speciali protezioni garantite dal diritto internazionale a ospedali, \u00e9quipe mediche, feriti e malati.<\/span><\/span><span class=\"jCAhz ChMk0b\"><span class=\"ryNqvb\"> Un documento di posizione pubblicato da Physicians for Human Rights Israel (PHRI) nel marzo 2025 afferma che, a seguito degli attacchi e del blocco imposto da Israele, il sistema sanitario nella Striscia di Gaza \u00e8 quasi completamente al collasso.<\/span><\/span> <span class=\"jCAhz ChMk0b\"><span class=\"ryNqvb\">Secondo l&#8217;Ufficio delle Nazioni Unite per il Coordinamento degli Affari Umanitari (OCHA), solo 17 dei 36 ospedali di Gaza sono attualmente funzionanti, e anche questi solo parzialmente.<\/span><\/span> <span class=\"jCAhz ChMk0b\"><span class=\"ryNqvb\">Dei 3.560 posti letto ospedalieri esistenti prima della guerra, ne rimangono solo 1.685.<\/span><\/span> <span class=\"jCAhz ChMk0b\"><span class=\"ryNqvb\">Delle 105 sale operatorie, solo 45 sono ancora in uso e circa l&#8217;87% delle attrezzature chirurgiche ortopediche non \u00e8 disponibile.<\/span><\/span> <span class=\"jCAhz ChMk0b\"><span class=\"ryNqvb\">In queste condizioni, il personale medico non \u00e8 in grado di curare pazienti e feriti.<\/span><\/span><!--more--><\/p>\n<p><span class=\"jCAhz ChMk0b\"><span class=\"ryNqvb\">PHRI ha inoltre riferito che, nonostante la distruzione del sistema sanitario nella Striscia di Gaza, Israele impedisce alla stragrande maggioranza dei pazienti e dei feriti di uscire per ricevere cure mediche in Cisgiordania o in paesi terzi.<\/span><\/span> <span class=\"jCAhz ChMk0b\"><span class=\"ryNqvb\">Dalla chiusura del valico di Rafah nel maggio 2024 al cessate il fuoco temporaneo del 19 gennaio 2025, solo 450 pazienti sono stati evacuati dalla Striscia di Gaza.<\/span><\/span> <span class=\"jCAhz ChMk0b\"><span class=\"ryNqvb\">Durante il cessate il fuoco, violato da Israele il 18 marzo 2025, circa 1.680 pazienti aggiuntivi sono stati evacuati, tutti attraverso il valico di Rafah, ad eccezione di otto attraverso il valico di Kerem Shalom.<\/span><\/span> <span class=\"jCAhz ChMk0b\"><span class=\"ryNqvb\">Da allora, in un periodo di oltre tre mesi, solo circa 280 pazienti sono stati evacuati.<\/span><\/span> <span class=\"jCAhz ChMk0b\"><span class=\"ryNqvb\">Attualmente, circa 14.380 pazienti necessitano urgentemente di cure mediche non disponibili nella Striscia di Gaza.<\/span><\/span> <span class=\"jCAhz ChMk0b\"><span class=\"ryNqvb\">Secondo il Ministero della Salute palestinese, almeno 513 pazienti sono deceduti mentre attendevano il permesso di uscire dalla Striscia per ricevere cure mediche.<\/span><\/span><\/p>\n<div id=\"attachment_22505\" style=\"width: 375px\" class=\"wp-caption aligncenter\"><a href=\"http:\/\/reteitalianaism.it\/reteism\/wp-content\/uploads\/2025\/07\/ziyarah_01_1-1.jpg\"><img loading=\"lazy\" decoding=\"async\" aria-describedby=\"caption-attachment-22505\" class=\" wp-image-22505\" src=\"http:\/\/reteitalianaism.it\/reteism\/wp-content\/uploads\/2025\/07\/ziyarah_01_1-1-300x110.jpg\" alt=\"\" width=\"365\" height=\"134\" srcset=\"https:\/\/reteitalianaism.it\/reteism\/wp-content\/uploads\/2025\/07\/ziyarah_01_1-1-300x110.jpg 300w, https:\/\/reteitalianaism.it\/reteism\/wp-content\/uploads\/2025\/07\/ziyarah_01_1-1-1024x375.jpg 1024w, https:\/\/reteitalianaism.it\/reteism\/wp-content\/uploads\/2025\/07\/ziyarah_01_1-1-768x282.jpg 768w, https:\/\/reteitalianaism.it\/reteism\/wp-content\/uploads\/2025\/07\/ziyarah_01_1-1.jpg 1200w\" sizes=\"auto, (max-width: 365px) 100vw, 365px\" \/><\/a><p id=\"caption-attachment-22505\" class=\"wp-caption-text\">Hani Ziyarah in ospedale dopo l&#8217;amputazione. Foto per gentile concessione della famiglia.<\/p><\/div>\n<p><em><span class=\"HwtZe\" lang=\"it\"><span class=\"jCAhz ChMk0b\"><span class=\"ryNqvb\">In ospedale, le ferite vengono pulite una volta al giorno sotto anestesia in sala operatoria.<\/span><\/span> <span class=\"jCAhz ChMk0b\"><span class=\"ryNqvb\">La sua zona pelvica \u00e8 costantemente a rischio di infezione a causa della vicinanza al retto e all&#8217;uretra.<\/span><\/span> <span class=\"jCAhz ChMk0b\"><span class=\"ryNqvb\">Ha subito un altro intervento chirurgico all&#8217;addome e i medici gli hanno creato una stomia.<\/span><\/span> <span class=\"jCAhz ChMk0b\"><span class=\"ryNqvb\">Le sue condizioni sono molto gravi.<\/span><\/span> <span class=\"jCAhz ChMk0b\"><span class=\"ryNqvb\">Ha bisogno urgentemente di cure fuori dalla Striscia perch\u00e9 l&#8217;ospedale non \u00e8 attrezzato per lui: non ci sono farmaci n\u00e9 antidolorifici.<\/span><\/span> <a href=\"https:\/\/www.btselem.org\/voices_from_gaza\/laylah_ziyarah\"><span class=\"jCAhz ChMk0b\"><span class=\"ryNqvb\">Leggi la testimonianza completa di Laylah Ziyarah sull&#8217;amputazione della gamba del suo bambino Hani, durante un attentato [in inglese].<\/span><\/span><\/a><\/span><\/em><\/p>\n<p><strong><span class=\"jCAhz ChMk0b\"><span class=\"ryNqvb\">Mancanza di cure e riabilitazione adeguate per feriti e amputati <\/span><\/span><\/strong><\/p>\n<p><span class=\"jCAhz ChMk0b\"><span class=\"ryNqvb\">Nel gennaio 2025, l&#8217;UNICEF ha segnalato che il numero di bambini amputati nella Striscia di Gaza \u00e8 il pi\u00f9 alto al mondo in rapporto alla popolazione.<\/span><\/span><span class=\"jCAhz ChMk0b\"><span class=\"ryNqvb\"> Secondo un rapporto dell&#8217;Organizzazione Mondiale della Sanit\u00e0 (OMS) pubblicato nel maggio 2025 [copia in archivio presso B&#8217;Tselem], oltre 15.000 persone hanno subito lesioni agli arti \u2013 la lesione pi\u00f9 comune nella guerra in corso \u2013 e oltre 2.000 persone hanno riportato lesioni al midollo spinale o lesioni traumatiche al cervello.<\/span><\/span> <span class=\"jCAhz ChMk0b\"><span class=\"ryNqvb\">Secondo i dati forniti al PHRI dal Ministero della Salute palestinese di Gaza, oltre 4.700 persone hanno subito amputazioni di arti, tra cui oltre 940 bambini e circa 370 donne.<\/span><\/span><span class=\"jCAhz ChMk0b\"><span class=\"ryNqvb\"> Secondo il rapporto dell&#8217;OMS, a maggio 2025, almeno il 25% degli oltre 116.000 feriti a Gaza necessitava di cure riabilitative continue, ma la maggior parte dei servizi riabilitativi ha cessato di funzionare a causa dei bombardamenti, del blocco e della distruzione deliberata delle infrastrutture sanitarie.<\/span><\/span> <span class=\"jCAhz ChMk0b\"><span class=\"ryNqvb\">I servizi riabilitativi sono attualmente disponibili solo in tre ospedali nella Striscia: l&#8217;ospedale Al-Wafa nel quartiere di a-Shuja&#8217;iyeh a Gaza City, l&#8217;ospedale riabilitativo Hamad a nord del campo profughi di a-Shati a Gaza City e l&#8217;ospedale Al-Amal a Khan Yunis.<\/span><\/span> <span class=\"jCAhz ChMk0b\"><span class=\"ryNqvb\">Questi centri riabilitativi stanno collassando sotto il peso del carico, con liste d&#8217;attesa di centinaia di pazienti, dimissioni anticipate contrarie alle raccomandazioni dei medici e team a corto di personale, rimasti senza attrezzature di base come lettini per trattamenti, ausili per la mobilit\u00e0, protesi e bende.<\/span><\/span><\/p>\n<div id=\"attachment_22506\" style=\"width: 295px\" class=\"wp-caption aligncenter\"><a href=\"http:\/\/reteitalianaism.it\/reteism\/wp-content\/uploads\/2025\/07\/malak_a-shurafa2.jpg\"><img loading=\"lazy\" decoding=\"async\" aria-describedby=\"caption-attachment-22506\" class=\" wp-image-22506\" src=\"http:\/\/reteitalianaism.it\/reteism\/wp-content\/uploads\/2025\/07\/malak_a-shurafa2-207x300.jpg\" alt=\"\" width=\"285\" height=\"413\" srcset=\"https:\/\/reteitalianaism.it\/reteism\/wp-content\/uploads\/2025\/07\/malak_a-shurafa2-207x300.jpg 207w, https:\/\/reteitalianaism.it\/reteism\/wp-content\/uploads\/2025\/07\/malak_a-shurafa2.jpg 235w\" sizes=\"auto, (max-width: 285px) 100vw, 285px\" \/><\/a><p id=\"caption-attachment-22506\" class=\"wp-caption-text\">Malak a-Shurafa. Foto per gentile concessione della famiglia<\/p><\/div>\n<p class=\"lRu31\" dir=\"ltr\"><em><span class=\"HwtZe\" lang=\"it\"><span class=\"jCAhz\"><span class=\"ryNqvb\">Gli aerei hanno bombardato casa nostra mentre dormivamo.<\/span><\/span> <span class=\"jCAhz ChMk0b\"><span class=\"ryNqvb\">Mio fratello Ibrahim \u00e8 rimasto ucciso in questo bombardamento insieme a sua moglie, Sally Khader Subhi Yasin, al loro figlio Hamdi, di 2 anni, e alla loro bambina Masah, di 4 mesi.<\/span><\/span> <span class=\"jCAhz ChMk0b\"><span class=\"ryNqvb\">I loro corpi sono stati fatti a pezzi e gettati sui tetti delle case vicine.<\/span><\/span> <span class=\"jCAhz ChMk0b\"><span class=\"ryNqvb\">Sono rimasto gravemente ferito in tutto il corpo, compreso l&#8217;addome, e ho dovuto subire diversi interventi chirurgici.<\/span><\/span> <span class=\"jCAhz ChMk0b\"><span class=\"ryNqvb\">Mia moglie, tutte le mie figlie, mio \u200b\u200bfratello Mahmoud e i suoi familiari sono rimasti feriti [&#8230;] i medici hanno dovuto amputare la gamba di mia figlia Malak, di cinque anni, perch\u00e9 era in pessime condizioni.<\/span><\/span><a href=\"https:\/\/www.btselem.org\/voices_from_gaza\/muhammad_a_shurafa\"> <span class=\"jCAhz ChMk0b\"><span class=\"ryNqvb\">Leggi la testimonianza completa di Muhammad a-Shurafa, sulla figlia Malak, di cinque anni, che ha perso una gamba in un bombardamento [in inglese].<\/span><\/span><\/a><\/span><\/em><\/p>\n<div>\n<p class=\"lRu31\" dir=\"ltr\"><span class=\"HwtZe\" lang=\"it\"><span class=\"jCAhz ChMk0b\"><span class=\"ryNqvb\">Secondo il rapporto, decine di migliaia di feriti e amputati rimangono privi di cure adeguate e molti vengono dimessi in condizioni impossibili: vivono in tende, edifici distrutti o rifugi di fortuna, senza un adeguato accesso ad acqua, elettricit\u00e0 o medicine, e spesso senza familiari che li aiutino.<\/span><\/span> <span class=\"jCAhz ChMk0b\"><span class=\"ryNqvb\">Queste condizioni peggiorano la loro situazione medica e portano a complicazioni irreversibili.<\/span><\/span><span class=\"jCAhz ChMk0b\"><span class=\"ryNqvb\"> Secondo le conversazioni che il personale del PHRI ha avuto con i medici nella Striscia, nonch\u00e9 le informazioni pubblicate da Medici Senza Frontiere (MSF), i medici segnalano una grave carenza di antidolorifici, che ha portato ad amputazioni eseguite senza anestesia, anche nei bambini.<\/span><\/span> <span class=\"jCAhz ChMk0b\"><span class=\"ryNqvb\">I medici hanno inoltre riferito di aver eseguito amputazioni in condizioni igieniche precarie, senza attrezzature chirurgiche adeguate e, in alcuni casi, persino al di fuori degli ospedali.<\/span><\/span> <span class=\"jCAhz ChMk0b\"><span class=\"ryNqvb\">In situazioni in cui farmaci di base come gli antibiotici non erano disponibili, i medici hanno dovuto amputare arti per salvare vite umane, anche in casi in cui l&#8217;amputazione avrebbe potuto essere evitata in circostanze normali.<\/span><\/span><\/span><\/p>\n<div id=\"attachment_22507\" style=\"width: 307px\" class=\"wp-caption aligncenter\"><a href=\"http:\/\/reteitalianaism.it\/reteism\/wp-content\/uploads\/2025\/07\/falastin_barbakh_00_1.jpg\"><img loading=\"lazy\" decoding=\"async\" aria-describedby=\"caption-attachment-22507\" class=\" wp-image-22507\" src=\"http:\/\/reteitalianaism.it\/reteism\/wp-content\/uploads\/2025\/07\/falastin_barbakh_00_1-207x300.jpg\" alt=\"\" width=\"297\" height=\"430\" srcset=\"https:\/\/reteitalianaism.it\/reteism\/wp-content\/uploads\/2025\/07\/falastin_barbakh_00_1-207x300.jpg 207w, https:\/\/reteitalianaism.it\/reteism\/wp-content\/uploads\/2025\/07\/falastin_barbakh_00_1.jpg 235w\" sizes=\"auto, (max-width: 297px) 100vw, 297px\" \/><\/a><p id=\"caption-attachment-22507\" class=\"wp-caption-text\">Falastin Barbakh con la figlia Razan in ospedale. Foto per gentile concessione del testimone.<\/p><\/div>\n<p><em><span class=\"jCAhz ChMk0b\"><span class=\"ryNqvb\">Ogni giorno, Razan veniva portata in sala operatoria per pulire le ferite e cambiare le medicazioni, ma sviluppava comunque una sepsi [&#8230;] Piangevo per lei, perch\u00e9 sapevo che soffriva terribilmente.<\/span><\/span> <span class=\"jCAhz\"><span class=\"ryNqvb\">Una volta mi disse che stava per morire, e questo mi spezz\u00f2 il cuore [&#8230;] Gli antidolorifici non aiutarono;<\/span><\/span> <span class=\"jCAhz ChMk0b\"><span class=\"ryNqvb\">il suo sistema digestivo funzionava a malapena e il livello di ossigeno nel sangue continuava a scendere [&#8230;] Voleva dire addio a suo padre e a me, e non distolse gli occhi da noi finch\u00e9 non esal\u00f2 l&#8217;ultimo respiro e le macchine si zittirono.<\/span><\/span><a href=\"https:\/\/www.btselem.org\/voices_from_gaza\/falastin_barbakh\"><span class=\"jCAhz ChMk0b\"><span class=\"ryNqvb\">Leggi la testimonianza completa di Falastin Barbakh, sulla morte di sua figlia Razan (14), a cui furono amputate entrambe le gambe in seguito a un bombardamento [in inglese].<\/span><\/span><\/a><\/em><\/p>\n<p><span class=\"jCAhz ChMk0b\"><span class=\"ryNqvb\">Secondo il rapporto dell&#8217;OMS, circa 4.370 adulti e bambini che hanno perso arti durante la guerra in corso sono ancora in attesa di ricevere dispositivi di assistenza come stampelle o protesi.<\/span><\/span> <span class=\"jCAhz ChMk0b\"><span class=\"ryNqvb\">Inoltre, l&#8217;83% delle persone attualmente con disabilit\u00e0 nella Striscia di Gaza ha perso i propri dispositivi di assistenza e altre attrezzature essenziali durante lo sfollamento.<\/span><\/span> <span class=\"jCAhz ChMk0b\"><span class=\"ryNqvb\">I servizi comunitari hanno quasi completamente cessato l&#8217;attivit\u00e0 e le persone con disabilit\u00e0 permanenti, inclusi bambini con disabilit\u00e0 croniche e bambini con paralisi cerebrale, ora ricevono cure scarse o nulle.<\/span><\/span><span class=\"jCAhz ChMk0b\"><span class=\"ryNqvb\"> Il rapporto dell&#8217;OMS, insieme alle informazioni ricevute dalla PHRI da team medici locali e internazionali a Gaza, afferma che i team hanno dovuto eseguire interventi chirurgici in condizioni disumane.<\/span><\/span> <span class=\"jCAhz ChMk0b\"><span class=\"ryNqvb\">Alla fine del 2024, il Dr. Husam Abu Safiyah, direttore dell&#8217;ospedale Kamal Adwan, ha riferito che gli interventi chirurgici venivano eseguiti da medici privi della formazione necessaria per tali procedure, a causa della grave carenza di personale specializzato causata dal blocco israeliano.<\/span><\/span> <span class=\"jCAhz ChMk0b\"><span class=\"ryNqvb\">Il dottor Abu Safiyah \u00e8 stato arrestato dalle forze israeliane durante un raid nell&#8217;ospedale il 27 dicembre 2024 e da allora \u00e8 detenuto nella prigione di Ofer.<\/span><\/span><\/p>\n<div id=\"attachment_22508\" style=\"width: 388px\" class=\"wp-caption aligncenter\"><a href=\"http:\/\/reteitalianaism.it\/reteism\/wp-content\/uploads\/2025\/07\/shifa_a_daqi-_2_1.jpg\"><img loading=\"lazy\" decoding=\"async\" aria-describedby=\"caption-attachment-22508\" class=\" wp-image-22508\" src=\"http:\/\/reteitalianaism.it\/reteism\/wp-content\/uploads\/2025\/07\/shifa_a_daqi-_2_1-300x165.jpg\" alt=\"\" width=\"378\" height=\"208\" srcset=\"https:\/\/reteitalianaism.it\/reteism\/wp-content\/uploads\/2025\/07\/shifa_a_daqi-_2_1-300x165.jpg 300w, https:\/\/reteitalianaism.it\/reteism\/wp-content\/uploads\/2025\/07\/shifa_a_daqi-_2_1-1024x561.jpg 1024w, https:\/\/reteitalianaism.it\/reteism\/wp-content\/uploads\/2025\/07\/shifa_a_daqi-_2_1-768x421.jpg 768w, https:\/\/reteitalianaism.it\/reteism\/wp-content\/uploads\/2025\/07\/shifa_a_daqi-_2_1.jpg 1200w\" sizes=\"auto, (max-width: 378px) 100vw, 378px\" \/><\/a><p id=\"caption-attachment-22508\" class=\"wp-caption-text\">A destra: Hanan e Misk a-Daqi dopo l&#8217;amputazione delle gambe. Foto per gentile concessione della famiglia.<\/p><\/div>\n<p><em><span class=\"jCAhz ChMk0b\"><span class=\"ryNqvb\">Temo il momento in cui Hanan e Misk mi chiederanno delle loro gambe.<\/span><\/span> <span class=\"jCAhz\"><span class=\"ryNqvb\">Cosa dir\u00f2 loro?<\/span><\/span> <span class=\"jCAhz ChMk0b\"><span class=\"ryNqvb\">Quando andr\u00f2 a comprare le scarpe per i miei figli, cosa far\u00f2 quando Hanan e Misk mi chiederanno perch\u00e9 non ne compro anche a loro?<\/span><\/span> <span class=\"jCAhz\"><span class=\"ryNqvb\">[&#8230;] Come si adatteranno alla nuova situazione?<\/span><\/span> <span class=\"jCAhz ChMk0b\"><span class=\"ryNqvb\">Hanno perso la madre, l&#8217;amore, la compassione e la sicurezza che dava loro, e hanno perso anche le gambe, la capacit\u00e0 di muoversi e giocare.<\/span><\/span><a href=\"https:\/\/www.btselem.org\/voices_from_gaza\/shifa_a_daqi\"><span class=\"jCAhz ChMk0b\"><span class=\"ryNqvb\">Leggi la testimonianza completa di Shifa a-Daqi, sulle sue due nipotine piccole a cui sono state amputate le gambe in un bombardamento [in inglese].<\/span><\/span><\/a><\/em><\/p>\n<p><span class=\"jCAhz ChMk0b\"><span class=\"ryNqvb\">Secondo il rapporto dell&#8217;OMS, molti amputati necessitano ora di interventi medici non disponibili nella Striscia, come interventi di chirurgia ricostruttiva aggiuntivi e protesi.<\/span><\/span> <span class=\"jCAhz ChMk0b\"><span class=\"ryNqvb\">Di conseguenza, i feriti rimangono senza cure, senza supporto e senza speranza di una guarigione adeguata.<\/span><\/span> <span class=\"jCAhz ChMk0b\"><span class=\"ryNqvb\">Solo un piccolo numero di pazienti \u00e8 stato in grado di partire per cure all&#8217;estero, principalmente in Egitto, ma anche queste cure sono estremamente limitate e insufficienti per le loro esigenze.<\/span><\/span><\/p>\n<div id=\"attachment_22509\" style=\"width: 334px\" class=\"wp-caption aligncenter\"><a href=\"http:\/\/reteitalianaism.it\/reteism\/wp-content\/uploads\/2025\/07\/maha_kweik_rizeq_2_0.jpg\"><img loading=\"lazy\" decoding=\"async\" aria-describedby=\"caption-attachment-22509\" class=\" wp-image-22509\" src=\"http:\/\/reteitalianaism.it\/reteism\/wp-content\/uploads\/2025\/07\/maha_kweik_rizeq_2_0-207x300.jpg\" alt=\"\" width=\"324\" height=\"470\" srcset=\"https:\/\/reteitalianaism.it\/reteism\/wp-content\/uploads\/2025\/07\/maha_kweik_rizeq_2_0-207x300.jpg 207w, https:\/\/reteitalianaism.it\/reteism\/wp-content\/uploads\/2025\/07\/maha_kweik_rizeq_2_0.jpg 235w\" sizes=\"auto, (max-width: 324px) 100vw, 324px\" \/><\/a><p id=\"caption-attachment-22509\" class=\"wp-caption-text\">Omar Abu Kweik dopo l&#8217;infortunio. Foto per gentile concessione della famiglia.<\/p><\/div>\n<div class=\"UdTY9 WdefRb\" aria-hidden=\"true\" data-location=\"2\"><em><span class=\"jCAhz ChMk0b\" style=\"font-size: 16px;\"><span class=\"ryNqvb\">Omar soffre terribilmente da quando \u00e8 rimasto ferito e ha perso la famiglia.<\/span><\/span><span class=\"jCAhz ChMk0b\" style=\"font-size: 16px;\"><span class=\"ryNqvb\">Si nasconde sempre, non gli piace essere visto e cerca di nascondere il braccio amputato e il volto.<\/span><\/span><span class=\"jCAhz ChMk0b\" style=\"font-size: 16px;\"><span class=\"ryNqvb\">Va spesso in bagno, ma gli esami hanno dimostrato che non si tratta di un problema medico.<\/span><\/span><span class=\"jCAhz ChMk0b\" style=\"font-size: 16px;\"><span class=\"ryNqvb\">Il medico mi ha detto che ha a che fare con il suo stato mentale.<\/span><\/span> <a href=\"https:\/\/www.btselem.org\/voices_from_gaza\/maha_kweik_rizeq\"><span class=\"jCAhz ChMk0b\" style=\"font-size: 16px;\"><span class=\"ryNqvb\">Leggi la testimonianza completa di Maha Abu Kweik-Abu Rizeq, sul nipote Omar che ha perso la famiglia in un bombardamento e gli \u00e8 stato amputato un braccio [in inglese].<\/span><\/span><\/a><\/em><\/div>\n<\/div>\n<p aria-hidden=\"true\" data-location=\"2\"><span class=\"jCAhz ChMk0b\"><span class=\"ryNqvb\">Il rapporto afferma che i bambini amputati nella Striscia di Gaza versano in gravi condizioni fisiche e psicologiche.<\/span><\/span> <span class=\"jCAhz\"><span class=\"ryNqvb\">Fisicamente, dopo aver ricevuto cure parziali nella migliore delle ipotesi, vengono dimessi in condizioni di vita che impediscono loro di continuare il trattamento.<\/span><\/span> <span class=\"jCAhz\"><span class=\"ryNqvb\">In una pubblicazione del settembre 2024, Human Rights Watch ha descritto il particolare disagio psicologico sperimentato dai bambini feriti e disabili a Gaza dall&#8217;inizio della guerra.<\/span><\/span> <span class=\"jCAhz ChMk0b\"><span class=\"ryNqvb\">Secondo il rapporto, dopo mesi di traumi, sfollamenti e condizioni di vita impossibili, molti ora soffrono di depressione, ansia, disturbi del sonno e altri problemi psicologici, che spesso compromettono ulteriormente il loro recupero e causano danni irreversibili allo sviluppo.<\/span><\/span> <span class=\"jCAhz ChMk0b\"><span class=\"ryNqvb\">I servizi di salute mentale e di supporto psicosociale, il cui accesso era gi\u00e0 limitato prima della guerra, sono diventati ancora pi\u00f9 rari dall&#8217;inizio dell&#8217;attacco.<\/span><\/span> <span class=\"jCAhz ChMk0b\"><span class=\"ryNqvb\">Il rapporto ha inoltre rilevato che questi bambini provano ansia per l&#8217;impossibilit\u00e0 di fuggire dai bombardamenti a causa della loro disabilit\u00e0, temono di essere abbandonati la prossima volta che la loro famiglia sar\u00e0 sfollata e temono che le loro condizioni possano mettere in pericolo il resto della famiglia.<\/span><\/span> <span class=\"jCAhz ChMk0b\"><span class=\"ryNqvb\">Molti sono ricoverati in ospedale senza la famiglia al loro fianco, avendo perso molti dei loro parenti.<\/span><\/span> <span class=\"jCAhz ChMk0b\"><span class=\"ryNqvb\">Oltre 100.000 feriti e disabili nella Striscia di Gaza vivono ora senza accesso a cure mediche, supporto umano o alle infrastrutture pi\u00f9 ampie necessarie per una riabilitazione adeguata.<\/span><\/span> <span class=\"jCAhz ChMk0b\"><span class=\"ryNqvb\">Una deliberata politica israeliana di blocco, bombardamenti e continua negligenza li ha resi indifesi, in una realt\u00e0 senza possibilit\u00e0 di guarigione.<\/span><\/span><\/p>\n<div class=\"UdTY9 WdefRb\" aria-hidden=\"true\" data-location=\"2\">\n<div id=\"attachment_22510\" style=\"width: 301px\" class=\"wp-caption aligncenter\"><a href=\"http:\/\/reteitalianaism.it\/reteism\/wp-content\/uploads\/2025\/07\/ahmad_al_ghalban_1.6.25_1_1.jpg\"><img loading=\"lazy\" decoding=\"async\" aria-describedby=\"caption-attachment-22510\" class=\" wp-image-22510\" src=\"http:\/\/reteitalianaism.it\/reteism\/wp-content\/uploads\/2025\/07\/ahmad_al_ghalban_1.6.25_1_1-207x300.jpg\" alt=\"\" width=\"291\" height=\"422\" srcset=\"https:\/\/reteitalianaism.it\/reteism\/wp-content\/uploads\/2025\/07\/ahmad_al_ghalban_1.6.25_1_1-207x300.jpg 207w, https:\/\/reteitalianaism.it\/reteism\/wp-content\/uploads\/2025\/07\/ahmad_al_ghalban_1.6.25_1_1.jpg 235w\" sizes=\"auto, (max-width: 291px) 100vw, 291px\" \/><\/a><p id=\"caption-attachment-22510\" class=\"wp-caption-text\">Ahmed Al-Ghalban dopo il suo infortunio. Foto per gentile concessione di Al-Ghalban<\/p><\/div>\n<p><em><span class=\"jCAhz\"><span class=\"ryNqvb\">Prima del mio infortunio, ero una ginnasta professionista.<\/span><\/span> <span class=\"jCAhz\"><span class=\"ryNqvb\">[Mio fratello gemello] Muhammad e io gareggiavamo in gare ed eventi.<\/span><\/span> <span class=\"jCAhz\"><span class=\"ryNqvb\">Eravamo tra i migliori nel nord di Gaza.<\/span><\/span> <span class=\"jCAhz ChMk0b\"><span class=\"ryNqvb\">Ma l&#8217;occupazione mi ha rubato tutto: mio fratello gemello, le mie gambe, la mia capacit\u00e0 di fare qualsiasi cosa.<\/span><\/span> <span class=\"jCAhz ChMk0b\"><span class=\"ryNqvb\">La mia anima \u00e8 a pezzi.<\/span><\/span> <span class=\"jCAhz ChMk0b\"><span class=\"ryNqvb\">[&#8230;] Sono ancora in cura all&#8217;ospedale Patient&#8217;s Friends nel quartiere di a-Rimal.<\/span><\/span> <span class=\"jCAhz ChMk0b\"><span class=\"ryNqvb\">\u00c8 davvero difficile arrivarci a causa delle macerie e dei detriti per le strade.<\/span><\/span> <span class=\"jCAhz ChMk0b\"><span class=\"ryNqvb\">Mio padre cerca di procurarmi antidolorifici in farmacia, ma sono molto costosi.<\/span><\/span> <span class=\"jCAhz ChMk0b\"><span class=\"ryNqvb\">[&#8230;] Soffro di forti dolori e sono messo male emotivamente.<\/span><\/span> <a href=\"https:\/\/www.btselem.org\/voices_from_gaza\/ahmad_al_ghalban\"><span class=\"jCAhz ChMk0b\"><span class=\"ryNqvb\">Leggi la testimonianza completa di Ahmad al-Ghalban (16), che ha perso suo fratello gemello ed entrambe le gambe in un bombardamento [in inglese].<\/span><\/span><\/a><\/em><\/p>\n<\/div>\n","protected":false},"excerpt":{"rendered":"<p>9 luglio 2025 Israel denying treatment to thousands of Gazans who lost limbs in Israeli attacks, almost 1,000 of them children | B&#8217;Tselem Da quando Israele ha lanciato la sua guerra totale contro la Striscia di Gaza, fino a maggio &hellip; <a href=\"https:\/\/reteitalianaism.it\/reteism\/index.php\/2025\/07\/11\/israele-nega-le-cure-a-migliaia-di-cittadini-di-gaza-che-hanno-perso-arti-negli-attacchi-israeliani-quasi-1-000-dei-quali-bambini\/\">Continue reading <span class=\"meta-nav\">&rarr;<\/span><\/a><\/p>\n","protected":false},"author":6,"featured_media":0,"comment_status":"open","ping_status":"open","sticky":false,"template":"","format":"standard","meta":{"footnotes":""},"categories":[2,3],"tags":[294,25,179,528],"class_list":["post-22503","post","type-post","status-publish","format-standard","hentry","category-gaza-2","category-info","tag-cure-mediche","tag-gaza","tag-genocidio","tag-genocidio-di-gaza"],"_links":{"self":[{"href":"https:\/\/reteitalianaism.it\/reteism\/index.php\/wp-json\/wp\/v2\/posts\/22503","targetHints":{"allow":["GET"]}}],"collection":[{"href":"https:\/\/reteitalianaism.it\/reteism\/index.php\/wp-json\/wp\/v2\/posts"}],"about":[{"href":"https:\/\/reteitalianaism.it\/reteism\/index.php\/wp-json\/wp\/v2\/types\/post"}],"author":[{"embeddable":true,"href":"https:\/\/reteitalianaism.it\/reteism\/index.php\/wp-json\/wp\/v2\/users\/6"}],"replies":[{"embeddable":true,"href":"https:\/\/reteitalianaism.it\/reteism\/index.php\/wp-json\/wp\/v2\/comments?post=22503"}],"version-history":[{"count":1,"href":"https:\/\/reteitalianaism.it\/reteism\/index.php\/wp-json\/wp\/v2\/posts\/22503\/revisions"}],"predecessor-version":[{"id":22511,"href":"https:\/\/reteitalianaism.it\/reteism\/index.php\/wp-json\/wp\/v2\/posts\/22503\/revisions\/22511"}],"wp:attachment":[{"href":"https:\/\/reteitalianaism.it\/reteism\/index.php\/wp-json\/wp\/v2\/media?parent=22503"}],"wp:term":[{"taxonomy":"category","embeddable":true,"href":"https:\/\/reteitalianaism.it\/reteism\/index.php\/wp-json\/wp\/v2\/categories?post=22503"},{"taxonomy":"post_tag","embeddable":true,"href":"https:\/\/reteitalianaism.it\/reteism\/index.php\/wp-json\/wp\/v2\/tags?post=22503"}],"curies":[{"name":"wp","href":"https:\/\/api.w.org\/{rel}","templated":true}]}}