{"id":22649,"date":"2025-08-15T16:18:31","date_gmt":"2025-08-15T14:18:31","guid":{"rendered":"https:\/\/reteitalianaism.it\/reteism\/?p=22649"},"modified":"2025-08-19T09:35:29","modified_gmt":"2025-08-19T07:35:29","slug":"quattro-giorni-di-molestie-intimidazioni-e-attacchi-nella-comunita-di-al-khalayel","status":"publish","type":"post","link":"https:\/\/reteitalianaism.it\/reteism\/index.php\/2025\/08\/15\/quattro-giorni-di-molestie-intimidazioni-e-attacchi-nella-comunita-di-al-khalayel\/","title":{"rendered":"Quattro giorni di molestie, intimidazioni e attacchi nella comunit\u00e0 di Al-Khalayel"},"content":{"rendered":"<p style=\"text-align: justify;\"><a href=\"https:\/\/palsolidarity.org\/2025\/08\/four-days-of-harassment-intimidation-and-attacks-in-al-khalayel-community\/\">https:\/\/palsolidarity.org\/<\/a><\/p>\n<p style=\"text-align: justify;\"><strong>14 agosto 2025<\/strong><br \/>\nLa mattina di sabato 9 agosto, intorno alle 7:30, un colono con le sue pecore si \u00e8 fermato sulle pendici del monte Al-Khalayel, proprio di fronte alla famiglia di Abu Naemm, ed \u00e8 rimasto l\u00ec a osservarli per circa un&#8217;ora. Alle 8:40 il colono ha iniziato a scendere verso la propriet\u00e0 della famiglia con le sue pecore. Avvicinandosi, la famiglia palestinese lo ha riconosciuto come Moshe, un noto colono che perpetra costantemente attacchi alle propriet\u00e0 e ai terreni palestinesi nella zona di Al-Khalayel. <a href=\"http:\/\/reteitalianaism.it\/reteism\/wp-content\/uploads\/2025\/08\/signal-2025-08-13-182930_002.jpeg\"><img loading=\"lazy\" decoding=\"async\" class=\" wp-image-22650 aligncenter\" src=\"http:\/\/reteitalianaism.it\/reteism\/wp-content\/uploads\/2025\/08\/signal-2025-08-13-182930_002-250x300.jpeg\" alt=\"\" width=\"499\" height=\"599\" srcset=\"https:\/\/reteitalianaism.it\/reteism\/wp-content\/uploads\/2025\/08\/signal-2025-08-13-182930_002-250x300.jpeg 250w, https:\/\/reteitalianaism.it\/reteism\/wp-content\/uploads\/2025\/08\/signal-2025-08-13-182930_002-853x1024.jpeg 853w, https:\/\/reteitalianaism.it\/reteism\/wp-content\/uploads\/2025\/08\/signal-2025-08-13-182930_002-768x923.jpeg 768w, https:\/\/reteitalianaism.it\/reteism\/wp-content\/uploads\/2025\/08\/signal-2025-08-13-182930_002.jpeg 1024w\" sizes=\"auto, (max-width: 499px) 100vw, 499px\" \/><\/a>Ha violato la propriet\u00e0 di Abu Naemm e si \u00e8 fermato proprio sopra le loro tende con un asino e delle pecore, mentre scattava foto dei due volontari dell&#8217;ISM presenti. Questo \u00e8 un esempio del comportamento provocatorio dei coloni nei confronti delle famiglie e delle comunit\u00e0 palestinesi, costantemente sotto la minaccia di essere sfrattate e spossessate delle loro propriet\u00e0.<\/p>\n<p style=\"text-align: justify;\">Nel pomeriggio di domenica 10 agosto, un colono ha molestato la famiglia Abu Naemm. Ha lasciato l&#8217;asino e le pecore all&#8217;ingresso di Abu Naemm ed \u00e8 entrato nella propriet\u00e0. Ha iniziato a filmare gli attivisti e ha chiamato l&#8217;esercito. Si lamentava &#8220;ci sono attivisti qui&#8221;. Pochi minuti dopo, \u00e8 arrivato un veicolo delle IOF seguito da un ATV. Un soldato delle IOF, due riservisti dell&#8217;esercito (soldati coloni) e due coloni (uno dei quali, il noto colono di queste parti, Moshe) hanno interrogato la famiglia e chiesto i passaporti degli internazionali. <!--more-->Hanno affermato che il colono era stato molestato e che aveva &#8220;pieno diritto&#8221; di pascolare dove voleva. Esercito e coloni sono rimasti quasi un&#8217;ora all&#8217;interno della propriet\u00e0 a parlare tra loro, costringendo la famiglia a rimanere fuori sotto il sole senza alcuna spiegazione. Quando la famiglia si \u00e8 avvicinata all&#8217;esercito chiedendo cosa stesse succedendo, hanno risposto &#8220;Nessun problema&#8221;. Infine, se ne sono andati. Questo \u00e8 stato un altro esempio di collaborazione tra coloni ed esercito di occupazione, che ha ulteriormente protratto le molestie di routine contro la comunit\u00e0 palestinese di Khalayel.<\/p>\n<p style=\"text-align: justify;\">La mattina di gioved\u00ec 12 agosto, due giovani coloni hanno aggredito la famiglia Abu Naemm con la collaborazione dell&#8217;esercito e della polizia. La mattina presto, i coloni stavano pascolando le loro pecore intorno alla casa del palestinese Abu Nasser (ore 6.46). Si sono sdraiati sulla propriet\u00e0 della famiglia, osservando le pecore e pregando sul tappeto. Nel frattempo, le pecore dei coloni stavano brucando l&#8217;erba della famiglia e sono state incoraggiate ad avvicinarsi alle pecore palestinesi. I coloni hanno iniziato a camminare verso la casa di Abu Naemm con il loro bestiame. La famiglia di Abu Naemm ha chiamato la polizia, ma questa non si \u00e8 mai fatta vedere. I due coloni hanno iniziato a molestare la famiglia e li hanno aggrediti con un bastone di legno; li hanno spinti, urlando e filmandoli in volto. A un certo punto, hanno iniziato a telefonare. Un soldato riservista \u00e8 arrivato alle 10 del mattino e ha iniziato a parlare con i due coloni. Il soldato riservista \u00e8 stato recentemente avvistato in un video di Al Jazeera, in cui si recava a Nablus, vestito con abiti musulmani, per assassinare degli adolescenti palestinesi che si trovavano per strada.<\/p>\n<p style=\"text-align: justify;\">Dopo mezz&#8217;ora, sono arrivati quattro soldati dell&#8217;esercito di occupazione. Hanno iniziato a parlare con i due coloni e il soldato riservista, molestando la famiglia. Dopo un po&#8217;, le forze di occupazione hanno iniziato ad affermare che la famiglia si trovava in una zona illegale, chiedendo loro il permesso ufficiale di propriet\u00e0 del terreno e interrogandoli.<br \/>\nI coloni li hanno accusati di averli intimiditi e aggrediti. Un drone ha iniziato a sorvolare la zona, dirigendosi verso gli shabaab che stavano osservando. Alle 11:00, due poliziotti di pattuglia sono arrivati a bordo di un furgone e hanno chiesto i documenti alla famiglia. Sono entrati nella propriet\u00e0 alla ricerca di una &#8220;pecora rubata&#8221; e hanno trattenuto la famiglia per un po&#8217;, ponendo loro delle domande. Dopo pi\u00f9 di un&#8217;ora sotto il sole cocente di mezzogiorno, la polizia ha rilasciato la famiglia, dicendo &#8220;il nostro lavoro qui \u00e8 finito&#8221;. Dopo un po&#8217;, anche le forze di occupazione e i coloni se ne sono andati, con un soldato dell&#8217;esercito che ha detto a un volontario: &#8220;Anche noi siamo umani, lo sai&#8221;.<\/p>\n<p style=\"text-align: justify;\">La famiglia Abu Naemm e la comunit\u00e0 di Al-Mughayyir stanno subendo un aumento di molestie, intimidazioni e attacchi a causa della continua collaborazione tra coloni e forze militari di occupazione. Non si tratta di violenza casuale, ma di un fenomeno che si inserisce nel contesto pi\u00f9 ampio della continua escalation di violenza coloniale e pulizia etnica nei villaggi palestinesi a est di Ramallah e in tutta la Cisgiordania occupata. Nonostante la violenza, le minacce e la campagna di intimidazione portata avanti dai coloni e dai soldati, la famiglia Abu Naemm continuer\u00e0 a rimanere salda nella sua terra ancestrale.<\/p>\n","protected":false},"excerpt":{"rendered":"<p>https:\/\/palsolidarity.org\/ 14 agosto 2025 La mattina di sabato 9 agosto, intorno alle 7:30, un colono con le sue pecore si \u00e8 fermato sulle pendici del monte Al-Khalayel, proprio di fronte alla famiglia di Abu Naemm, ed \u00e8 rimasto l\u00ec a &hellip; <a href=\"https:\/\/reteitalianaism.it\/reteism\/index.php\/2025\/08\/15\/quattro-giorni-di-molestie-intimidazioni-e-attacchi-nella-comunita-di-al-khalayel\/\">Continue reading <span class=\"meta-nav\">&rarr;<\/span><\/a><\/p>\n","protected":false},"author":2,"featured_media":0,"comment_status":"open","ping_status":"open","sticky":false,"template":"","format":"standard","meta":{"footnotes":""},"categories":[3],"tags":[7,1039,84,41,42],"class_list":["post-22649","post","type-post","status-publish","format-standard","hentry","category-info","tag-agricoltori","tag-al-muhayyr","tag-colonie-illegali","tag-pulizia-etnica","tag-resistenza"],"_links":{"self":[{"href":"https:\/\/reteitalianaism.it\/reteism\/index.php\/wp-json\/wp\/v2\/posts\/22649","targetHints":{"allow":["GET"]}}],"collection":[{"href":"https:\/\/reteitalianaism.it\/reteism\/index.php\/wp-json\/wp\/v2\/posts"}],"about":[{"href":"https:\/\/reteitalianaism.it\/reteism\/index.php\/wp-json\/wp\/v2\/types\/post"}],"author":[{"embeddable":true,"href":"https:\/\/reteitalianaism.it\/reteism\/index.php\/wp-json\/wp\/v2\/users\/2"}],"replies":[{"embeddable":true,"href":"https:\/\/reteitalianaism.it\/reteism\/index.php\/wp-json\/wp\/v2\/comments?post=22649"}],"version-history":[{"count":2,"href":"https:\/\/reteitalianaism.it\/reteism\/index.php\/wp-json\/wp\/v2\/posts\/22649\/revisions"}],"predecessor-version":[{"id":22652,"href":"https:\/\/reteitalianaism.it\/reteism\/index.php\/wp-json\/wp\/v2\/posts\/22649\/revisions\/22652"}],"wp:attachment":[{"href":"https:\/\/reteitalianaism.it\/reteism\/index.php\/wp-json\/wp\/v2\/media?parent=22649"}],"wp:term":[{"taxonomy":"category","embeddable":true,"href":"https:\/\/reteitalianaism.it\/reteism\/index.php\/wp-json\/wp\/v2\/categories?post=22649"},{"taxonomy":"post_tag","embeddable":true,"href":"https:\/\/reteitalianaism.it\/reteism\/index.php\/wp-json\/wp\/v2\/tags?post=22649"}],"curies":[{"name":"wp","href":"https:\/\/api.w.org\/{rel}","templated":true}]}}