{"id":22661,"date":"2025-08-18T16:31:28","date_gmt":"2025-08-18T14:31:28","guid":{"rendered":"https:\/\/reteitalianaism.it\/reteism\/?p=22661"},"modified":"2025-08-18T16:31:28","modified_gmt":"2025-08-18T14:31:28","slug":"carenza-significativa-di-truppe-lesercito-israeliano-cerca-reclute-ebree-allestero-per-affrontare-la-crisi","status":"publish","type":"post","link":"https:\/\/reteitalianaism.it\/reteism\/index.php\/2025\/08\/18\/carenza-significativa-di-truppe-lesercito-israeliano-cerca-reclute-ebree-allestero-per-affrontare-la-crisi\/","title":{"rendered":"Carenza significativa di truppe: l&#8217;esercito israeliano cerca reclute ebree all&#8217;estero per affrontare la crisi"},"content":{"rendered":"<p><a href=\"https:\/\/www.palestinechronicle.com\/significant-shortage-israeli-army-seeks-jewish-recruits-abroad-to-address-crisis\/\">https:\/\/www.palestinechronicle.com\/<\/a><br \/>\n<strong>18 agosto 2025<\/strong><\/p>\n<p style=\"text-align: justify;\">L&#8217;esercito israeliano sta valutando la possibilit\u00e0 di reclutare giovani ebrei da altri paesi per colmare una grave carenza di circa 12.000 soldati, secondo la Radio dell&#8217;Esercito Israeliano.<\/p>\n<div id=\"attachment_22662\" style=\"width: 509px\" class=\"wp-caption aligncenter\"><a href=\"http:\/\/reteitalianaism.it\/reteism\/wp-content\/uploads\/2025\/08\/Funeral_Soldiers.png\"><img loading=\"lazy\" decoding=\"async\" aria-describedby=\"caption-attachment-22662\" class=\" wp-image-22662\" src=\"http:\/\/reteitalianaism.it\/reteism\/wp-content\/uploads\/2025\/08\/Funeral_Soldiers-300x201.png\" alt=\"\" width=\"499\" height=\"334\" srcset=\"https:\/\/reteitalianaism.it\/reteism\/wp-content\/uploads\/2025\/08\/Funeral_Soldiers-300x201.png 300w, https:\/\/reteitalianaism.it\/reteism\/wp-content\/uploads\/2025\/08\/Funeral_Soldiers.png 678w\" sizes=\"auto, (max-width: 499px) 100vw, 499px\" \/><\/a><p id=\"caption-attachment-22662\" class=\"wp-caption-text\">Israeliani partecipano ai funerali dei soldati. (Foto: video)<\/p><\/div>\n<p style=\"text-align: justify;\">In risposta a una significativa carenza di truppe, l&#8217;esercito israeliano sta valutando la possibilit\u00e0 di reclutare giovani ebrei dall&#8217;estero per combattere a Gaza, ha riferito luned\u00ec la Radio dell&#8217;Esercito.<\/p>\n<p style=\"text-align: justify;\">Il rapporto afferma che un deficit di 10.000-12.000 soldati, unito al rifiuto degli ebrei Haredi (ultra-ortodossi) di arruolarsi, sta costringendo l&#8217;esercito a considerare tutte le opzioni per ricostituire i propri ranghi.<\/p>\n<p style=\"text-align: justify;\">Gli ebrei haredi, che rappresentano circa il 13% dei 10 milioni di residenti in Israele, spesso rifiutano il servizio militare per dedicare la propria vita allo studio della Torah, sostenendo che l&#8217;integrazione nella societ\u00e0 laica minaccia la loro identit\u00e0 religiosa. Ci\u00f2 ha creato una divisione politica e sociale, con i partiti di opposizione e l&#8217;opinione pubblica che criticano gli sforzi del Primo Ministro Benjamin Netanyahu per approvare una legge che li esenti dal servizio.<!--more--><\/p>\n<p style=\"text-align: justify;\">Secondo alti ufficiali militari anonimi citati da Army Radio, l&#8217;obiettivo \u00e8 quello di attrarre circa 700 soldati aggiuntivi all&#8217;anno dalle comunit\u00e0 ebraiche all&#8217;estero, concentrandosi principalmente sulle comunit\u00e0 negli Stati Uniti e in Francia.<\/p>\n<p style=\"text-align: justify;\"><strong>Notevole pressione sulle forze armate<\/strong><br \/>\nL&#8217;esercito israeliano sta affrontando una grave carenza sia di soldati che di equipaggiamento militare. Molti riservisti soffrono di difficolt\u00e0 psicologiche e depressione a causa delle condizioni di combattimento nella Striscia di Gaza.<\/p>\n<p style=\"text-align: justify;\">Lo scorso luglio, il quotidiano ebraico Maariv ha riferito che l&#8217;esercito ha ufficialmente riconosciuto per la prima volta il suo significativo impoverimento di truppe, stimando una carenza di circa 7.500 soldati. Il quotidiano ha anche osservato che i comandanti di battaglione si sono lamentati dei pesanti carichi di lavoro, e molti hanno espresso interesse per la pensione.<\/p>\n<p style=\"text-align: justify;\">Le fazioni palestinesi a Gaza, in particolare le Brigate Al-Qassam, l&#8217;ala militare di Hamas, pubblicano regolarmente documentazione audio e video delle operazioni che hanno ucciso e ferito soldati israeliani nelle battaglie terrestri iniziate il 27 ottobre 2023.<\/p>\n<p style=\"text-align: justify;\">Secondo i dati di inizio anno, l&#8217;esercito israeliano ha perso quasi 1.000 ufficiali e soldati dal 7 ottobre 2023. Oltre alle vittime, migliaia di soldati sono rimasti gravemente feriti e altre migliaia sono sottoposte a cure psicologiche.<\/p>\n<p style=\"text-align: justify;\">Con il sostegno degli Stati Uniti, Israele sta commettendo un genocidio a Gaza dal 7 ottobre 2023. Ci\u00f2 ha causato la morte di 61.944 palestinesi e 155.886 feriti, la maggior parte dei quali bambini e donne. Si contano inoltre pi\u00f9 di 9.000 persone scomparse, centinaia di migliaia di sfollati e una carestia che ha causato la morte di 258 persone, tra cui 110 bambini.<\/p>\n","protected":false},"excerpt":{"rendered":"<p>https:\/\/www.palestinechronicle.com\/ 18 agosto 2025 L&#8217;esercito israeliano sta valutando la possibilit\u00e0 di reclutare giovani ebrei da altri paesi per colmare una grave carenza di circa 12.000 soldati, secondo la Radio dell&#8217;Esercito Israeliano. In risposta a una significativa carenza di truppe, l&#8217;esercito &hellip; <a href=\"https:\/\/reteitalianaism.it\/reteism\/index.php\/2025\/08\/18\/carenza-significativa-di-truppe-lesercito-israeliano-cerca-reclute-ebree-allestero-per-affrontare-la-crisi\/\">Continue reading <span class=\"meta-nav\">&rarr;<\/span><\/a><\/p>\n","protected":false},"author":2,"featured_media":0,"comment_status":"open","ping_status":"open","sticky":false,"template":"","format":"standard","meta":{"footnotes":""},"categories":[3],"tags":[165,42,150],"class_list":["post-22661","post","type-post","status-publish","format-standard","hentry","category-info","tag-gaza-sotto-assedio","tag-resistenza","tag-violenza-dellesercito"],"_links":{"self":[{"href":"https:\/\/reteitalianaism.it\/reteism\/index.php\/wp-json\/wp\/v2\/posts\/22661","targetHints":{"allow":["GET"]}}],"collection":[{"href":"https:\/\/reteitalianaism.it\/reteism\/index.php\/wp-json\/wp\/v2\/posts"}],"about":[{"href":"https:\/\/reteitalianaism.it\/reteism\/index.php\/wp-json\/wp\/v2\/types\/post"}],"author":[{"embeddable":true,"href":"https:\/\/reteitalianaism.it\/reteism\/index.php\/wp-json\/wp\/v2\/users\/2"}],"replies":[{"embeddable":true,"href":"https:\/\/reteitalianaism.it\/reteism\/index.php\/wp-json\/wp\/v2\/comments?post=22661"}],"version-history":[{"count":1,"href":"https:\/\/reteitalianaism.it\/reteism\/index.php\/wp-json\/wp\/v2\/posts\/22661\/revisions"}],"predecessor-version":[{"id":22663,"href":"https:\/\/reteitalianaism.it\/reteism\/index.php\/wp-json\/wp\/v2\/posts\/22661\/revisions\/22663"}],"wp:attachment":[{"href":"https:\/\/reteitalianaism.it\/reteism\/index.php\/wp-json\/wp\/v2\/media?parent=22661"}],"wp:term":[{"taxonomy":"category","embeddable":true,"href":"https:\/\/reteitalianaism.it\/reteism\/index.php\/wp-json\/wp\/v2\/categories?post=22661"},{"taxonomy":"post_tag","embeddable":true,"href":"https:\/\/reteitalianaism.it\/reteism\/index.php\/wp-json\/wp\/v2\/tags?post=22661"}],"curies":[{"name":"wp","href":"https:\/\/api.w.org\/{rel}","templated":true}]}}