{"id":22680,"date":"2025-08-25T10:32:52","date_gmt":"2025-08-25T08:32:52","guid":{"rendered":"https:\/\/reteitalianaism.it\/reteism\/?p=22680"},"modified":"2025-08-25T10:34:45","modified_gmt":"2025-08-25T08:34:45","slug":"assedio-guidato-dai-coloni-imposto-dallesercito-ad-al-mughayyir","status":"publish","type":"post","link":"https:\/\/reteitalianaism.it\/reteism\/index.php\/2025\/08\/25\/assedio-guidato-dai-coloni-imposto-dallesercito-ad-al-mughayyir\/","title":{"rendered":"Assedio guidato dai coloni imposto dall&#8217;esercito ad Al-Mughayyir"},"content":{"rendered":"<p>22 agosto 2025 &#8211; 00.30 am<\/p>\n<p><a href=\"https:\/\/palsolidarity.org\/2025\/08\/settler-led-siege-imposed-by-army-on-al-mughayyir\/\">Settler-led siege Imposed by Army on Al-Mughayyir &#8211; Home<\/a><\/p>\n<div id=\"attachment_22683\" style=\"width: 370px\" class=\"wp-caption aligncenter\"><a href=\"http:\/\/reteitalianaism.it\/reteism\/wp-content\/uploads\/2025\/08\/1.jpg\"><img loading=\"lazy\" decoding=\"async\" aria-describedby=\"caption-attachment-22683\" class=\" wp-image-22683\" src=\"http:\/\/reteitalianaism.it\/reteism\/wp-content\/uploads\/2025\/08\/1-268x300.jpg\" alt=\"\" width=\"360\" height=\"403\" srcset=\"https:\/\/reteitalianaism.it\/reteism\/wp-content\/uploads\/2025\/08\/1-268x300.jpg 268w, https:\/\/reteitalianaism.it\/reteism\/wp-content\/uploads\/2025\/08\/1-914x1024.jpg 914w, https:\/\/reteitalianaism.it\/reteism\/wp-content\/uploads\/2025\/08\/1-768x861.jpg 768w, https:\/\/reteitalianaism.it\/reteism\/wp-content\/uploads\/2025\/08\/1.jpg 1142w\" sizes=\"auto, (max-width: 360px) 100vw, 360px\" \/><\/a><p id=\"caption-attachment-22683\" class=\"wp-caption-text\">dal sito palsolidarity.org<\/p><\/div>\n<p class=\"lRu31\" dir=\"ltr\"><span class=\"HwtZe\" lang=\"it\"><span class=\"jCAhz ChMk0b\"><span class=\"ryNqvb\">La mattina del 21 agosto 2025, un colono ha affermato di essere stato colpito e picchiato nelle pianure orientali della citt\u00e0 di Al-Mughayyir, una parte della quale \u00e8 stata recentemente sottratta ai proprietari palestinesi da coloni illegali.<\/span><\/span> <span class=\"jCAhz ChMk0b\"><span class=\"ryNqvb\">Questa strategia di falsi resoconti e accuse fa parte della campagna dei coloni che consente loro di attuare i loro piani di pulizia etnica ed espulsione illegale delle comunit\u00e0 palestinesi nella zona.<\/span><\/span> <\/span><\/p>\n<p class=\"lRu31\" dir=\"ltr\"><span class=\"HwtZe\" lang=\"it\"><span class=\"jCAhz ChMk0b\"><span class=\"ryNqvb\">Le forze di occupazione hanno affermato che l&#8217;autore del ferimento di un colono si \u00e8 ritirato verso il villaggio di Al-Mughayyir e, intorno alle 8:30, i coloni si sono sparpagliati alla periferia del villaggio palestinese intensificando la loro violenza, incitando anche online ad attaccare i suoi residenti, prendendo di mira in particolare il padre del martire Hamdan Abu Aliya e il capo del consiglio del villaggio.<\/span><\/span> <span class=\"jCAhz ChMk0b\"><span class=\"ryNqvb\">Gruppi di coloni online hanno diffuso un volantino di incitamento che mostrava un bulldozer, affermando la loro intenzione di demolire il villaggio di Al-Mughayyir sopra le teste dei suoi residenti.<\/span><\/span><\/span><\/p>\n<p class=\"lRu31\" dir=\"ltr\"><!--more--><\/p>\n<div class=\"UdTY9 WdefRb\" aria-hidden=\"true\" data-location=\"2\">\n<div id=\"attachment_22685\" style=\"width: 392px\" class=\"wp-caption aligncenter\"><a href=\"http:\/\/reteitalianaism.it\/reteism\/wp-content\/uploads\/2025\/08\/2.jpg\"><img loading=\"lazy\" decoding=\"async\" aria-describedby=\"caption-attachment-22685\" class=\" wp-image-22685\" src=\"http:\/\/reteitalianaism.it\/reteism\/wp-content\/uploads\/2025\/08\/2-300x296.jpg\" alt=\"\" width=\"382\" height=\"377\" srcset=\"https:\/\/reteitalianaism.it\/reteism\/wp-content\/uploads\/2025\/08\/2-300x296.jpg 300w, https:\/\/reteitalianaism.it\/reteism\/wp-content\/uploads\/2025\/08\/2-1024x1011.jpg 1024w, https:\/\/reteitalianaism.it\/reteism\/wp-content\/uploads\/2025\/08\/2-768x758.jpg 768w, https:\/\/reteitalianaism.it\/reteism\/wp-content\/uploads\/2025\/08\/2.jpg 1179w\" sizes=\"auto, (max-width: 382px) 100vw, 382px\" \/><\/a><p id=\"caption-attachment-22685\" class=\"wp-caption-text\">dal sito palsolidarity.org<\/p><\/div>\n<p><span class=\"jCAhz ChMk0b\"><span class=\"ryNqvb\">Subito dopo, le forze di occupazione hanno iniziato a fare irruzione nel villaggio in gran numero, imponendone la chiusura completa dalle 9:00 e il coprifuoco per i residenti.<\/span><\/span> <span class=\"jCAhz ChMk0b\"><span class=\"ryNqvb\">Gas lacrimogeni e bombe assordanti sono stati lanciati direttamente contro le case, che sono state assaltate per tutto il giorno, con perquisizioni casuali e la distruzione e il danneggiamento delle propriet\u00e0 delle persone all&#8217;interno delle loro abitazioni.<\/span><\/span> <span class=\"jCAhz ChMk0b\"><span class=\"ryNqvb\">Ci sono state anche numerose segnalazioni di denaro e oggetti di valore rubati dalle forze di occupazione durante queste incursioni.<\/span><\/span><\/p>\n<p><span class=\"jCAhz ChMk0b\"><span class=\"ryNqvb\">Il massiccio dispiegamento dell&#8217;esercito di occupazione ad Al-Mughayyir \u00e8 stato costantemente rafforzato per tutto il giorno da forze aggiuntive, per un totale stimato di oltre 300 soldati presenti nel villaggio, che hanno fatto irruzione casualmente nelle case, arrestando e detenendo decine di uomini.<\/span><\/span> <span class=\"jCAhz ChMk0b\"><span class=\"ryNqvb\">Il numero di militari presenti all&#8217;interno del villaggio alle 11:00 era superiore al numero totale dei suoi abitanti. Subito dopo, le forze di occupazione hanno iniziato a fare irruzione nel villaggio in gran numero, imponendone la chiusura completa dalle 9:00 e il coprifuoco per i residenti.<\/span><\/span> <span class=\"jCAhz ChMk0b\"><span class=\"ryNqvb\">Gas lacrimogeni e bombe assordanti sono stati lanciati direttamente contro le abitazioni, che sono state prese d&#8217;assalto per tutto il giorno, con perquisizioni casuali, distruzione e danneggiamento delle propriet\u00e0 delle persone all&#8217;interno delle loro abitazioni.<\/span><\/span> <span class=\"jCAhz ChMk0b\"><span class=\"ryNqvb\">Sono stati inoltre segnalati numerosi furti di denaro e oggetti di valore da parte delle forze di occupazione durante queste incursioni.<\/span><\/span><\/p>\n<div id=\"attachment_22681\" style=\"width: 323px\" class=\"wp-caption aligncenter\"><a href=\"http:\/\/reteitalianaism.it\/reteism\/wp-content\/uploads\/2025\/08\/3.jpg\"><img loading=\"lazy\" decoding=\"async\" aria-describedby=\"caption-attachment-22681\" class=\" wp-image-22681\" src=\"http:\/\/reteitalianaism.it\/reteism\/wp-content\/uploads\/2025\/08\/3-225x300.jpg\" alt=\"\" width=\"313\" height=\"417\" srcset=\"https:\/\/reteitalianaism.it\/reteism\/wp-content\/uploads\/2025\/08\/3-225x300.jpg 225w, https:\/\/reteitalianaism.it\/reteism\/wp-content\/uploads\/2025\/08\/3-768x1024.jpg 768w, https:\/\/reteitalianaism.it\/reteism\/wp-content\/uploads\/2025\/08\/3.jpg 960w\" sizes=\"auto, (max-width: 313px) 100vw, 313px\" \/><\/a><p id=\"caption-attachment-22681\" class=\"wp-caption-text\">dal sito palsolidarity.org<\/p><\/div>\n<p><span class=\"jCAhz ChMk0b\"><span class=\"ryNqvb\">Le ruspe hanno iniziato a sradicare gli ulivi di propriet\u00e0 palestinese ad Al-Mughayyir, le auto palestinesi sono state vandalizzate e gravemente danneggiate e le forze di occupazione hanno utilizzato droni per lanciare lacrimogeni sulle case.<\/span><\/span> <span class=\"jCAhz ChMk0b\"><span class=\"ryNqvb\">Gli ufficiali dell&#8217;occupazione hanno minacciato direttamente i giovani del villaggio di distruggere e vandalizzare le loro case e di arrestare le loro famiglie se non avessero collaborato pienamente.<\/span><\/span> <span class=\"jCAhz ChMk0b\"><span class=\"ryNqvb\">Intorno alle 13:20 l&#8217;esercito di occupazione ha espulso i giornalisti dalla citt\u00e0, impedendo loro di coprire la situazione in escalation.<\/span><\/span> <span class=\"jCAhz ChMk0b\"><span class=\"ryNqvb\">Ai giornalisti in partenza \u00e8 stato detto che sarebbero state effettuate incursioni casa per casa.<\/span><\/span><\/p>\n<div id=\"attachment_22684\" style=\"width: 297px\" class=\"wp-caption aligncenter\"><a href=\"http:\/\/reteitalianaism.it\/reteism\/wp-content\/uploads\/2025\/08\/4.jpg\"><img loading=\"lazy\" decoding=\"async\" aria-describedby=\"caption-attachment-22684\" class=\" wp-image-22684\" src=\"http:\/\/reteitalianaism.it\/reteism\/wp-content\/uploads\/2025\/08\/4-169x300.jpg\" alt=\"\" width=\"287\" height=\"509\" srcset=\"https:\/\/reteitalianaism.it\/reteism\/wp-content\/uploads\/2025\/08\/4-169x300.jpg 169w, https:\/\/reteitalianaism.it\/reteism\/wp-content\/uploads\/2025\/08\/4-576x1024.jpg 576w, https:\/\/reteitalianaism.it\/reteism\/wp-content\/uploads\/2025\/08\/4.jpg 720w\" sizes=\"auto, (max-width: 287px) 100vw, 287px\" \/><\/a><p id=\"caption-attachment-22684\" class=\"wp-caption-text\">dal sito palsolidarity.org<\/p><\/div>\n<p><span class=\"jCAhz ChMk0b\"><span class=\"ryNqvb\">La citt\u00e0 \u00e8 attualmente circondata da ogni direzione da veicoli dell&#8217;esercito, pattuglie di frontiera e autobus delle forze di occupazione, e alle ambulanze \u00e8 stato impedito di raggiungere la zona per prestare cure ai feriti.<\/span><\/span> <span class=\"jCAhz ChMk0b\"><span class=\"ryNqvb\">I coloni continuano a sradicare migliaia di ulivi nelle pianure orientali del villaggio, molti dei quali secolari.<\/span><\/span><\/p>\n<div id=\"attachment_22686\" style=\"width: 252px\" class=\"wp-caption aligncenter\"><a href=\"http:\/\/reteitalianaism.it\/reteism\/wp-content\/uploads\/2025\/08\/5.jpg\"><img loading=\"lazy\" decoding=\"async\" aria-describedby=\"caption-attachment-22686\" class=\" wp-image-22686\" src=\"http:\/\/reteitalianaism.it\/reteism\/wp-content\/uploads\/2025\/08\/5-140x300.jpg\" alt=\"\" width=\"242\" height=\"519\" srcset=\"https:\/\/reteitalianaism.it\/reteism\/wp-content\/uploads\/2025\/08\/5-140x300.jpg 140w, https:\/\/reteitalianaism.it\/reteism\/wp-content\/uploads\/2025\/08\/5-478x1024.jpg 478w, https:\/\/reteitalianaism.it\/reteism\/wp-content\/uploads\/2025\/08\/5.jpg 540w\" sizes=\"auto, (max-width: 242px) 100vw, 242px\" \/><\/a><p id=\"caption-attachment-22686\" class=\"wp-caption-text\">dal sito palsolidarity.org<\/p><\/div>\n<p><span class=\"jCAhz ChMk0b\"><span class=\"ryNqvb\">I residenti sono stati informati che il villaggio sarebbe rimasto assediato per almeno tre giorni, fino all&#8217;arresto del colpevole, secondo la versione dell&#8217;esercito di occupazione.<\/span><\/span> <span class=\"jCAhz ChMk0b\"><span class=\"ryNqvb\">I veicoli palestinesi sono stati confiscati durante la notte e l&#8217;escalation dell&#8217;assedio e dei raid \u00e8 ancora in corso.<\/span><\/span><\/p>\n<p><span class=\"jCAhz ChMk0b\"><span class=\"ryNqvb\">Ci\u00f2 a cui Al-Mughayyir \u00e8 stata sottoposta oggi, e a cui \u00e8 tuttora sottoposta, \u00e8 un attacco senza precedenti alle terre e alle famiglie palestinesi, guidato da una campagna di coloni volta a rubare e occupare l&#8217;intera area.<\/span><\/span> <span class=\"jCAhz ChMk0b\"><span class=\"ryNqvb\">Ad oggi, oltre 8000 metri quadrati di ulivi sono stati completamente rasi al suolo.<\/span><\/span><\/p>\n<p><span class=\"jCAhz ChMk0b\"><span class=\"ryNqvb\">Nonostante la tragica situazione, gli abitanti di Al-Mughayyir ribadiscono la loro volont\u00e0 di rimanere sulla loro terra a qualunque costo, saldi e radicati come i loro ulivi.<\/span><\/span> <span class=\"jCAhz ChMk0b\"><span class=\"ryNqvb\">Dal centro dell&#8217;assedio \u00e8 stato lanciato un appello urgente alle istituzioni nazionali e alle organizzazioni umanitarie e internazionali affinch\u00e9 raggiungano immediatamente il villaggio e rimangano in contatto con i suoi residenti, che necessitano urgentemente di supporto medico, logistico, morale e umano.<\/span><\/span><\/p>\n<p><span class=\"jCAhz ChMk0b\"><span class=\"ryNqvb\">L&#8217;ISM invita i media internazionali, le organizzazioni per i diritti umani e i membri della societ\u00e0 civile a denunciare pubblicamente e ad adottare misure concrete contro la violenza e i crimini contro l&#8217;umanit\u00e0 commessi dal regime di apartheid israeliano. La comunit\u00e0 palestinese chiede con urgenza un intervento internazionale immediato per salvare le terre rimanenti di Al-Mughayyir, che in passato e pi\u00f9 volte sono state oggetto di attacchi da parte dei coloni e di incursioni dell&#8217;esercito.<\/span><\/span><\/p>\n<div id=\"attachment_22682\" style=\"width: 311px\" class=\"wp-caption aligncenter\"><a href=\"http:\/\/reteitalianaism.it\/reteism\/wp-content\/uploads\/2025\/08\/6.jpg\"><img loading=\"lazy\" decoding=\"async\" aria-describedby=\"caption-attachment-22682\" class=\" wp-image-22682\" src=\"http:\/\/reteitalianaism.it\/reteism\/wp-content\/uploads\/2025\/08\/6-225x300.jpg\" alt=\"\" width=\"301\" height=\"401\" srcset=\"https:\/\/reteitalianaism.it\/reteism\/wp-content\/uploads\/2025\/08\/6-225x300.jpg 225w, https:\/\/reteitalianaism.it\/reteism\/wp-content\/uploads\/2025\/08\/6-769x1024.jpg 769w, https:\/\/reteitalianaism.it\/reteism\/wp-content\/uploads\/2025\/08\/6-768x1023.jpg 768w, https:\/\/reteitalianaism.it\/reteism\/wp-content\/uploads\/2025\/08\/6.jpg 961w\" sizes=\"auto, (max-width: 301px) 100vw, 301px\" \/><\/a><p id=\"caption-attachment-22682\" class=\"wp-caption-text\">dal sito palsolidarity.org<\/p><\/div>\n<\/div>\n","protected":false},"excerpt":{"rendered":"<p>22 agosto 2025 &#8211; 00.30 am Settler-led siege Imposed by Army on Al-Mughayyir &#8211; Home La mattina del 21 agosto 2025, un colono ha affermato di essere stato colpito e picchiato nelle pianure orientali della citt\u00e0 di Al-Mughayyir, una parte &hellip; <a href=\"https:\/\/reteitalianaism.it\/reteism\/index.php\/2025\/08\/25\/assedio-guidato-dai-coloni-imposto-dallesercito-ad-al-mughayyir\/\">Continue reading <span class=\"meta-nav\">&rarr;<\/span><\/a><\/p>\n","protected":false},"author":6,"featured_media":0,"comment_status":"open","ping_status":"open","sticky":false,"template":"","format":"standard","meta":{"footnotes":""},"categories":[3],"tags":[1036,169,179,142],"class_list":["post-22680","post","type-post","status-publish","format-standard","hentry","category-info","tag-al-mughayyr","tag-coloni","tag-genocidio","tag-violenza-sui-civili"],"_links":{"self":[{"href":"https:\/\/reteitalianaism.it\/reteism\/index.php\/wp-json\/wp\/v2\/posts\/22680","targetHints":{"allow":["GET"]}}],"collection":[{"href":"https:\/\/reteitalianaism.it\/reteism\/index.php\/wp-json\/wp\/v2\/posts"}],"about":[{"href":"https:\/\/reteitalianaism.it\/reteism\/index.php\/wp-json\/wp\/v2\/types\/post"}],"author":[{"embeddable":true,"href":"https:\/\/reteitalianaism.it\/reteism\/index.php\/wp-json\/wp\/v2\/users\/6"}],"replies":[{"embeddable":true,"href":"https:\/\/reteitalianaism.it\/reteism\/index.php\/wp-json\/wp\/v2\/comments?post=22680"}],"version-history":[{"count":1,"href":"https:\/\/reteitalianaism.it\/reteism\/index.php\/wp-json\/wp\/v2\/posts\/22680\/revisions"}],"predecessor-version":[{"id":22688,"href":"https:\/\/reteitalianaism.it\/reteism\/index.php\/wp-json\/wp\/v2\/posts\/22680\/revisions\/22688"}],"wp:attachment":[{"href":"https:\/\/reteitalianaism.it\/reteism\/index.php\/wp-json\/wp\/v2\/media?parent=22680"}],"wp:term":[{"taxonomy":"category","embeddable":true,"href":"https:\/\/reteitalianaism.it\/reteism\/index.php\/wp-json\/wp\/v2\/categories?post=22680"},{"taxonomy":"post_tag","embeddable":true,"href":"https:\/\/reteitalianaism.it\/reteism\/index.php\/wp-json\/wp\/v2\/tags?post=22680"}],"curies":[{"name":"wp","href":"https:\/\/api.w.org\/{rel}","templated":true}]}}