{"id":22786,"date":"2025-09-27T19:40:26","date_gmt":"2025-09-27T17:40:26","guid":{"rendered":"https:\/\/reteitalianaism.it\/reteism\/?p=22786"},"modified":"2025-09-27T19:40:26","modified_gmt":"2025-09-27T17:40:26","slug":"tra-uliveti-e-cancelli-la-lotta-di-un-palestinese-per-la-terra-e-il-sostentamento","status":"publish","type":"post","link":"https:\/\/reteitalianaism.it\/reteism\/index.php\/2025\/09\/27\/tra-uliveti-e-cancelli-la-lotta-di-un-palestinese-per-la-terra-e-il-sostentamento\/","title":{"rendered":"Tra uliveti e cancelli: la lotta di un palestinese per la terra e il sostentamento"},"content":{"rendered":"<p style=\"text-align: justify;\"><a href=\"https:\/\/www.middleeastmonitor.com\/20250927-between-olive-groves-and-gates-a-palestinians-struggle-for-land-and-livelihood\/\">https:\/\/www.middleeastmonitor.com\/<\/a><\/p>\n<p><strong>27 settembre 2025<\/strong>\u00a0 \u00a0 \u00a0 <em>Fareed Taamallah<\/em><\/p>\n<p style=\"text-align: justify;\">Come palestinese che vive a Ramallah, con radici ancestrali nel villaggio di Qira, nel governatorato di Salfit, la vita \u00e8 da tempo intrecciata con la terra. Per generazioni, la mia famiglia ha coltivato ulivi a Qira, una tradizione che sostiene sia i mezzi di sussistenza che il patrimonio culturale. Eppure, quest&#8217;anno, la raccolta delle olive si trova ad affrontare minacce senza precedenti, non solo a causa della siccit\u00e0 stagionale o dei parassiti, ma anche a causa degli ostacoli sistemici imposti dall&#8217;occupazione israeliana.<\/p>\n<div style=\"width: 509px\" class=\"wp-caption aligncenter\"><img loading=\"lazy\" decoding=\"async\" src=\"https:\/\/i0.wp.com\/www.middleeastmonitor.com\/wp-content\/uploads\/2025\/09\/AA-20250922-39196022-39196000-DAILY_LIFE_IN_GAZA_AMID_ISRAELI_ATTACKS.jpg?fit=920%2C613&amp;ssl=1\" alt=\"Group of Palestinian children in Bureyc Camp raise the Palestinian flag over the rubble of buildings destroyed by Israeli strikes following announcements of recognition of the State of Palestine by Canada, Australia, the UK, and Portugal, on September 22, 2025, in Gaza City, Gaza. [Moiz Salhi - Anadolu Agency]\" width=\"499\" height=\"332\" \/><p class=\"wp-caption-text\">Un gruppo di bambini palestinesi nel campo di Bureyc issa la bandiera palestinese sulle macerie degli edifici distrutti dagli attacchi israeliani in seguito agli annunci di riconoscimento dello Stato di Palestina da parte di Canada, Australia, Regno Unito e Portogallo, il 22 settembre 2025 a Gaza City, Gaza. [Moiz Salhi &#8211; Anadolu Agency]<\/p><\/div>\n<p style=\"text-align: justify;\">Ogni volta che voglio visitare la mia citt\u00e0 natale \u2013 per vedere la mia famiglia, per passeggiare per le strade dove sono cresciuto o per prendermi cura dei miei uliveti \u2013 mi imbatto in cancelli e posti di blocco. Quello che prima era un viaggio di 30 minuti in auto ora pu\u00f2 richiedere ore, o essere impossibile. Come migliaia di altri palestinesi, sento la mia vita restringersi, non per caso, ma per scelta.<!--more--><\/p>\n<p style=\"text-align: justify;\"><strong>Posti di blocco e varchi: strumenti di espropriazione<\/strong><br \/>\nSecondo l&#8217;Ufficio delle Nazioni Unite per il Coordinamento degli Affari Umanitari (OCHA), fino al 2024 l&#8217;occupazione israeliana ha istituito un totale di 849 posti di blocco in tutta la Cisgiordania occupata, con varchi che bloccano le strade che costituiscono un terzo di questi ostacoli. Il numero \u00e8 aumentato drasticamente nel 2025. Circa 1.000 varchi militari e posti di blocco frammentano massicciamente la Cisgiordania, che copre un&#8217;area di non pi\u00f9 di 5.000 chilometri quadrati, il che significa che c&#8217;\u00e8 un varco o un posto di blocco ogni cinque chilometri. Per i palestinesi, queste statistiche non sono astratte. Ogni varco \u00e8 un punto di strozzatura nella nostra vita quotidiana.<\/p>\n<p style=\"text-align: justify;\">I varchi significano pi\u00f9 che disagio, significano collasso economico, privazione dei servizi di base e interruzione della vita sociale. I villaggi un tempo collegati ai mercati ora vedono i loro negozi chiusi e i loro giovani disoccupati. Quando le strade di accesso sono bloccate, i lavoratori non possono raggiungere le citt\u00e0 o Israele per trovare lavoro. Gli agricoltori non possono raggiungere gli orti o vendere i loro prodotti.<\/p>\n<p style=\"text-align: justify;\">Nel governatorato di Salfit, dove si trova Qira, la situazione \u00e8 particolarmente grave. Le restrizioni alla circolazione imposte da questi posti di blocco e cancelli ostacolano gravemente l&#8217;accesso di quasi 90.000 persone alle loro terre, all&#8217;assistenza sanitaria, all&#8217;istruzione e ai mezzi di sussistenza. I cancelli hanno separato le comunit\u00e0 rurali dalla citt\u00e0 di Salfit, dove si trovano ospedali, uffici amministrativi e mercati. L&#8217;ingresso alla mia citt\u00e0 natale \u00e8 chiuso da mesi a causa dei cancelli sbarrati, costringendo i residenti a percorrere lunghe strade sterrate e dissestate per raggiungere il villaggio.<\/p>\n<p style=\"text-align: justify;\">Forse la cosa peggiore \u00e8 che i cancelli dividono le famiglie. Matrimoni, funerali e visite quotidiane che un tempo richiedevano un breve tragitto in auto ora diventano incubi logistici o viaggi impossibili. La sensazione di imprevedibilit\u00e0 \u2013 non sapere mai se una strada sar\u00e0 aperta o chiusa \u2013 si \u00e8 insinuata nel tessuto della vita palestinese, un costante promemoria di impotenza.<\/p>\n<p style=\"text-align: justify;\">Le sfide poste dai posti di blocco e dai cancelli sono aggravate dalla crescente violenza dei coloni israeliani. Questi episodi includono aggressioni fisiche, minacce e la distruzione di ulivi.<\/p>\n<p style=\"text-align: justify;\">L&#8217;OCHA ha documentato oltre 200 episodi legati ai coloni durante la stagione del raccolto del 2024, in cui pi\u00f9 di 1.600 ulivi sono stati vandalizzati, bruciati o tagliati. Attrezzi e raccolti sono stati rubati; gli agricoltori sono stati aggrediti.<\/p>\n<p style=\"text-align: justify;\">Tra gennaio e marzo 2025, la violenza dei coloni \u00e8 aumentata di circa il 30% rispetto allo stesso periodo del 2024. Questa ondata di aggressioni \u00e8 spesso perpetrata impunemente, poich\u00e9 le forze di sicurezza israeliane spesso non intervengono o addirittura non forniscono protezione alle comunit\u00e0 palestinesi sotto attacco.<\/p>\n<p style=\"text-align: justify;\">Il mio villaggio \u00e8 stato testimone di numerosi crimini da parte dei coloni, il pi\u00f9 recente dei quali \u00e8 avvenuto lo scorso marzo, quando alcuni coloni si sono intrufolati con il favore dell&#8217;oscurit\u00e0, hanno attaccato una casa alla periferia del villaggio e hanno dato fuoco al veicolo di un contadino. Le autorit\u00e0 di occupazione non hanno consegnato alcun colono alla giustizia e l&#8217;incidente \u00e8 stato registrato, come al solito, come ignoto.<\/p>\n<p style=\"text-align: justify;\">La stagione delle olive si avvicina e non \u00e8 chiaro per me e la mia famiglia \u2013 come per molti palestinesi \u2013 se riusciremo a raggiungere i nostri uliveti.<\/p>\n<p style=\"text-align: justify;\"><strong>L&#8217;uliveto: un simbolo di resilienza<\/strong><br \/>\nPer i palestinesi, la stagione delle olive\u00a0fa parte del nostro patrimonio, della nostra identit\u00e0 e della nostra resilienza. La stagione del raccolto \u00e8 un momento di ritrovo familiare e di lavoro collettivo, un rituale tramandato di generazione in generazione. Questi alberi hanno vissuto secoli di storia, testimoniando la fatica e la perseveranza dei nostri antenati.<\/p>\n<p style=\"text-align: justify;\">L&#8217;ulivo, simbolo dell&#8217;identit\u00e0 e della resilienza palestinese, \u00e8 diventato un bersaglio nella pi\u00f9 ampia strategia di sfollamento e espropriazione. Un rapporto pubblicato dal Palestinian Land Research Center ha rivelato che l&#8217;esercito israeliano e i coloni hanno sradicato pi\u00f9 di 59.000 alberi e confiscato circa 50.000 dunam di terra nella Cisgiordania occupata nel corso del 2024.<\/p>\n<p style=\"text-align: justify;\">I numeri sono impressionanti: tra il 1967 e il 2011, oltre 800.000 alberi sono stati sradicati. Dal 2010 al 2023, altri 278.000 sono stati distrutti. Ogni albero impiega anni per crescere; ogni uliveto sradicato rappresenta non solo la perdita di reddito, ma anche la perdita di storia e identit\u00e0. Il peso psicologico per gli agricoltori che assistono allo sradicamento dei loro alberi ancestrali \u00e8 profondo, poich\u00e9 rappresenta un attacco diretto al loro patrimonio e al loro stile di vita.<\/p>\n<p style=\"text-align: justify;\">Quest&#8217;anno, il raccolto \u00e8 oscurato dall&#8217;incombente presenza di posti di blocco e cancelli militari israeliani, e dalla violenza dei coloni, che impediscono il nostro accesso alla terra. Queste barriere non sono semplici strutture fisiche; rappresentano una strategia deliberata per recidere i nostri legami con le nostre terre ancestrali ed erodere il nostro patrimonio agricolo.<\/p>\n<p style=\"text-align: justify;\"><strong>Le implicazioni pi\u00f9 ampie: sfollamento e confisca di terre<\/strong><br \/>\nI funzionari israeliani spesso giustificano cancelli e posti di blocco come misure di sicurezza. Ma i palestinesi li vivono in modo diverso: come strumenti di punizione collettiva e sfollamento. Il diritto umanitario proibisce di colpire i mezzi di sussistenza civili, eppure la distruzione di ulivi, il blocco delle strade e lo strangolamento dei villaggi continuano regolarmente.<\/p>\n<p style=\"text-align: justify;\">La sicurezza non pu\u00f2 spiegare perch\u00e9 i coloni abbattano antichi uliveti o perch\u00e9 un cancello rimanga chiuso per settimane senza preavviso. Queste misure non ci rendono pi\u00f9 sicuri; Ci rendono pi\u00f9 poveri, pi\u00f9 arrabbiati e pi\u00f9 determinati a resistere.<\/p>\n<p style=\"text-align: justify;\">La distruzione sistematica degli ulivi e l&#8217;imposizione di restrizioni alla circolazione fanno parte di una strategia pi\u00f9 ampia per sfollare le comunit\u00e0 palestinesi e impadronirsi delle loro terre. Un cancello mi impedisce di raggiungere i miei uliveti; i coloni sfruttano l&#8217;assenza per tagliare, bruciare o rubare. Se non posso accedere ai miei uliveti in sicurezza per anni, rischio di perderne la propriet\u00e0 ai sensi della legge israeliana che designa i terreni inutilizzati come &#8220;terreni statali&#8221;.<\/p>\n<p style=\"text-align: justify;\">Questo sfollamento non \u00e8 semplicemente una conseguenza della violenza; \u00e8 una politica deliberata volta a modificare il panorama demografico della Cisgiordania. Costringendo i palestinesi ad abbandonare le loro terre e a trasferirsi nei centri urbani, l&#8217;occupazione israeliana facilita l&#8217;espansione degli insediamenti e il consolidamento del controllo sui territori palestinesi.<\/p>\n<p style=\"text-align: justify;\">Il paesaggio familiare dei miei uliveti \u00e8 rovinato dalla presenza di posti di blocco e dalle cicatrici della violenza dei coloni. Eppure, in mezzo a queste avversit\u00e0, gli ulivi restano saldi, con le radici profondamente radicate nel suolo dei nostri antenati.<\/p>\n<p style=\"text-align: justify;\">Ogni autunno, con l&#8217;avvicinarsi della stagione del raccolto, provo ansia pi\u00f9 che gioia. I cancelli saranno aperti? I coloni attaccheranno? Riuscir\u00f2 a portare avanti la tradizione che lega la mia famiglia a questa terra da generazioni?<\/p>\n<p style=\"text-align: justify;\">Quando mi trovo davanti a un cancello chiuso sulla strada per il mio villaggio, non vedo metallo. Vedo i volti dei miei figli, che si chiedono perch\u00e9 non possano andare a trovare la nonna. Vedo gli ulivi del mio defunto padre, carichi di frutti, in attesa di mani che potrebbero non arrivare mai. Vedo la cancellazione della memoria e del senso di appartenenza, un cancello, un albero alla volta.<\/p>\n<p style=\"text-align: justify;\">Non so se riuscir\u00f2 a raggiungere i miei uliveti, o se i coloni attaccheranno prima che io ci arrivi. Ma so questo: finch\u00e9 i palestinesi rimarranno radicati nella loro terra, finch\u00e9 continueremo a raccogliere le olive nonostante i cancelli e la violenza, la storia della nostra esistenza non potr\u00e0 essere cancellata. Nonostante gli ostacoli, continuiamo a coltivare la nostra terra, a preservare il nostro patrimonio e a lottare per un futuro in cui possiamo vivere in dignit\u00e0 e pace.<\/p>\n<p style=\"text-align: justify;\">Condividendo le nostre storie, cerchiamo non solo di mettere in luce le nostre lotte, ma anche di chiedere solidariet\u00e0 e sostegno. La comunit\u00e0 internazionale deve riconoscere le ingiustizie subite dai contadini palestinesi e intraprendere azioni significative per difendere i nostri diritti e la nostra dignit\u00e0. Solo attraverso uno sforzo collettivo possiamo sperare di realizzare un futuro in cui gli uliveti di Qira \u2013 e di tutta la Palestina \u2013 continuino a prosperare per le generazioni a venire.<\/p>\n","protected":false},"excerpt":{"rendered":"<p>https:\/\/www.middleeastmonitor.com\/ 27 settembre 2025\u00a0 \u00a0 \u00a0 Fareed Taamallah Come palestinese che vive a Ramallah, con radici ancestrali nel villaggio di Qira, nel governatorato di Salfit, la vita \u00e8 da tempo intrecciata con la terra. Per generazioni, la mia famiglia ha &hellip; <a href=\"https:\/\/reteitalianaism.it\/reteism\/index.php\/2025\/09\/27\/tra-uliveti-e-cancelli-la-lotta-di-un-palestinese-per-la-terra-e-il-sostentamento\/\">Continue reading <span class=\"meta-nav\">&rarr;<\/span><\/a><\/p>\n","protected":false},"author":2,"featured_media":0,"comment_status":"open","ping_status":"open","sticky":false,"template":"","format":"standard","meta":{"footnotes":""},"categories":[3,68],"tags":[7,41,50],"class_list":["post-22786","post","type-post","status-publish","format-standard","hentry","category-info","category-opinioni","tag-agricoltori","tag-pulizia-etnica","tag-violenza-dei-coloni"],"_links":{"self":[{"href":"https:\/\/reteitalianaism.it\/reteism\/index.php\/wp-json\/wp\/v2\/posts\/22786","targetHints":{"allow":["GET"]}}],"collection":[{"href":"https:\/\/reteitalianaism.it\/reteism\/index.php\/wp-json\/wp\/v2\/posts"}],"about":[{"href":"https:\/\/reteitalianaism.it\/reteism\/index.php\/wp-json\/wp\/v2\/types\/post"}],"author":[{"embeddable":true,"href":"https:\/\/reteitalianaism.it\/reteism\/index.php\/wp-json\/wp\/v2\/users\/2"}],"replies":[{"embeddable":true,"href":"https:\/\/reteitalianaism.it\/reteism\/index.php\/wp-json\/wp\/v2\/comments?post=22786"}],"version-history":[{"count":1,"href":"https:\/\/reteitalianaism.it\/reteism\/index.php\/wp-json\/wp\/v2\/posts\/22786\/revisions"}],"predecessor-version":[{"id":22787,"href":"https:\/\/reteitalianaism.it\/reteism\/index.php\/wp-json\/wp\/v2\/posts\/22786\/revisions\/22787"}],"wp:attachment":[{"href":"https:\/\/reteitalianaism.it\/reteism\/index.php\/wp-json\/wp\/v2\/media?parent=22786"}],"wp:term":[{"taxonomy":"category","embeddable":true,"href":"https:\/\/reteitalianaism.it\/reteism\/index.php\/wp-json\/wp\/v2\/categories?post=22786"},{"taxonomy":"post_tag","embeddable":true,"href":"https:\/\/reteitalianaism.it\/reteism\/index.php\/wp-json\/wp\/v2\/tags?post=22786"}],"curies":[{"name":"wp","href":"https:\/\/api.w.org\/{rel}","templated":true}]}}