{"id":22897,"date":"2025-10-15T10:43:42","date_gmt":"2025-10-15T08:43:42","guid":{"rendered":"https:\/\/reteitalianaism.it\/reteism\/?p=22897"},"modified":"2025-10-15T10:44:28","modified_gmt":"2025-10-15T08:44:28","slug":"i-coloni-attaccano-i-palestinesi-durante-la-raccolta-a-beita","status":"publish","type":"post","link":"https:\/\/reteitalianaism.it\/reteism\/index.php\/2025\/10\/15\/i-coloni-attaccano-i-palestinesi-durante-la-raccolta-a-beita\/","title":{"rendered":"I coloni attaccano i palestinesi durante la raccolta a Beita"},"content":{"rendered":"<p>13 ottobre 2025<\/p>\n<p><a href=\"https:\/\/palsolidarity.org\/2025\/10\/settlers-attack-palestinians-during-the-harvest-in-beita\/\">Settlers Attack Palestinians during the Harvest in Beita &#8211; Home<\/a><\/p>\n<div id=\"attachment_22898\" style=\"width: 392px\" class=\"wp-caption aligncenter\"><a href=\"http:\/\/reteitalianaism.it\/reteism\/wp-content\/uploads\/2025\/10\/Screenshot-2025-10-15-103546.png\"><img loading=\"lazy\" decoding=\"async\" aria-describedby=\"caption-attachment-22898\" class=\" wp-image-22898\" src=\"http:\/\/reteitalianaism.it\/reteism\/wp-content\/uploads\/2025\/10\/Screenshot-2025-10-15-103546-300x251.png\" alt=\"\" width=\"382\" height=\"320\" srcset=\"https:\/\/reteitalianaism.it\/reteism\/wp-content\/uploads\/2025\/10\/Screenshot-2025-10-15-103546-300x251.png 300w, https:\/\/reteitalianaism.it\/reteism\/wp-content\/uploads\/2025\/10\/Screenshot-2025-10-15-103546.png 444w\" sizes=\"auto, (max-width: 382px) 100vw, 382px\" \/><\/a><p id=\"caption-attachment-22898\" class=\"wp-caption-text\">dal sito palsolidarity.org<\/p><\/div>\n<div class=\"T4LgNb\">\n<div class=\"ToWKne\">\n<div class=\"OlSOob\">\n<div class=\"ccvoYb\">\n<div class=\"AxqVh\">\n<div class=\"OPPzxe\">\n<div class=\"QcsUad BDJ8fb BLojaf sMVRZe hCXDsb wneUed\">\n<div class=\"usGWQd\">\n<div class=\"KkbLmb\">\n<p class=\"lRu31\" dir=\"ltr\"><span class=\"HwtZe\" lang=\"it\"><span class=\"jCAhz ChMk0b\"><span class=\"ryNqvb\">Il 10 ottobre, sulle colline sopra Beita, quello che avrebbe dovuto essere un gioioso inizio della stagione della raccolta delle olive ha mostrato cosa devono affrontare i nostri compagni palestinesi mentre cercano di lavorare la loro terra.<\/span><\/span> <span class=\"jCAhz ChMk0b\"><span class=\"ryNqvb\">Siamo arrivati \u200b\u200balle ambulanze e abbiamo trovato tre palestinesi feriti, attaccati dai coloni prima delle 8 del mattino.<\/span><\/span> <\/span><\/p>\n<p class=\"lRu31\" dir=\"ltr\"><span class=\"HwtZe\" lang=\"it\"><span class=\"jCAhz ChMk0b\"><span class=\"ryNqvb\">Nel giro di un&#8217;ora, abbiamo incontrato un gruppo di sette coloni.<\/span><\/span> <span class=\"jCAhz ChMk0b\"><span class=\"ryNqvb\">C&#8217;erano urla, atteggiamenti aggressivi e un immediato scontro [ai danni dei palestinesi] con le forze di occupazione israeliane.<\/span><\/span> <span class=\"jCAhz ChMk0b\"><span class=\"ryNqvb\">L&#8217;esercito ci ha sparato gas lacrimogeni e un giornalista \u00e8 rimasto ferito.<\/span><\/span> <span class=\"jCAhz ChMk0b\"><span class=\"ryNqvb\">Poi siamo riusciti a negoziare per continuare la raccolta e, per due ore e mezza, abbiamo goduto di una relativa calma fino al ritorno dei coloni in numero maggiore.<\/span><\/span> <\/span><\/p>\n<p class=\"lRu31\" dir=\"ltr\"><span class=\"HwtZe\" lang=\"it\"><span class=\"jCAhz\"><span class=\"ryNqvb\">Abbiamo iniziato a sentire le urla degli Shabaab, che indicavano uno scontro su una collina vicina.<\/span><\/span> <span class=\"jCAhz ChMk0b\"><span class=\"ryNqvb\">Abbiamo visto la prima auto di otto incendiata dai coloni, e poi il rumore di proiettili veri ci ha spinto a cercare riparo.<\/span><\/span> <span class=\"jCAhz\"><span class=\"ryNqvb\">Una folla di palestinesi ha iniziato a muoversi intorno alle colline, mentre altri ci hanno indicato luoghi sicuri mentre spegnevano l&#8217;incendio.<\/span><\/span> <\/span><\/p>\n<p class=\"lRu31\" dir=\"ltr\"><span class=\"HwtZe\" lang=\"it\"><span class=\"jCAhz ChMk0b\"><span class=\"ryNqvb\">I coloni hanno attaccato i palestinesi dalla collina retrostante, provocando il ricovero in ospedale di 11 palestinesi e di un volontario internazionale, nonch\u00e9 l&#8217;incendio di otto auto e un fallito tentativo di incendiare anche l&#8217;ambulanza.<\/span><\/span><\/span><\/p>\n<\/div>\n<\/div>\n<\/div>\n<\/div>\n<\/div>\n<\/div>\n<\/div>\n<\/div>\n<\/div>\n<p><!--more--><\/p>\n<div id=\"attachment_22899\" style=\"width: 246px\" class=\"wp-caption aligncenter\"><a href=\"http:\/\/reteitalianaism.it\/reteism\/wp-content\/uploads\/2025\/10\/Screenshot-2025-10-15-103611.png\"><img loading=\"lazy\" decoding=\"async\" aria-describedby=\"caption-attachment-22899\" class=\" wp-image-22899\" src=\"http:\/\/reteitalianaism.it\/reteism\/wp-content\/uploads\/2025\/10\/Screenshot-2025-10-15-103611-165x300.png\" alt=\"\" width=\"236\" height=\"429\" srcset=\"https:\/\/reteitalianaism.it\/reteism\/wp-content\/uploads\/2025\/10\/Screenshot-2025-10-15-103611-165x300.png 165w, https:\/\/reteitalianaism.it\/reteism\/wp-content\/uploads\/2025\/10\/Screenshot-2025-10-15-103611-565x1024.png 565w, https:\/\/reteitalianaism.it\/reteism\/wp-content\/uploads\/2025\/10\/Screenshot-2025-10-15-103611.png 601w\" sizes=\"auto, (max-width: 236px) 100vw, 236px\" \/><\/a><p id=\"caption-attachment-22899\" class=\"wp-caption-text\"><a href=\"https:\/\/www.instagram.com\/ismpalestine\/?utm_source=ig_embed\">Link al post<\/a><\/p><\/div>\n<p><span class=\"jCAhz ChMk0b\"><span class=\"ryNqvb\">Tutto questo \u00e8 accaduto in un noto luogo di resistenza, dove proprio l&#8217;anno scorso, una delle nostre volontarie, Ay\u015fenur Ezgi Eygi, \u00e8 stata vittima di martirio mentre si rifugiava in questo uliveto.<\/span><\/span><\/p>\n<p><span class=\"jCAhz ChMk0b\"><span class=\"ryNqvb\">Nonostante le ferite e la violenza, gli agricoltori con cui abbiamo parlato a Beita hanno considerato la giornata un successo.<\/span><\/span> <span class=\"jCAhz ChMk0b\"><span class=\"ryNqvb\">Sono comunque riusciti ad andare collettivamente nei terreni dei villaggi e a raccogliere alcune olive.<\/span><\/span> <span class=\"jCAhz ChMk0b\"><span class=\"ryNqvb\">In molte altre localit\u00e0, le molestie e la violenza dei coloni sostenuti dall&#8217;esercito hanno impedito ai palestinesi di accedere alle loro terre.<\/span><\/span><\/p>\n<p><span class=\"jCAhz ChMk0b\"><span class=\"ryNqvb\">I palestinesi pagano un prezzo elevato per la loro resistenza quotidiana, ma la gente di Beita si \u00e8 rifiutata di arrendersi, nonostante le avversit\u00e0.<\/span><\/span> <span class=\"jCAhz ChMk0b\"><span class=\"ryNqvb\">Lo spirito di resistenza \u00e8 forte e incrollabile.<\/span><\/span> <span class=\"jCAhz\"><span class=\"ryNqvb\">Non siamo sconfitti.<\/span><\/span><\/p>\n","protected":false},"excerpt":{"rendered":"<p>13 ottobre 2025 Settlers Attack Palestinians during the Harvest in Beita &#8211; Home Il 10 ottobre, sulle colline sopra Beita, quello che avrebbe dovuto essere un gioioso inizio della stagione della raccolta delle olive ha mostrato cosa devono affrontare i &hellip; <a href=\"https:\/\/reteitalianaism.it\/reteism\/index.php\/2025\/10\/15\/i-coloni-attaccano-i-palestinesi-durante-la-raccolta-a-beita\/\">Continue reading <span class=\"meta-nav\">&rarr;<\/span><\/a><\/p>\n","protected":false},"author":6,"featured_media":0,"comment_status":"open","ping_status":"open","sticky":false,"template":"","format":"standard","meta":{"footnotes":""},"categories":[3],"tags":[392,158,169,179,159],"class_list":["post-22897","post","type-post","status-publish","format-standard","hentry","category-info","tag-beita","tag-campagna-delle-olive","tag-coloni","tag-genocidio","tag-raccolta-delle-olive"],"_links":{"self":[{"href":"https:\/\/reteitalianaism.it\/reteism\/index.php\/wp-json\/wp\/v2\/posts\/22897","targetHints":{"allow":["GET"]}}],"collection":[{"href":"https:\/\/reteitalianaism.it\/reteism\/index.php\/wp-json\/wp\/v2\/posts"}],"about":[{"href":"https:\/\/reteitalianaism.it\/reteism\/index.php\/wp-json\/wp\/v2\/types\/post"}],"author":[{"embeddable":true,"href":"https:\/\/reteitalianaism.it\/reteism\/index.php\/wp-json\/wp\/v2\/users\/6"}],"replies":[{"embeddable":true,"href":"https:\/\/reteitalianaism.it\/reteism\/index.php\/wp-json\/wp\/v2\/comments?post=22897"}],"version-history":[{"count":1,"href":"https:\/\/reteitalianaism.it\/reteism\/index.php\/wp-json\/wp\/v2\/posts\/22897\/revisions"}],"predecessor-version":[{"id":22900,"href":"https:\/\/reteitalianaism.it\/reteism\/index.php\/wp-json\/wp\/v2\/posts\/22897\/revisions\/22900"}],"wp:attachment":[{"href":"https:\/\/reteitalianaism.it\/reteism\/index.php\/wp-json\/wp\/v2\/media?parent=22897"}],"wp:term":[{"taxonomy":"category","embeddable":true,"href":"https:\/\/reteitalianaism.it\/reteism\/index.php\/wp-json\/wp\/v2\/categories?post=22897"},{"taxonomy":"post_tag","embeddable":true,"href":"https:\/\/reteitalianaism.it\/reteism\/index.php\/wp-json\/wp\/v2\/tags?post=22897"}],"curies":[{"name":"wp","href":"https:\/\/api.w.org\/{rel}","templated":true}]}}