{"id":2290,"date":"2013-02-28T18:52:06","date_gmt":"2013-02-28T17:52:06","guid":{"rendered":"http:\/\/reteitalianaism.it\/public_html\/?p=2290"},"modified":"2013-02-28T18:52:06","modified_gmt":"2013-02-28T17:52:06","slug":"scontri-in-tutta-la-west-bank","status":"publish","type":"post","link":"https:\/\/reteitalianaism.it\/reteism\/index.php\/2013\/02\/28\/scontri-in-tutta-la-west-bank\/","title":{"rendered":"Scontri in tutta la West Bank"},"content":{"rendered":"<div style=\"text-align: justify;\"><em>fonte: un volontario in West bank<\/em><\/div>\n<div style=\"text-align: justify;\">Dalla morte di Arafat Jaradath l&#8217;aria qui in West Bank si \u00e8 fatta molto pesante. Nel giorno del funerale (luned\u00ec 25 febbraio), nei pressi del campo profughi di Aida, c&#8217;\u00e8 stata una manifestazione abbastanza partecipata a cui hanno preso parte giovani dei 3 campi profughi di Betlemme: Aida, Deisha e Azza. Il corteo, partito da una delle vie principali di Betlemme si \u00e8 diretto verso il checkpoint 300, dando a vita a<img loading=\"lazy\" decoding=\"async\" class=\"alignright\" alt=\"\" src=\"http:\/\/sphotos-c.ak.fbcdn.net\/hphotos-ak-prn1\/58403_571079246235717_259510566_n.jpg\" width=\"323\" height=\"215\" \/> un breve lancio di pietre contro il cancello e la torretta militare israeliana al confine con la tomba di Rachele (a cui \u00e8 permesso entrare solo agli israleiani). Finita la manifestazione i giovani si sono un p\u00f2 dispersi, molti sono tornati dentro Aida, continuando saltuariamente il lancio di pietre a distanza, con le fionde, quasi fosse un allenamento. Uno di questi ragazzi, per\u00f2, che stava appoggiato ad un muro a parlare con degli amici, ad un certo punto si \u00e8 accasciato iniziando a sanguinare dal petto. Non si \u00e8 sentito neanche il rumore di uno sparo, ma il ragazzo \u00e8 stato colpito con live bullet e il colpo non presentava foro di uscita. <!--more-->I soldati gli hanno sparato con un silenziatore e in pi\u00f9 con un tipo di proiettile speciale, che \u00e8 in grado di perforare anche il metallo, ma che quando colpisce il corpo umano si ferma al suo interno provocando una piccola esplosione che ne devasta gli organi interni, come spiegato dai dottori. Il giovane si chiama\u00a0Mohammed Khaled al-Kurd, 13 anni, e si trova ora nel reparto terapia intensiva dell&#8217;ospedale di Beit Jalla.<\/div>\n<div style=\"text-align: justify;\">Dopo questo fatto, intorno alle 2 di pomeriggio, i giovani ( un centinaio in tutto) sono tornati in strada e hanno dato vita a violenti lanci di pietre e bottiglie molotov contro la torretta di controllo israeliana, da dove di tanto in tanto si apriva una finestrella, per sparare lacrimogeni e proiettili di metallo rivestiti di gomma (rubber coated steel bullets). Ovviamente tutto ci\u00f2 dall&#8217;alto e quindi ad altezza d&#8217;uomo.<\/div>\n<div style=\"text-align: justify;\">Gli scontri sono durati incessantemente fino a sera. Ad un certo punto, le forze di occupazione israeliane sono anche scese in strada cercandi di sedare la battaglia e sparando in testa ad un altro giovane di 19 anni, di cui ora non si hanno notizie certe, se non che \u00e8 in coma. I soldati infatti dopo averlo colpito l&#8217;hann portato dentro il cancello della torretta e hanno fatto venire (dopo mezz&#8217;ora) un&#8217;ambulanza che l&#8217;ha portato in un ospedale in Israele. Alcuni presenti hanno detto che questa \u00e8 la pratica quando vogliono tenere nascosto il fatto che uno sia morto, per far calmare la situazione. Staremo a vedere.<\/div>\n<div style=\"text-align: justify;\">L&#8217;altro ieri alcuni giovani palestinesi hanno fatto esplodere alcuni colpo di arma da fuoco e alcuni esplosivi nei pressi della torretta di controllo di Aida. L&#8217;esercito la notte stessa \u00e8 entrato nel campo per arrestare uno diquesti. Il giovane che \u00e8 riuscito inizialemente a scappare, si \u00e8 poi consegnato spontaneamente all&#8217;esercito, dopo che alcuni soldati hanno preso in ostaggio la sua famiglia facendoli sapere che avrebbero arrestato tutti se lui non fosse tornato. Ora rischia dai 5 ai 10 anni di carcere. E questo solo nell&#8217;area di Betlemme. In tutta la West Bank, da giorni, vanno avanti scontri accesi tra palestinesi e forze di occupazione. Da Jenin ad Al-Khalil (Hebron), passando per la prigione di Ofer.<\/div>\n<div style=\"text-align: justify;\">La terza intifada \u00e8 sulla bocca di tutti. E lo \u00e8 da molto tempo, quasi creandone un mito. Molti, invece, ironicamente dicono che ci sar\u00e0 la terza intifada quando lo scriveranno i giornali. Un&#8217;ironia che come sempre nasconde un fondo di verit\u00e0. Intifada alla fine significa &#8220;rivolta&#8221;. Ed \u00e8 ormai dall&#8217;ultimo attacco a Gaza, infatti, che la situazione in West Bank non sembra placarsi. Da tempo che scontri cos\u00ec violenti non si succedevano cos\u00ec spesso. Ora la situazione dei prigionieri in sciopero della fame (uno di loro, Samer Issawi \u00e8 stato ricoverato ieri, d&#8217;urgenza), in caso di esito tragico, potrebbe essere la goccia benzina che farebbe definitivamente divampare un fuoco che sta bruciando da mesi. E che, almeno per il momento, non accenna a spegnersi.\u00a0 <span style=\"font-family: arial,helvetica,sans-serif;\"><br \/>\n<\/span><\/div>\n","protected":false},"excerpt":{"rendered":"<p>fonte: un volontario in West bank Dalla morte di Arafat Jaradath l&#8217;aria qui in West Bank si \u00e8 fatta molto pesante. Nel giorno del funerale (luned\u00ec 25 febbraio), nei pressi del campo profughi di Aida, c&#8217;\u00e8 stata una manifestazione abbastanza &hellip; <a href=\"https:\/\/reteitalianaism.it\/reteism\/index.php\/2013\/02\/28\/scontri-in-tutta-la-west-bank\/\">Continue reading <span class=\"meta-nav\">&rarr;<\/span><\/a><\/p>\n","protected":false},"author":2,"featured_media":0,"comment_status":"open","ping_status":"open","sticky":false,"template":"","format":"standard","meta":{"footnotes":""},"categories":[1],"tags":[],"class_list":["post-2290","post","type-post","status-publish","format-standard","hentry","category-senza-categoria"],"_links":{"self":[{"href":"https:\/\/reteitalianaism.it\/reteism\/index.php\/wp-json\/wp\/v2\/posts\/2290","targetHints":{"allow":["GET"]}}],"collection":[{"href":"https:\/\/reteitalianaism.it\/reteism\/index.php\/wp-json\/wp\/v2\/posts"}],"about":[{"href":"https:\/\/reteitalianaism.it\/reteism\/index.php\/wp-json\/wp\/v2\/types\/post"}],"author":[{"embeddable":true,"href":"https:\/\/reteitalianaism.it\/reteism\/index.php\/wp-json\/wp\/v2\/users\/2"}],"replies":[{"embeddable":true,"href":"https:\/\/reteitalianaism.it\/reteism\/index.php\/wp-json\/wp\/v2\/comments?post=2290"}],"version-history":[{"count":1,"href":"https:\/\/reteitalianaism.it\/reteism\/index.php\/wp-json\/wp\/v2\/posts\/2290\/revisions"}],"predecessor-version":[{"id":2291,"href":"https:\/\/reteitalianaism.it\/reteism\/index.php\/wp-json\/wp\/v2\/posts\/2290\/revisions\/2291"}],"wp:attachment":[{"href":"https:\/\/reteitalianaism.it\/reteism\/index.php\/wp-json\/wp\/v2\/media?parent=2290"}],"wp:term":[{"taxonomy":"category","embeddable":true,"href":"https:\/\/reteitalianaism.it\/reteism\/index.php\/wp-json\/wp\/v2\/categories?post=2290"},{"taxonomy":"post_tag","embeddable":true,"href":"https:\/\/reteitalianaism.it\/reteism\/index.php\/wp-json\/wp\/v2\/tags?post=2290"}],"curies":[{"name":"wp","href":"https:\/\/api.w.org\/{rel}","templated":true}]}}