{"id":22910,"date":"2025-10-16T18:19:26","date_gmt":"2025-10-16T16:19:26","guid":{"rendered":"https:\/\/reteitalianaism.it\/reteism\/?p=22910"},"modified":"2025-10-17T13:46:39","modified_gmt":"2025-10-17T11:46:39","slug":"siamo-morti-mille-volte-detenuti-palestinesi-liberati-raccontano-le-orribili-torture","status":"publish","type":"post","link":"https:\/\/reteitalianaism.it\/reteism\/index.php\/2025\/10\/16\/siamo-morti-mille-volte-detenuti-palestinesi-liberati-raccontano-le-orribili-torture\/","title":{"rendered":"\u2018Siamo morti mille volte\u2019: Detenuti palestinesi liberati raccontano le orribili torture"},"content":{"rendered":"<header class=\"entry-header clearfix\">\n<p class=\"entry-title\"><a href=\"https:\/\/it.palestinechronicle.com\/siamo-morti-mille-volte-detenuti-palestinesi-liberati-raccontano-le-orribili-torture\/?fbclid=IwY2xjawNd-aJleHRuA2FlbQIxMQABHgC0ne_IYnIK0tXym24U4Of8d359W6tQvXP3EQ9aIJ-CXIicodNdzagMGMLv_aem_JmUJTjPldoHSf2CkcmcbUg\">https:\/\/it.palestinechronicle.com\/<\/a><\/p>\n<div class=\"mh-meta entry-meta\"><span class=\"entry-meta-date updated\"><i class=\"fa fa-clock-o\"><\/i><a href=\"https:\/\/it.palestinechronicle.com\/2025\/10\/\">Ottobre 15, 2025<\/a><\/span><\/div>\n<\/header>\n<div class=\"entry-content clearfix\">\n<figure class=\"entry-thumbnail\"><img loading=\"lazy\" decoding=\"async\" class=\"aligncenter\" title=\"Prisoners_torture_VIDEO\" src=\"https:\/\/it.palestinechronicle.com\/wp-content\/uploads\/2025\/10\/Prisoners_torture_VIDEO.png\" alt=\"\" width=\"497\" height=\"334\" \/><figcaption class=\"wp-caption-text\">Thousands of Palestinian detainees were released from Israeli prisons. (Photo: video grab)<\/figcaption><\/figure>\n<div class=\"mh-social-top\">\n<div class=\"mh-share-buttons clearfix\"><\/div>\n<\/div>\n<p><strong>By\u00a0<a title=\"Visualizza tutti gli articoli per Romana Rubeo\" href=\"https:\/\/it.palestinechronicle.com\/writers\/romana-rubeo\">Romana Rubeo<\/a><\/strong><\/p>\n<blockquote>\n<h3 data-start=\"0\" data-end=\"148\">Dalla tortura sonora alle amputazioni, i palestinesi rilasciati in seguito al cessate il fuoco descrivono un sistema brutale di repressione nelle carceri israeliane.<\/h3>\n<\/blockquote>\n<p data-start=\"0\" data-end=\"148\">Centinaia di palestinesi rilasciati dalle carceri israeliane negli ultimi giorni hanno descritto scene di tortura sistematica, fame e umiliazioni.<\/p>\n<p data-start=\"150\" data-end=\"425\">Le loro testimonianze, raccolte da The Guardian, TRT, Al-Mayadeen, Quds News Network e Palestine Online, tra gli altri, offrono uno sguardo raro su quella che le organizzazioni per i diritti umani definiscono una \u201cpolitica di abuso\u201d rivolta contro i detenuti palestinesi.<\/p>\n<p data-start=\"427\" data-end=\"695\">Secondo i resoconti, molti dei prigionieri liberati sono tornati a Gaza emaciati, feriti e traumatizzati, e alcuni hanno scoperto solo dopo la loro liberazione che le loro famiglie erano state uccise durante la guerra di Israele contro la Striscia assediata.<\/p>\n<\/div>\n<p data-start=\"427\" data-end=\"695\"><!--more--><\/p>\n<p data-start=\"427\" data-end=\"695\"><span style=\"color: #000000; font-size: 1.2em;\">\u201cLa mia gioia \u00e8 andata via con lei\u201d<\/span><\/p>\n<div class=\"entry-content clearfix\">\n<p data-start=\"697\" data-end=\"937\">In una testimonianza pubblicata dal Guardian, il 33enne Naseem al-Radee ha ricordato il momento in cui le guardie carcerarie israeliane \u201cgli hanno fatto un regalo d\u2019addio\u201d prima del rilascio.<\/p>\n<p data-start=\"939\" data-end=\"1198\">\u201cGli hanno legato le mani, lo hanno fatto sdraiare a terra e lo hanno picchiato senza piet\u00e0,\u201d si legge nel rapporto, descrivendo come la prima immagine che Radee ha avuto di Gaza, dopo quasi due anni, fosse \u201csfocata,\u201d a causa di un calcio ricevuto in un occhio.<\/p>\n<p data-start=\"1200\" data-end=\"1546\">Radee, un impiegato governativo di Beit Lahia, era stato rapito dai soldati israeliani in un rifugio per sfollati a Gaza nel dicembre 2023. Ha trascorso 22 mesi in detenzione, di cui 100 giorni in una cella sotterranea, prima di essere rilasciato insieme ad altri 1.700 palestinesi questa settimana nell\u2019ambito dell\u2019accordo di cessate il fuoco.<\/p>\n<p>&nbsp;<\/p>\n<p data-start=\"1548\" data-end=\"1762\">\u201cHanno usato gas lacrimogeni e proiettili di gomma per intimidirci, oltre a continue offese e insulti,\u201d ha raccontato Radee al\u00a0Guardian riguardo al suo periodo nella prigione di Nafha, nel deserto del Naqab.<\/p>\n<p data-start=\"1764\" data-end=\"1992\">\u201cC\u2019era un sistema di repressione rigido; il cancello elettronico della sezione si apriva quando entravano i soldati, e arrivavano con i cani, urlando \u2018a terra, a terra\u2019, e cominciavano a picchiarci senza piet\u00e0,\u201d ha continuato.<\/p>\n<p data-start=\"1994\" data-end=\"2292\">Secondo il rapporto, celle anguste e insalubri, infezioni fungine, fame e pestaggi quotidiani hanno caratterizzato la sua prigionia. Una volta rilasciato, Radee ha cercato di contattare sua moglie, solo per scoprire che lei e tutti i suoi figli, tranne uno, erano stati uccisi durante la sua detenzione.<\/p>\n<p data-start=\"2294\" data-end=\"2578\">\u201cEro molto felice di essere rilasciato perch\u00e9 la data coincideva con il terzo compleanno della mia figlia pi\u00f9 piccola, Saba,\u201d ha detto. \u201cHo cercato di trovare un po\u2019 di gioia in questo giorno, ma purtroppo Saba se n\u2019\u00e8 andata, con la mia famiglia, e la mia gioia \u00e8 andata via con lei.\u201d<\/p>\n<h4 data-start=\"2580\" data-end=\"2789\"><strong>Tortura sonora<\/strong><\/h4>\n<p data-start=\"2580\" data-end=\"2789\">Parlando al Guardian, lo studente universitario di 22 anni Mohammed al-Asaliya ha raccontato di aver contratto la scabbia in prigione e di essere stato privato delle cure.<\/p>\n<p data-start=\"2791\" data-end=\"3044\">\u201cNon c\u2019era assistenza medica,\u201d ha detto. \u201cAbbiamo cercato di curarci usando il disinfettante per pavimenti sulle ferite, ma peggiorava solo la situazione. I materassi erano sporchi, l\u2019ambiente malsano, la nostra immunit\u00e0 debole e il cibo contaminato.\u201d<\/p>\n<p data-start=\"3046\" data-end=\"3169\">Ha parlato di un\u2019area \u201cche chiamavano \u2018la discoteca\u2019, dove facevano suonare musica ad alto volume per due giorni di fila.\u201d<\/p>\n<p data-start=\"3171\" data-end=\"3363\">La tortura sonora, ha spiegato, era combinata con abusi fisici: \u201cCi appendevano ai muri, ci spruzzavano addosso aria e acqua fredde, e a volte anche spray al peperoncino.\u201d<\/p>\n<p data-start=\"3365\" data-end=\"3453\">Al momento della sua liberazione, il peso di Asaliya era sceso da 75 a 42 chilogrammi.<\/p>\n<h4 data-start=\"3455\" data-end=\"3659\">\u201cSiamo morti mille volte\u201d<\/h4>\n<p data-start=\"3455\" data-end=\"3659\">In una testimonianza raccolta da Palestine Online, il giornalista ed ex detenuto Shadi Abu Sido ha descritto quella che ha definito \u201cuna tortura inimmaginabile.\u201d<\/p>\n<p data-start=\"3661\" data-end=\"3821\">\u201cDicevano: \u2018Prendi, mangia.\u2019 Ma io non volevo niente per me. Circa 1.800 di noi sono stati rilasciati, e migliaia sono ancora dentro,\u201d ha raccontato Abu Sido.<\/p>\n<blockquote>\n<p data-start=\"3823\" data-end=\"4086\">\u201cSe tutti voi morite una volta al giorno, noi siamo morti mille volte al giorno, ogni giorno. Non sapevamo che giorno fosse, n\u00e9 l\u2019ora, n\u00e9 la data. Avevamo dimenticato cosa significasse dormire o mangiare. Nel cuore della notte ci gettavano addosso acqua, dentro le celle.\u201d<\/p>\n<\/blockquote>\n<p data-start=\"4088\" data-end=\"4163\">In un altro video pubblicato da Palestine Online, Abu Sido ha aggiunto:<\/p>\n<blockquote>\n<p data-start=\"4165\" data-end=\"4385\">\u201cCi torturavano e ci maltrattavano in tutti i modi possibili, fisicamente e psicologicamente. Non dormivamo, ci minacciavano parlando dei nostri figli. \u2018Abbiamo ucciso i vostri figli, li abbiamo uccisi. Gaza non esiste pi\u00f9\u2019, dicevano.\u201d<\/p>\n<\/blockquote>\n<p data-start=\"4387\" data-end=\"4479\">\u201cPoi, quando sono tornato a Gaza, era come l\u2019apocalisse,\u201d ha detto.<\/p>\n<h4 data-start=\"4481\" data-end=\"4934\"><strong>\u201cL\u2019ho fatta per mia figlia\u201d<\/strong><\/h4>\n<p data-start=\"4481\" data-end=\"4934\">In un video pubblicato da Al Mayadeen, un altro detenuto appena liberato \u00e8 crollato in lacrime dopo aver appreso che la sua intera famiglia era stata uccisa. Tenendo in mano un giocattolo fatto a mano che aveva realizzato in prigione, ha detto:<\/p>\n<blockquote>\n<p data-start=\"4481\" data-end=\"4934\">\u201cI miei figli sono morti. L\u2019ho fatta per mia figlia. Il suo compleanno era il 18 ottobre; mia figlia aveva due anni. Bara ha otto anni. I miei amati sono stati uccisi.\u201d<\/p>\n<\/blockquote>\n<h4 data-start=\"4936\" data-end=\"5389\"><strong>\u201cMi hanno amputato la gamba\u201d<\/strong><\/h4>\n<p data-start=\"4936\" data-end=\"5389\">Parlando a TRT World, il prigioniero palestinese Jibril al-Safadi ha raccontato la brutalit\u00e0 che gli \u00e8 costata una gamba:<br data-start=\"5092\" data-end=\"5095\" \/>\u201cMi hanno amputato la gamba in prigione a causa delle torture. La situazione era terribile: sofferenza incessante. Ci picchiavano in modo selvaggio e ci torturavano in modo orribile,\u201d ha detto.<\/p>\n<blockquote>\n<p data-start=\"4936\" data-end=\"5389\">\u201cMi hanno trasferito a Sde Teiman. Non c\u2019era assistenza medica. Mi hanno amputato la gamba destra.\u00a0Abbiamo affrontato tutto ci\u00f2 che si pu\u00f2 immaginare, persino stupri da parte di cani e torture di ogni genere. Uccidere l\u00ec \u00e8 normale, come se fosse una cosa ordinaria.\u201d<\/p>\n<\/blockquote>\n<h4 data-start=\"5566\" data-end=\"5844\"><strong>Un sistema di abusi<\/strong><\/h4>\n<p data-start=\"5566\" data-end=\"5844\">Il rapporto del Guardian ha citato funzionari medici palestinesi a Gaza che hanno confermato che molti detenuti sono arrivati \u201cin pessime condizioni fisiche,\u201d con \u201cematomi, fratture, ferite e segni di legature sui polsi.\u201d<\/p>\n<p data-start=\"5846\" data-end=\"6115\">Eyad Qaddih, direttore delle relazioni pubbliche dell\u2019Ospedale Nasser, nel sud di Gaza, ha dichiarato che molti dei prigionieri rilasciati sono stati trasferiti al pronto soccorso. \u201cI segni di percosse e torture erano chiaramente visibili,\u201d ha detto al Guardian.<\/p>\n<p data-start=\"6117\" data-end=\"6315\">Il rapporto ha citato l\u2019ONG israeliana Public Committee Against Torture in Israel (PCATI), secondo la quale circa 2.800 palestinesi di Gaza restano nelle carceri israeliane senza accuse formali.<\/p>\n<p>&nbsp;<\/p>\n<p data-start=\"6317\" data-end=\"6535\">La maggior parte \u00e8 detenuta in base alle leggi d\u2019emergenza modificate dopo il 7 ottobre 2023, che consentono la detenzione amministrativa a tempo indeterminato di chiunque venga considerato un \u201ccombattente illegale.\u201d<\/p>\n<p data-start=\"6537\" data-end=\"6864\">La direttrice esecutiva di PCATI, Tal Steiner, ha affermato che \u201cla quantit\u00e0 e l\u2019intensit\u00e0 delle torture e degli abusi nelle carceri e nei campi militari israeliani sono aumentate vertiginosamente dal 7 ottobre.\u201d Ha descritto l\u2019escalation come \u201cparte di una politica guidata da decisori israeliani come Itamar Ben-Gvir e altri\u201d.<\/p>\n<p data-start=\"6866\" data-end=\"7060\">Ben-Gvir, ministro della Sicurezza nazionale dell\u2019estrema destra israeliana, si \u00e8 pi\u00f9 volte vantato di fornire ai prigionieri palestinesi \u201cil minimo del minimo\u201d in termini di cibo e forniture.<\/p>\n<p data-start=\"7062\" data-end=\"7089\" data-is-last-node=\"\" data-is-only-node=\"\"><em>(The Palestine Chronicle)<\/em><\/p>\n<div class=\"writer-section\">\n<div class=\"entry-content\">\n<div><img loading=\"lazy\" decoding=\"async\" src=\"https:\/\/it.palestinechronicle.com\/wp-content\/uploads\/2023\/03\/RUBEO-PROFILE.png\" width=\"180\" height=\"180\" \/><\/div>\n<p><em>&#8211; Romana Rubeo \u00e8 una giornalista italiana, caporedattrice del The Palestine Chronicle. I suoi articoli sono apparsi in varie pubblicazioni online e riviste accademiche. Laureata in Lingue e Letterature Straniere, \u00e8 specializzata in traduzioni giornalistiche e audiovisive.<\/em><\/p>\n<\/div>\n<\/div>\n<\/div>\n","protected":false},"excerpt":{"rendered":"<p>https:\/\/it.palestinechronicle.com\/ Ottobre 15, 2025 Thousands of Palestinian detainees were released from Israeli prisons. (Photo: video grab) By\u00a0Romana Rubeo Dalla tortura sonora alle amputazioni, i palestinesi rilasciati in seguito al cessate il fuoco descrivono un sistema brutale di repressione nelle carceri &hellip; <a href=\"https:\/\/reteitalianaism.it\/reteism\/index.php\/2025\/10\/16\/siamo-morti-mille-volte-detenuti-palestinesi-liberati-raccontano-le-orribili-torture\/\">Continue reading <span class=\"meta-nav\">&rarr;<\/span><\/a><\/p>\n","protected":false},"author":2,"featured_media":0,"comment_status":"open","ping_status":"open","sticky":false,"template":"","format":"standard","meta":{"footnotes":""},"categories":[3,67],"tags":[156,22,23],"class_list":["post-22910","post","type-post","status-publish","format-standard","hentry","category-info","category-prigionieri","tag-assedio-di-gaza","tag-diritti-prigionieri","tag-diritti-umani"],"_links":{"self":[{"href":"https:\/\/reteitalianaism.it\/reteism\/index.php\/wp-json\/wp\/v2\/posts\/22910","targetHints":{"allow":["GET"]}}],"collection":[{"href":"https:\/\/reteitalianaism.it\/reteism\/index.php\/wp-json\/wp\/v2\/posts"}],"about":[{"href":"https:\/\/reteitalianaism.it\/reteism\/index.php\/wp-json\/wp\/v2\/types\/post"}],"author":[{"embeddable":true,"href":"https:\/\/reteitalianaism.it\/reteism\/index.php\/wp-json\/wp\/v2\/users\/2"}],"replies":[{"embeddable":true,"href":"https:\/\/reteitalianaism.it\/reteism\/index.php\/wp-json\/wp\/v2\/comments?post=22910"}],"version-history":[{"count":4,"href":"https:\/\/reteitalianaism.it\/reteism\/index.php\/wp-json\/wp\/v2\/posts\/22910\/revisions"}],"predecessor-version":[{"id":22916,"href":"https:\/\/reteitalianaism.it\/reteism\/index.php\/wp-json\/wp\/v2\/posts\/22910\/revisions\/22916"}],"wp:attachment":[{"href":"https:\/\/reteitalianaism.it\/reteism\/index.php\/wp-json\/wp\/v2\/media?parent=22910"}],"wp:term":[{"taxonomy":"category","embeddable":true,"href":"https:\/\/reteitalianaism.it\/reteism\/index.php\/wp-json\/wp\/v2\/categories?post=22910"},{"taxonomy":"post_tag","embeddable":true,"href":"https:\/\/reteitalianaism.it\/reteism\/index.php\/wp-json\/wp\/v2\/tags?post=22910"}],"curies":[{"name":"wp","href":"https:\/\/api.w.org\/{rel}","templated":true}]}}