{"id":2292,"date":"2013-02-28T20:58:38","date_gmt":"2013-02-28T19:58:38","guid":{"rendered":"http:\/\/reteitalianaism.it\/public_html\/?p=2292"},"modified":"2013-03-09T20:02:25","modified_gmt":"2013-03-09T19:02:25","slug":"un-passo-nella-direzione-giusta","status":"publish","type":"post","link":"https:\/\/reteitalianaism.it\/reteism\/index.php\/2013\/02\/28\/un-passo-nella-direzione-giusta\/","title":{"rendered":"Un passo nella direzione giusta"},"content":{"rendered":"<p style=\"text-align: justify;\"><a href=\"http:\/\/reteitalianaism.it\/public_html\/index.php\/2013\/02\/28\/un-passo-nella-direzione-giusta\/third1-150x150\/\" rel=\"attachment wp-att-2298\"><img loading=\"lazy\" decoding=\"async\" class=\"alignright size-full wp-image-2298\" alt=\"third1-150x150\" src=\"http:\/\/reteitalianaism.it\/public_html\/wp-content\/uploads\/2013\/02\/third1-150x150.jpg\" width=\"150\" height=\"150\" \/><\/a><strong>28 febbraio 2013 | Palestine Solidarity Campaign e International Solidarity Movement<\/strong><\/p>\n<p style=\"text-align: justify;\">L&#8217;Unione europea sostiene attivamente l&#8217;apartheid di Israele con i suoi accordi commerciali attuali. Quando \u00e8 troppo \u00e8 troppo, manteniamo alta la pressione, il 2013 \u00e8 il tempo per la giustizia in Palestina.<br \/>\nSempre pi\u00f9 di noi diventano consapevoli della negazione sistematica dei diritti umani dei palestinesi da parte dell&#8217;occupazione israeliana militare, \u00e8 il momento di fare in modo che i nostri rappresentanti eletti siano a conoscenza della necessit\u00e0 di una pressione crescente e inarrestabile per la pace e la giustizia.<!--more--><\/p>\n<p style=\"text-align: justify;\">L&#8217;UE dovrebbe svolgere un ruolo di primo piano nell&#8217;attuazione delle politiche per assicurare che Israele termini la sua occupazione illegale, il rispetto del diritto internazionale e rispetti i diritti umani dei palestinesi.<\/p>\n<p style=\"text-align: justify;\">Al contrario, \u00a0sta sostenendo l&#8217;occupazione israeliana con:<\/p>\n<p style=\"text-align: justify;\">&#8211; consenso alla commercializzazione dei prodotti degli insediamenti illegali \u00a0in tutta Europa<\/p>\n<p style=\"text-align: justify;\">&#8211; utilizzo del denaro dei contribuenti dell\u2019 UE per finanziare le imprese militari israeliane che sono responsabili per l&#8217;uccisione di civili e che sostengono l&#8217;occupazione militare israeliana<\/p>\n<p style=\"text-align: justify;\">Come raccomandato dai consoli generali dell\u2019Unione Europea a Gerusalemme Est e Ramallah in un recente rapporto, l&#8217;Unione europea deve disinvestire dagli insediamenti e dovrebbero essere messe in atto sanzioni economiche verso enti e societ\u00e0 che lavorano nelle imprese che operano nelle colonie. In una relazione presentata al Consiglio dei diritti delle Nazioni Unite da una missione indipendente, sono stati invitati tutti i soggetti internazionali interessati, privati \u200b\u200bo statali, ad adottare &#8220;tutte le misure necessarie&#8221; per garantire che vi sia rispetto dei diritti umani &#8220;anche interrompendo i loro interessi commerciali negli insediamenti&#8221;.<\/p>\n<p style=\"text-align: justify;\">Si tratta di un passo avanti, ma non sufficiente, bisogna mantenere la pressione sui rappresentanti dell&#8217;UE affinch\u00e8 sospenda gli accordi commerciali con Israele fino a quando non sia pienamente e completamente rispettato il diritto internazionale.<\/p>\n<p style=\"text-align: justify;\">\u00c8 giunto il momento per le azioni, basta con le parole. D\u00ec all&#8217;UE di agire ora.<\/p>\n<p style=\"text-align: justify;\">Read the full letter and sign the call here today: <a href=\"http:\/\/psc.iparl.com\/lobby\/96\">http:\/\/psc.iparl.com\/lobby\/96<\/a>.<\/p>\n<p style=\"text-align: justify;\"><a href=\"http:\/\/palsolidarity.org\/2013\/01\/time-for-justice-a-call-from-palestine-to-eu-citizens\/\"><b>Send letters to EU Prime Ministers and Foreign Ministers (in all EU languages!)<\/b><\/a><\/p>\n<p style=\"text-align: justify;\"><a href=\"http:\/\/palsolidarity.org\/2013\/01\/time-for-justice-a-call-from-palestine-to-eu-citizens\/\"><b>Send letters to Members of European Parliament (MEPs) (in all EU languages!)<\/b><\/a><\/p>\n<p style=\"text-align: justify;\">\n","protected":false},"excerpt":{"rendered":"<p>28 febbraio 2013 | Palestine Solidarity Campaign e International Solidarity Movement L&#8217;Unione europea sostiene attivamente l&#8217;apartheid di Israele con i suoi accordi commerciali attuali. Quando \u00e8 troppo \u00e8 troppo, manteniamo alta la pressione, il 2013 \u00e8 il tempo per la &hellip; <a href=\"https:\/\/reteitalianaism.it\/reteism\/index.php\/2013\/02\/28\/un-passo-nella-direzione-giusta\/\">Continue reading <span class=\"meta-nav\">&rarr;<\/span><\/a><\/p>\n","protected":false},"author":2,"featured_media":0,"comment_status":"open","ping_status":"open","sticky":false,"template":"","format":"standard","meta":{"footnotes":""},"categories":[1],"tags":[],"class_list":["post-2292","post","type-post","status-publish","format-standard","hentry","category-senza-categoria"],"_links":{"self":[{"href":"https:\/\/reteitalianaism.it\/reteism\/index.php\/wp-json\/wp\/v2\/posts\/2292","targetHints":{"allow":["GET"]}}],"collection":[{"href":"https:\/\/reteitalianaism.it\/reteism\/index.php\/wp-json\/wp\/v2\/posts"}],"about":[{"href":"https:\/\/reteitalianaism.it\/reteism\/index.php\/wp-json\/wp\/v2\/types\/post"}],"author":[{"embeddable":true,"href":"https:\/\/reteitalianaism.it\/reteism\/index.php\/wp-json\/wp\/v2\/users\/2"}],"replies":[{"embeddable":true,"href":"https:\/\/reteitalianaism.it\/reteism\/index.php\/wp-json\/wp\/v2\/comments?post=2292"}],"version-history":[{"count":8,"href":"https:\/\/reteitalianaism.it\/reteism\/index.php\/wp-json\/wp\/v2\/posts\/2292\/revisions"}],"predecessor-version":[{"id":2388,"href":"https:\/\/reteitalianaism.it\/reteism\/index.php\/wp-json\/wp\/v2\/posts\/2292\/revisions\/2388"}],"wp:attachment":[{"href":"https:\/\/reteitalianaism.it\/reteism\/index.php\/wp-json\/wp\/v2\/media?parent=2292"}],"wp:term":[{"taxonomy":"category","embeddable":true,"href":"https:\/\/reteitalianaism.it\/reteism\/index.php\/wp-json\/wp\/v2\/categories?post=2292"},{"taxonomy":"post_tag","embeddable":true,"href":"https:\/\/reteitalianaism.it\/reteism\/index.php\/wp-json\/wp\/v2\/tags?post=2292"}],"curies":[{"name":"wp","href":"https:\/\/api.w.org\/{rel}","templated":true}]}}