{"id":23007,"date":"2025-11-04T21:23:01","date_gmt":"2025-11-04T20:23:01","guid":{"rendered":"https:\/\/reteitalianaism.it\/reteism\/?p=23007"},"modified":"2025-11-04T21:23:01","modified_gmt":"2025-11-04T20:23:01","slug":"in-una-tenda-nel-centro-di-gaza-nasce-un-festival-del-cinema-femminile","status":"publish","type":"post","link":"https:\/\/reteitalianaism.it\/reteism\/index.php\/2025\/11\/04\/in-una-tenda-nel-centro-di-gaza-nasce-un-festival-del-cinema-femminile\/","title":{"rendered":"In una tenda nel centro di Gaza nasce un festival del cinema femminile"},"content":{"rendered":"<p><a href=\"https:\/\/www.972mag.com\/gaza-international-womens-film-festival-hind-rajab\/\">https:\/\/www.972mag.com\/<\/a><\/p>\n<p style=\"text-align: justify;\"><strong>4 novembre 2025<\/strong>\u00a0 \u00a0 \u00a0 <em>Ibtisam Mahdi<\/em><\/p>\n<p style=\"text-align: justify;\">Tenutosi per sei giorni la scorsa settimana, il primo Festival Internazionale del Cinema Femminile \u00e8 stato &#8220;un&#8217;affermazione che Gaza ama la vita nonostante il genocidio&#8221;.<\/p>\n<div id=\"attachment_23008\" style=\"width: 507px\" class=\"wp-caption aligncenter\"><a href=\"http:\/\/reteitalianaism.it\/reteism\/wp-content\/uploads\/2025\/11\/IMG-20251027-WA0028-1200x802-1.jpg\"><img loading=\"lazy\" decoding=\"async\" aria-describedby=\"caption-attachment-23008\" class=\" wp-image-23008\" src=\"http:\/\/reteitalianaism.it\/reteism\/wp-content\/uploads\/2025\/11\/IMG-20251027-WA0028-1200x802-1-300x201.jpg\" alt=\"\" width=\"497\" height=\"333\" srcset=\"https:\/\/reteitalianaism.it\/reteism\/wp-content\/uploads\/2025\/11\/IMG-20251027-WA0028-1200x802-1-300x201.jpg 300w, https:\/\/reteitalianaism.it\/reteism\/wp-content\/uploads\/2025\/11\/IMG-20251027-WA0028-1200x802-1-1024x684.jpg 1024w, https:\/\/reteitalianaism.it\/reteism\/wp-content\/uploads\/2025\/11\/IMG-20251027-WA0028-1200x802-1-768x513.jpg 768w, https:\/\/reteitalianaism.it\/reteism\/wp-content\/uploads\/2025\/11\/IMG-20251027-WA0028-1200x802-1.jpg 1200w\" sizes=\"auto, (max-width: 497px) 100vw, 497px\" \/><\/a><p id=\"caption-attachment-23008\" class=\"wp-caption-text\">I partecipanti si riuniscono per l&#8217;inaugurazione del Festival Internazionale del Cinema Femminile di Gaza, Deir Al-Balah, Striscia di Gaza centrale, 26 ottobre 2025. (Per gentile concessione del Festival Internazionale del Cinema Femminile di Gaza)<\/p><\/div>\n<p style=\"text-align: justify;\">Alla fine di un tappeto rosso improvvisato steso tra edifici distrutti nel quartiere centrale di Deir Al-Balah, a Gaza, alcune decine di palestinesi sedevano davanti a un grande schermo televisivo. Il silenzio \u00e8 calato all&#8217;inizio del film, con i partecipanti che alternavano un&#8217;attenzione cupa a singhiozzi udibili, mentre per l&#8217;ora e mezza successiva rivivevano le esperienze degli ultimi due anni. Il film era &#8220;La voce di Hind Rajab&#8221; e la proiezione ha segnato l&#8217;apertura del primo Festival Internazionale di Cinema Femminile di Gaza.<!--more--><\/p>\n<p style=\"text-align: justify;\">&#8220;Ho pianto guardando il film&#8221;, ha detto Nihal Hasanein, una dei partecipanti, a +972 Magazine dopo la proiezione del 26 ottobre. All&#8217;inizio di quest&#8217;anno, ha perso tre dei suoi figli in un attacco aereo israeliano sulla sua casa a Beit Lahiya; ora vive nel campo di Al-Jazaeri a Deir Al-Balah, dove il film \u00e8 stato proiettato. &#8220;Mi ha riportato alla mente i ricordi di quando ho perso tutti i miei figli in una volta, insieme alla mia casa&#8221;, ha detto Hasanein.<\/p>\n<p style=\"text-align: justify;\">Diretto dalla regista tunisina Kaouther Ben Hania, &#8220;The Voice of Hind Rajab&#8221; ricostruisce l&#8217;omicidio di Hind Rajab, una bambina di 5 anni, e di sei membri della sua famiglia da parte di soldati israeliani mentre tentavano di fuggire in auto da Gaza City nel gennaio 2024. Presentato in anteprima alla Mostra del Cinema di Venezia a settembre, il film ha ricevuto il Gran Premio della Giuria e una standing ovation di 23 minuti da parte del pubblico. Successivamente, ha vinto diversi altri prestigiosi premi, diventando una delle opere arabe pi\u00f9 acclamate dell&#8217;anno. La proiezione, appena a sud della citt\u00e0 natale di Rajab, a Gaza, \u00e8 stata la prima nel mondo arabo.<\/p>\n<p style=\"text-align: justify;\">Il Gaza International Festival for Women&#8217;s Cinema \u00e8 stato lanciato dalla regista e ricercatrice palestinese Ezzaldeen Shalh, ex presidente dell&#8217;Unione Internazionale del Cinema Arabo, in collaborazione con il Ministero della Cultura Palestinese e istituzioni cinematografiche locali e internazionali. Secondo lui, il festival mira a presentare film prodotti, diretti o scritti da donne \u2013 in particolare in Palestina, ma anche nel mondo arabo e in generale \u2013 e che affrontino le problematiche femminili.<\/p>\n<div style=\"width: 508px\" class=\"wp-caption aligncenter\"><img loading=\"lazy\" decoding=\"async\" src=\"https:\/\/static.972mag.com\/www\/uploads\/2025\/11\/2025_10_26_17_10_IMG_4676-e1762270383374.jpg\" alt=\"Attendees gather for the opening of the Gaza International Festival for Women's Cinema, Deir Al-Balah, central Gaza Strip, October 26, 2025. (Mohammed Skaik)\" width=\"498\" height=\"331\" \/><p class=\"wp-caption-text\">I partecipanti si riuniscono per l&#8217;inaugurazione del Gaza International Festival for Women&#8217;s Cinema, Deir Al-Balah, Striscia di Gaza centrale, 26 ottobre 2025. (Mohammed Skaik)<\/p><\/div>\n<p style=\"text-align: justify;\">L&#8217;edizione inaugurale, organizzata con lo slogan &#8220;Donne leggendarie durante il genocidio&#8221;, ha cercato di far luce sulle sofferenze delle donne palestinesi negli ultimi due anni e di rilanciare la vita culturale di Gaza. &#8220;C&#8217;era bisogno di una piattaforma artistica che rappresentasse le donne palestinesi e permettesse loro di raccontare le loro storie al mondo attraverso la propria prospettiva&#8221;, ha affermato Shalh.<\/p>\n<p style=\"text-align: justify;\">\n<p>Nell&#8217;arco di sei giorni, dal 26 ottobre \u2013 che celebra la Giornata nazionale della donna palestinese e l&#8217;anniversario della prima Conferenza delle donne palestinesi del 1929 \u2013 al 31 ottobre, il festival ha presentato circa 80 film provenienti da oltre venti paesi tra Medio Oriente e Nord Africa, Europa e Americhe. Le proiezioni hanno attirato oltre 500 partecipanti, numeri che impallidiscono rispetto alle cifre prebelliche, quando oltre 2.000 persone al giorno si riversavano in festival culturali simili a Gaza.<\/p>\n<p style=\"text-align: justify;\">Oltre a Ben Hania, il festival inaugurale ha reso omaggio ad altre due donne il cui lavoro ha contribuito alla lotta popolare palestinese: la regista palestinese Khadijeh Habashneh e la compianta regista libanese Jocelyne Saab. La giuria includeva registe di spicco come Annemarie Jacir, la regista C\u00e9line Sciamma e l&#8217;attrice Jasmine Trinca.<\/p>\n<p style=\"text-align: justify;\">Yusri Darwish, presidente dell&#8217;Unione Generale dei Centri Culturali in Palestina, ha celebrato il festival come &#8220;una nuova conferma che Gaza ama la vita nonostante il genocidio e che pu\u00f2 trasformare le macerie in uno schermo e la tristezza in un messaggio di speranza&#8221;.<\/p>\n<p style=\"text-align: justify;\">Darwish ha osservato che organizzare il festival in questo momento \u00e8 &#8220;un omaggio alle donne palestinesi che hanno sopportato gli orrori della guerra \u2013 dalla perdita alla detenzione, fino allo sfollamento \u2013 e che meritano che le loro storie vengano raccontate al mondo con onest\u00e0 e giustizia&#8221;.<\/p>\n<p style=\"text-align: justify;\"><strong>Superare gli ostacoli<\/strong><br \/>\nSecondo Shalh, la sfida pi\u00f9 grande nell&#8217;organizzazione del festival \u00e8 stata trovare una sede, dato che &#8220;tutte le sedi di questo tipo a Gaza erano state distrutte&#8221;. La squadra ha dovuto erigere tende temporanee sullo sfondo di edifici parzialmente crollati; senza elettricit\u00e0 in citt\u00e0, si affidavano a un generatore per proiettare i film. &#8220;La comunicazione con i registi e la giuria era difficile&#8221;, ha aggiunto.<\/p>\n<div style=\"width: 508px\" class=\"wp-caption aligncenter\"><img loading=\"lazy\" decoding=\"async\" src=\"https:\/\/static.972mag.com\/www\/uploads\/2025\/11\/2025_10_26_16_39_IMG_4643-e1762270617928.jpg\" alt=\"Faten Harb at the opening of the Gaza International Festival for Women's Cinema, Deir Al-Balah, central Gaza Strip, October 26, 2025. (Mohammed Skaik)\" width=\"498\" height=\"325\" \/><p class=\"wp-caption-text\">Faten Harb parla all&#8217;inaugurazione del Gaza International Festival for Women&#8217;s Cinema, Deir Al-Balah, Striscia di Gaza centrale, 26 ottobre 2025. (Mohammed Skaik)<\/p><\/div>\n<p style=\"text-align: justify;\">Le condizioni di Gaza rendevano impossibile la partecipazione per coloro che avrebbero dovuto percorrere distanze maggiori. Niveen Abu Shammala, una giornalista che viveva nel quartiere di Shuja&#8217;iya, nella parte orientale di Gaza City, prima della guerra, ma che ora \u00e8 sfollata in una tenda nella parte occidentale della citt\u00e0, era solita documentare eventi culturali, in particolare festival cinematografici, in tutta la Striscia. Tuttavia, l&#8217;elevato costo dei trasporti, oltre all&#8217;orario tardo \u2013 il festival apriva dopo le 15:30 \u2013 le ha impedito di partecipare.<\/p>\n<p style=\"text-align: justify;\">\n<p style=\"text-align: justify;\">\n&#8220;Anche se la guerra \u00e8 finita, c&#8217;\u00e8 ancora paura di muoversi di notte&#8221;, ha spiegato. &#8220;Mi sarebbe piaciuto vedere i film partecipanti, dato che \u00e8 difficile scaricarli con la connessione internet estremamente debole&#8221;.<\/p>\n<p style=\"text-align: justify;\">Nelly Al-Masri ha potuto partecipare, guardando tutti e tre i film proiettati il \u200b\u200bsecondo giorno del festival, che si \u00e8 tenuto presso la sede del Sindacato dei Giornalisti. \u00c8 rimasta particolarmente colpita dal cortometraggio giordano &#8220;Hind Under Siege&#8221;, che parla anch&#8217;esso di Hind Rajab. &#8220;Questo film mi ha profondamente colpito&#8221;, ha detto Al-Masri a +972. &#8220;Parlava a nome dei bambini di Gaza, non solo a nome di Hind.&#8221;<\/p>\n<p style=\"text-align: justify;\">Al-Masri sperava di partecipare pi\u00f9 attivamente al festival, ma i costi di trasporto, la continua difficolt\u00e0 di procurarsi cibo e acqua pulita a sufficienza e la necessit\u00e0 di prendersi cura dei suoi figli lo hanno reso impossibile. &#8220;Molte donne stanno attraversando la stessa situazione&#8221;, ha detto. &#8220;Speriamo che le condizioni a Gaza migliorino.&#8221;<\/p>\n<p style=\"text-align: justify;\">Hamsa Mahmoud, di dieci anni, non sapeva dell&#8217;esistenza del festival in anticipo, ma ha finito per assistere a diverse proiezioni dopo aver notato la folla radunarsi intorno alle tende vicino a casa sua. &#8220;\u00c8 la prima volta che partecipo a un festival&#8221;, ha spiegato. &#8220;Ero felice di essere qui, e ancora pi\u00f9 felice di avere la possibilit\u00e0 di guardare qualcosa su uno schermo. Dall&#8217;inizio della guerra e delle interruzioni di corrente, non siamo riusciti a vedere nulla. Vorrei che ci fossero pi\u00f9 festival come questo.&#8221;<\/p>\n<p style=\"text-align: justify;\">Un&#8217;altra partecipante, l&#8217;attivista della comunit\u00e0 Faten Harb, vede il cinema come un mezzo importante per rafforzare la fermezza delle donne palestinesi a Gaza. &#8220;L&#8217;arte \u00e8 un messaggio nobile e il modo pi\u00f9 semplice e facile per raggiungere il mondo senza dire troppo&#8221;, ha affermato.<\/p>\n<p style=\"text-align: justify;\">&#8220;Il mondo \u00e8 stanco di sentire notizie di uccisioni, distruzione e feriti&#8221;, ha continuato Harb. &#8220;Ecco perch\u00e9 dobbiamo cercare altri modi per raccontare la sofferenza della popolazione di Gaza. Abbiamo urgente bisogno di questo tipo di eventi per far luce su ci\u00f2 che \u00e8 accaduto nella Striscia di Gaza durante la guerra genocida, soprattutto per le donne, che sono state colpite pi\u00f9 duramente&#8221;.<\/p>\n","protected":false},"excerpt":{"rendered":"<p>https:\/\/www.972mag.com\/ 4 novembre 2025\u00a0 \u00a0 \u00a0 Ibtisam Mahdi Tenutosi per sei giorni la scorsa settimana, il primo Festival Internazionale del Cinema Femminile \u00e8 stato &#8220;un&#8217;affermazione che Gaza ama la vita nonostante il genocidio&#8221;. Alla fine di un tappeto rosso improvvisato &hellip; <a href=\"https:\/\/reteitalianaism.it\/reteism\/index.php\/2025\/11\/04\/in-una-tenda-nel-centro-di-gaza-nasce-un-festival-del-cinema-femminile\/\">Continue reading <span class=\"meta-nav\">&rarr;<\/span><\/a><\/p>\n","protected":false},"author":2,"featured_media":0,"comment_status":"open","ping_status":"open","sticky":false,"template":"","format":"standard","meta":{"footnotes":""},"categories":[3],"tags":[156,528,42],"class_list":["post-23007","post","type-post","status-publish","format-standard","hentry","category-info","tag-assedio-di-gaza","tag-genocidio-di-gaza","tag-resistenza"],"_links":{"self":[{"href":"https:\/\/reteitalianaism.it\/reteism\/index.php\/wp-json\/wp\/v2\/posts\/23007","targetHints":{"allow":["GET"]}}],"collection":[{"href":"https:\/\/reteitalianaism.it\/reteism\/index.php\/wp-json\/wp\/v2\/posts"}],"about":[{"href":"https:\/\/reteitalianaism.it\/reteism\/index.php\/wp-json\/wp\/v2\/types\/post"}],"author":[{"embeddable":true,"href":"https:\/\/reteitalianaism.it\/reteism\/index.php\/wp-json\/wp\/v2\/users\/2"}],"replies":[{"embeddable":true,"href":"https:\/\/reteitalianaism.it\/reteism\/index.php\/wp-json\/wp\/v2\/comments?post=23007"}],"version-history":[{"count":1,"href":"https:\/\/reteitalianaism.it\/reteism\/index.php\/wp-json\/wp\/v2\/posts\/23007\/revisions"}],"predecessor-version":[{"id":23009,"href":"https:\/\/reteitalianaism.it\/reteism\/index.php\/wp-json\/wp\/v2\/posts\/23007\/revisions\/23009"}],"wp:attachment":[{"href":"https:\/\/reteitalianaism.it\/reteism\/index.php\/wp-json\/wp\/v2\/media?parent=23007"}],"wp:term":[{"taxonomy":"category","embeddable":true,"href":"https:\/\/reteitalianaism.it\/reteism\/index.php\/wp-json\/wp\/v2\/categories?post=23007"},{"taxonomy":"post_tag","embeddable":true,"href":"https:\/\/reteitalianaism.it\/reteism\/index.php\/wp-json\/wp\/v2\/tags?post=23007"}],"curies":[{"name":"wp","href":"https:\/\/api.w.org\/{rel}","templated":true}]}}