{"id":23024,"date":"2025-11-08T21:55:33","date_gmt":"2025-11-08T20:55:33","guid":{"rendered":"https:\/\/reteitalianaism.it\/reteism\/?p=23024"},"modified":"2025-11-08T21:55:33","modified_gmt":"2025-11-08T20:55:33","slug":"entrambe-le-parti-del-dibattito-sulla-fuga-di-notizie-di-sde-teiman-riflettono-il-decadimento-morale-di-israele","status":"publish","type":"post","link":"https:\/\/reteitalianaism.it\/reteism\/index.php\/2025\/11\/08\/entrambe-le-parti-del-dibattito-sulla-fuga-di-notizie-di-sde-teiman-riflettono-il-decadimento-morale-di-israele\/","title":{"rendered":"Entrambe le parti del dibattito sulla fuga di notizie di Sde Teiman riflettono il decadimento morale di Israele."},"content":{"rendered":"<p><a href=\"https:\/\/www.972mag.com\/sde-teiman-leak-military-advocate-general\/\">https:\/\/www.972mag.com\/<\/a><\/p>\n<p style=\"text-align: justify;\"><strong>7 novembre 2025<\/strong>\u00a0 \u00a0 \u00a0 <em>Ori Goldberg<\/em><\/p>\n<p style=\"text-align: justify;\">Il massimo funzionario legale dell&#8217;esercito israeliano \u00e8 perseguitato per il suo ruolo in uno scandalo che ha diviso la nazione. La sua complicit\u00e0 nel genocidio non viene menzionata.<\/p>\n<div id=\"attachment_23025\" style=\"width: 507px\" class=\"wp-caption aligncenter\"><a href=\"http:\/\/reteitalianaism.it\/reteism\/wp-content\/uploads\/2025\/11\/F241001OBHPOOL02-1200x802-1.jpg\"><img loading=\"lazy\" decoding=\"async\" aria-describedby=\"caption-attachment-23025\" class=\" wp-image-23025\" src=\"http:\/\/reteitalianaism.it\/reteism\/wp-content\/uploads\/2025\/11\/F241001OBHPOOL02-1200x802-1-300x201.jpg\" alt=\"\" width=\"497\" height=\"333\" srcset=\"https:\/\/reteitalianaism.it\/reteism\/wp-content\/uploads\/2025\/11\/F241001OBHPOOL02-1200x802-1-300x201.jpg 300w, https:\/\/reteitalianaism.it\/reteism\/wp-content\/uploads\/2025\/11\/F241001OBHPOOL02-1200x802-1-1024x684.jpg 1024w, https:\/\/reteitalianaism.it\/reteism\/wp-content\/uploads\/2025\/11\/F241001OBHPOOL02-1200x802-1-768x513.jpg 768w, https:\/\/reteitalianaism.it\/reteism\/wp-content\/uploads\/2025\/11\/F241001OBHPOOL02-1200x802-1.jpg 1200w\" sizes=\"auto, (max-width: 497px) 100vw, 497px\" \/><\/a><p id=\"caption-attachment-23025\" class=\"wp-caption-text\">L&#8217;allora Avvocato Generale Militare Yifat Tomer-Yerushalmi partecipa a una cerimonia per il giudice uscente della Corte Suprema Yosef Elron, presso la Corte Suprema di Gerusalemme. 18 settembre 2025. (Yonatan Sindel\/Flash90)<\/p><\/div>\n<p style=\"text-align: justify;\">L&#8217;attenzione dell&#8217;opinione pubblica ebraico-israeliana \u00e8 attualmente concentrata sullo scandalo che circonda un video trapelato in cui le guardie carcerarie israeliane stuprano un prigioniero palestinese all&#8217;interno del centro di detenzione di Sde Teiman l&#8217;anno scorso. Eppure, come tipico dell&#8217;Israele di oggi, l&#8217;indignazione pubblica non \u00e8 rivolta all&#8217;atrocit\u00e0 in s\u00e9, ma piuttosto alla fuga di notizie che l&#8217;ha resa pubblica.<\/p>\n<p style=\"text-align: justify;\">Al centro della vicenda c&#8217;\u00e8 il massimo funzionario legale dell&#8217;esercito israeliano, l&#8217;Avvocato Generale Militare Yifat Tomer-Yerushalmi. La scorsa settimana, dopo che il Procuratore Generale del governo ha annunciato un&#8217;indagine sulla fuga di notizie, Tomer-Yerushalmi \u00e8 stata sospesa dal suo incarico. Si \u00e8 dimessa due giorni dopo, ammettendo nella sua lettera di dimissioni di essere stata personalmente coinvolta nella diffusione del filmato ai media.<!--more--><\/p>\n<p style=\"text-align: justify;\">Il filmato \u00e8 stato reso pubblico nell&#8217;agosto 2024 da Guy Peleg, corrispondente legale del telegiornale pi\u00f9 seguito in Israele su Canale 12, al quale Tomer-Yerushalmi probabilmente aveva fatto trapelare il video. In seguito, quando le fu assegnato il compito di indagare sulla fuga di notizie, avrebbe mentito sul proprio coinvolgimento.<\/p>\n<p style=\"text-align: justify;\">Il caso ha preso una piega oscura domenica, quando Tomer-Yerushalmi \u00e8 scomparsa per diverse ore. La polizia ha trovato la sua auto abbandonata vicino a una panchina a nord di Tel Aviv, facendo temere un tentativo di suicidio. \u00c8 ricomparsa pi\u00f9 tardi quella sera senza il suo telefono ed \u00e8 stata presa in custodia dalla polizia. Il 7 novembre, il telefono di Tomer-Yerushalmi \u00e8 stato ritrovato su una spiaggia di Tel Aviv ed \u00e8 stata rilasciata dal carcere e condannata a 10 giorni di arresti domiciliari.<\/p>\n<div style=\"width: 508px\" class=\"wp-caption aligncenter\"><img loading=\"lazy\" decoding=\"async\" src=\"https:\/\/static.972mag.com\/www\/uploads\/2025\/11\/F251102AVS202.jpg\" alt=\"Israeli rescue and police forces search for former Military Advocate General Maj. Gen. Yifat Tomer-Yerushalmi, after her car was found abandoned at Hof HaTzuk Beach in Tel Aviv, November 2, 2025. (Avshalom Sassoni\/Flash90)\" width=\"498\" height=\"332\" \/><p class=\"wp-caption-text\">Le forze di soccorso e di polizia israeliane sono alla ricerca dell&#8217;ex Avvocato Generale Militare, Maggiore Generale Yifat Tomer-Yerushalmi, dopo che la sua auto \u00e8 stata trovata abbandonata sulla spiaggia di Hof HaTzuk a Tel Aviv, il 2 novembre 2025. (Avshalom Sassoni\/Flash90)<\/p><\/div>\n<p style=\"text-align: justify;\">Questa saga ha dominato i titoli dei giornali israeliani negli ultimi giorni. Oltre ai resoconti istrionici sulla presa di potere di New York da parte di un &#8220;odiatore di ebrei&#8221;, ha praticamente cancellato ogni discussione rimasta sugli eventi a Gaza, dove, nonostante l&#8217;occupazione in corso da parte dell&#8217;esercito e i periodici bombardamenti, c&#8217;\u00e8 poca voglia tra gli israeliani di continuare a seguire la cronaca ora che la &#8220;guerra&#8221; \u00e8 finita.<\/p>\n<p style=\"text-align: justify;\">\n<p>Ora, mentre Hamas riprende il potere nel 42% di Gaza non sotto il controllo militare israeliano, e con i pochi ostaggi sopravvissuti in patria, la societ\u00e0 israeliana pu\u00f2 tornare a chiudersi nella sua bolla di egocentrismo. Per la maggior parte degli israeliani, dopotutto, il genocidio impallidisce di fronte all&#8217;unica cosa che conta davvero: i litigi interni sul &#8220;cuore e l&#8217;anima&#8221; dello Stato ebraico.<\/p>\n<p style=\"text-align: justify;\"><strong>Due narrazioni, un punto cieco lampante<\/strong><br \/>\nNegli ultimi due anni, il Maggior Generale Tomer-Yerushalmi \u2013 il funzionario responsabile di tutte le indagini interne e dell&#8217;applicazione della legge nell&#8217;esercito israeliano \u2013 si \u00e8 quasi del tutto astenuto dall&#8217;indagare sulle innumerevoli e ben documentate accuse contro i suoi soldati. Il crimine delle guardie di Sde Teiman, tuttavia, come immortalato nel video trapelato, era apparentemente cos\u00ec sfacciato e grottesco che le autorit\u00e0 non hanno avuto altra scelta che emettere incriminazioni.<\/p>\n<p style=\"text-align: justify;\">Quando la polizia militare israeliana \u00e8 arrivata a Sde Teiman per arrestare i sospettati, tuttavia, si \u00e8 scontrata con rivoltosi e soldati di destra, tra cui diversi membri della Knesset che si nascondevano dietro la loro immunit\u00e0. Nel tentativo di bloccare gli arresti, hanno insistito sul fatto che i colpevoli non avevano fatto nulla di male e che le loro azioni erano semplicemente parte dello sforzo bellico israeliano.<\/p>\n<p style=\"text-align: justify;\">Tomer-Yerushalmi ha diffuso il video dello stupro poco dopo, che si \u00e8 rapidamente diffuso online. Le proteste degli israeliani di destra a sostegno degli aggressori sono aumentate a loro volta. Ma mentre molti in tutto il mondo erano inorriditi da quelle che potevano essere descritte solo come proteste per il &#8220;diritto allo stupro&#8221;, il dibattito in Israele si \u00e8 rapidamente spento a favore delle notizie quotidiane di &#8220;successi&#8221; sul fronte di Gaza. Il caso \u00e8 stato in gran parte dimenticato per mesi, fino all&#8217;annuncio dell&#8217;indagine sulla fuga di notizie del video la scorsa settimana.<\/p>\n<div style=\"width: 509px\" class=\"wp-caption aligncenter\"><img loading=\"lazy\" decoding=\"async\" src=\"https:\/\/static.972mag.com\/www\/uploads\/2025\/11\/F240729DG16.jpg\" alt=\"Israeli right-wing activists protest against the detention of Israeli reserve soldiers suspected of assaulting a Palestinian detainee, at the Sde Teiman detention facility, southern Israel, July 29, 2024. (Dudu Greenspan\/Flash90)\" width=\"499\" height=\"333\" \/><p class=\"wp-caption-text\">Attivisti di destra israeliani protestano contro la detenzione di soldati di riserva israeliani sospettati di aver aggredito un detenuto palestinese, presso il centro di detenzione di Sde Teiman, nel sud di Israele, il 29 luglio 2024. (Dudu Greenspan\/Flash90)<\/p><\/div>\n<p style=\"text-align: justify;\">In generale, gli ebrei israeliani hanno reagito in due modi a questa insolita saga. La prima reazione proviene dalla destra, e sar\u00e0 familiare agli americani che si sono abituati al discorso di personaggi come Stephen Miller e Steve Bannon, cos\u00ec come dello stesso presidente Donald Trump. Secondo questa narrazione, l&#8217;Avvocato Generale Militare era un ingranaggio dello Stato Profondo israeliano: una cabala di sinistra onnipotente intenzionata a imporre &#8220;valori woke&#8221; e a proteggere i propri privilegi.<\/p>\n<p style=\"text-align: justify;\">Nella versione israeliana della cospirazione, uno degli obiettivi dello Stato Profondo \u00e8 distruggere il carattere ebraico dello Stato, in parte dipingendo Israele come immorale e senza legge agli occhi del mondo. Secondo questa logica, l&#8217;Avvocato Generale Militare ha cercato di raggiungere questo obiettivo incaricando i suoi &#8220;sgherri&#8221; di manipolare il video degli abusi \u2013 un&#8217;accusa palesemente falsa \u2013 e poi di diffonderlo.<\/p>\n<p style=\"text-align: justify;\">La seconda reazione comune allo scandalo proviene dagli israeliani progressisti, coloro che protestavano contro il Primo Ministro Benjamin Netanyahu e la sua riforma giudiziaria ben prima del genocidio di Gaza. Non sorprende che rivolgano accuse quasi esattamente opposte a quelle degli esponenti di destra: Netanyahu e i suoi scagnozzi sono coloro che hanno fatto il lavaggio del cervello agli israeliani e hanno dirottato il Paese. Netanyahu \u00e8 responsabile della scandalosa risposta di Israele all&#8217;attacco di Hamas del 7 ottobre e sta usando tutte le sue risorse per rovesciare la democrazia israeliana e garantire la propria sopravvivenza politica.<\/p>\n<p style=\"text-align: justify;\">A loro avviso, Tomer-Yerushalmi era giustificata a diffondere il filmato degli abusi a Sde Teiman perch\u00e9 altrimenti sarebbe stato soppresso da Netanyahu o da coloro che cercavano di compiacerlo, e gli stupratori sarebbero stati liberi. \u00c8 vero, ha mentito, ma stava agendo al servizio dell&#8217;obiettivo pi\u00f9 ampio di preservare lo stato di diritto e la moralit\u00e0 di Israele.<\/p>\n<p style=\"text-align: justify;\">&#8220;Non solo [Tomer-Yerushalmi] \u00e8 stata portata sull&#8217;orlo del suicidio, ma anche tutto ci\u00f2 che rappresenta, ovvero la legge e la giustizia in Israele, era a rischio&#8221;, ha scritto questa settimana l&#8217;autore israeliano Dror Burstein su Haaretz. &#8220;La sua esperienza ci chiama in causa, perch\u00e9 in un luogo dove il male e le menzogne \u200b\u200bdiventano la norma, non c&#8217;\u00e8 pi\u00f9 posto per la giustizia e la verit\u00e0, non c&#8217;\u00e8 pi\u00f9 posto per la legge e gli avvocati&#8221;.<\/p>\n<div style=\"width: 508px\" class=\"wp-caption aligncenter\"><img loading=\"lazy\" decoding=\"async\" src=\"https:\/\/static.972mag.com\/www\/uploads\/2025\/11\/F251107FFF00002.jpg\" alt=\"Former Military Advocate General Maj. Gen. Yifat Tomer-Yerushalmi, following her release to house arrest, outside the Neve Tirtza Women\u2019s Prison, in Ramla, central Israel, November 7, 2025. (Flash90)\" width=\"498\" height=\"332\" \/><p class=\"wp-caption-text\">L&#8217;ex Avvocato Generale Militare, Maggiore Generale Yifat Tomer-Yerushalmi, dopo il suo rilascio agli arresti domiciliari, fuori dal carcere femminile di Neve Tirtza, a Ramla, Israele centrale, 7 novembre 2025. (Flash90)<\/p><\/div>\n<p style=\"text-align: justify;\">Potreste aver notato una cosa mancante in entrambi i resoconti forniti sopra: il genocidio in s\u00e9. Secondo la prima narrazione, Israele non pu\u00f2 commettere un genocidio \u2013 anzi, \u00e8 stato quasi vittima di un genocidio il 7 ottobre, se non fosse stato per la sua stessa abilit\u00e0 militare. E quando &#8220;combattono il nemico&#8221;, gli israeliani hanno la licenza di fare ci\u00f2 che vogliono, incluso abusare dei &#8220;terroristi&#8221; tenuti prigionieri in Israele.<\/p>\n<p style=\"text-align: justify;\">Anche per i critici progressisti di Netanyahu, il genocidio non si fa sentire. Per loro, l&#8217;Avvocato Generale Militare \u00e8 l&#8217;anima ferita del diritto e della giustizia. Il fatto che per due anni il suo ufficio abbia fornito un sostegno legale praticamente illimitato a un genocidio ben documentato, a quanto pare non ha importanza. La guerra di Gaza era una necessit\u00e0, sostengono, e certamente non un genocidio. Cos&#8217;altro avremmo potuto fare dopo essere stati attaccati cos\u00ec brutalmente?<\/p>\n<p style=\"text-align: justify;\">A questo livello fondamentale, la stragrande maggioranza degli ebrei-israeliani si trova d&#8217;accordo. L&#8217;annientamento di Gaza era chiaramente essenziale. Gli israeliani avevano il diritto di difendersi e questo diritto non ha data di scadenza. Tutto ci\u00f2 che Israele decreta come &#8220;difensivo&#8221; \u00e8 legittimo, dal bombardamento del Libano e della Siria alla violazione quotidiana del &#8220;cessate il fuoco&#8221;. Se non riusciamo a decidere quando ci sentiamo minacciati, come possiamo sentirci al sicuro? Siamo stati quasi vittime di un genocidio!<\/p>\n<p style=\"text-align: justify;\"><strong>L&#8217;abisso ci fissa<\/strong><br \/>\nSoprattutto, ci\u00f2 che lo scandalo che ha coinvolto l&#8217;Avvocato Generale Militare evidenzia \u00e8 che la moralit\u00e0 stessa ha perso ogni significato in una societ\u00e0 genocida. Le guardie carcerarie hanno abusato del prigioniero palestinese. Lo hanno fatto perch\u00e9 avevano il potere assoluto sulla sua vita e sulla sua morte, potere che erano ben lieti di usare.<\/p>\n<div style=\"width: 508px\" class=\"wp-caption aligncenter\"><img loading=\"lazy\" decoding=\"async\" src=\"https:\/\/static.972mag.com\/www\/uploads\/2025\/11\/F251102YS227.jpg\" alt=\"\" width=\"498\" height=\"332\" \/><p class=\"wp-caption-text\">Le guardie carcerarie israeliane, viste in un video trapelato mentre abusavano di un detenuto palestinese nel centro di detenzione di Sde Teiman, parlano alla stampa insieme al loro avvocato in seguito alle dimissioni dell&#8217;Avvocato Generale Militare, Maggiore Generale Yifat Tomer-Yerushalmi, fuori dalla Corte Suprema di Gerusalemme, 2 novembre 2025. (Yonatan Sindel\/Flash90)<\/p><\/div>\n<p style=\"text-align: justify;\">Tomer-Yerushalmi \u00e8 stata informata dell&#8217;esistenza del video che mostrava l&#8217;atrocit\u00e0. Forse era indignata, ma era pi\u00f9 preoccupata per la sicurezza del &#8220;suo popolo&#8221; nel Corpo dell&#8217;Avvocatura Generale Militare che per il crimine in s\u00e9. Sapendo che la destra avrebbe dato la caccia a lei e ai suoi colleghi, ha rapidamente fatto trapelare il video a un noto corrispondente, stabilendone cos\u00ec l&#8217;esistenza prima che potesse essere screditato.<\/p>\n<p style=\"text-align: justify;\">Tomer-Yerushalmi ha avuto innumerevoli opportunit\u00e0 negli ultimi due anni di indagare e far luce su altri crimini di guerra commessi da soldati israeliani, anche solo per proteggere la tesi israeliana della complementariet\u00e0 davanti alla Corte Penale Internazionale (ovvero, stiamo indagando su noi stessi, quindi non ce n&#8217;\u00e8 bisogno per voi). Non l&#8217;ha fatto.<\/p>\n","protected":false},"excerpt":{"rendered":"<p>https:\/\/www.972mag.com\/ 7 novembre 2025\u00a0 \u00a0 \u00a0 Ori Goldberg Il massimo funzionario legale dell&#8217;esercito israeliano \u00e8 perseguitato per il suo ruolo in uno scandalo che ha diviso la nazione. La sua complicit\u00e0 nel genocidio non viene menzionata. L&#8217;attenzione dell&#8217;opinione pubblica ebraico-israeliana &hellip; <a href=\"https:\/\/reteitalianaism.it\/reteism\/index.php\/2025\/11\/08\/entrambe-le-parti-del-dibattito-sulla-fuga-di-notizie-di-sde-teiman-riflettono-il-decadimento-morale-di-israele\/\">Continue reading <span class=\"meta-nav\">&rarr;<\/span><\/a><\/p>\n","protected":false},"author":2,"featured_media":0,"comment_status":"open","ping_status":"open","sticky":false,"template":"","format":"standard","meta":{"footnotes":""},"categories":[3],"tags":[22,1057,83],"class_list":["post-23024","post","type-post","status-publish","format-standard","hentry","category-info","tag-diritti-prigionieri","tag-sde-teiman","tag-violenza-dei-soldati"],"_links":{"self":[{"href":"https:\/\/reteitalianaism.it\/reteism\/index.php\/wp-json\/wp\/v2\/posts\/23024","targetHints":{"allow":["GET"]}}],"collection":[{"href":"https:\/\/reteitalianaism.it\/reteism\/index.php\/wp-json\/wp\/v2\/posts"}],"about":[{"href":"https:\/\/reteitalianaism.it\/reteism\/index.php\/wp-json\/wp\/v2\/types\/post"}],"author":[{"embeddable":true,"href":"https:\/\/reteitalianaism.it\/reteism\/index.php\/wp-json\/wp\/v2\/users\/2"}],"replies":[{"embeddable":true,"href":"https:\/\/reteitalianaism.it\/reteism\/index.php\/wp-json\/wp\/v2\/comments?post=23024"}],"version-history":[{"count":1,"href":"https:\/\/reteitalianaism.it\/reteism\/index.php\/wp-json\/wp\/v2\/posts\/23024\/revisions"}],"predecessor-version":[{"id":23026,"href":"https:\/\/reteitalianaism.it\/reteism\/index.php\/wp-json\/wp\/v2\/posts\/23024\/revisions\/23026"}],"wp:attachment":[{"href":"https:\/\/reteitalianaism.it\/reteism\/index.php\/wp-json\/wp\/v2\/media?parent=23024"}],"wp:term":[{"taxonomy":"category","embeddable":true,"href":"https:\/\/reteitalianaism.it\/reteism\/index.php\/wp-json\/wp\/v2\/categories?post=23024"},{"taxonomy":"post_tag","embeddable":true,"href":"https:\/\/reteitalianaism.it\/reteism\/index.php\/wp-json\/wp\/v2\/tags?post=23024"}],"curies":[{"name":"wp","href":"https:\/\/api.w.org\/{rel}","templated":true}]}}