{"id":2303,"date":"2013-03-01T15:11:01","date_gmt":"2013-03-01T14:11:01","guid":{"rendered":"http:\/\/reteitalianaism.it\/public_html\/?p=2303"},"modified":"2013-03-01T15:11:01","modified_gmt":"2013-03-01T14:11:01","slug":"due-residenti-di-burin-arrestati-durante-la-notte-scontri-ancora-in-corso","status":"publish","type":"post","link":"https:\/\/reteitalianaism.it\/reteism\/index.php\/2013\/03\/01\/due-residenti-di-burin-arrestati-durante-la-notte-scontri-ancora-in-corso\/","title":{"rendered":"Due residenti di Burin arrestati durante la notte: scontri  ancora in corso"},"content":{"rendered":"<p style=\"text-align: justify;\"><strong>fonte: <a href=\"http:\/\/palsolidarity.org\">http:\/\/palsolidarity.org<\/a><\/strong><\/p>\n<p style=\"text-align: justify;\"><strong>UPDATE: Baha Adnan il ragazzo di14 anni di Imran che \u00e8 stato arrestato ieri mentre tornava a casa da scuola, \u00e8 ora accusato di aver lanciato di pietre e di portare con s\u00e9 un tirapugni. Sar\u00e0 convocato ad apparire domani davanti alla corte militare di Salem presso Jenin.\u00a0<\/strong><\/p>\n<p style=\"text-align: justify;\"><strong>25 Febbraio 2013 \u00a0International Solidarity Movement, Burin, Occupied Palestine<\/strong><\/p>\n<p style=\"text-align: justify;\"><strong><img loading=\"lazy\" decoding=\"async\" class=\"alignleft\" alt=\"\" src=\"http:\/\/palsolidarity.org\/wp-content\/uploads\/2013\/02\/23.jpg\" width=\"270\" height=\"187\" \/><\/strong>Mahmoud Nasser Asaus (17) e Magdi Loai Najjar (24) sono stati arrestati la scorsa notte dalle forze israeliane nel villaggio di Burin e sono ancora detenuti presso l\u2019 Interrogation Centre di Kishon a Haifa. Gli abitanti di Burin ritengono che questo sia l&#8217;inizio di un&#8217;ondata di arresti a seguito della protesta di Al-Manatir \u00a0che ha avuto luogo in Burin all&#8217;inizio di febbraio.<\/p>\n<p style=\"text-align: justify;\">Diverse jeep sono entrate a Burin verso 2:30 per compiere un\u2019incursione nelle case di Mahmoud e Magdi, portandoli, ammanettati e bendati, alla base Huwwara militare. Alle 7:00 di questa mattina sono stati trasferiti all\u2019Interrogation Centre di Kishon, dove sono tuttora detenuti.<!--more--><\/p>\n<p style=\"text-align: justify;\">Questi arresti sono seguiti alla fondazione del villaggio di Al-Manatir sulla collina che rischiava \u00a0di essere confiscata dai coloni israeliani. L\u2019insediamento costruito in protesta mirava a denunciare il furto di terra di Israele nella citt\u00e0 Burin e con l\u2019obiettivo di recuperare la collina che dal 2007 era divenuta inaccessibile per i residenti di Burin.<\/p>\n<p style=\"text-align: justify;\"><img loading=\"lazy\" decoding=\"async\" class=\"alignright\" alt=\"\" src=\"http:\/\/palsolidarity.org\/wp-content\/uploads\/2013\/02\/13.jpg\" width=\"307\" height=\"205\" \/>Tuttavia, il villaggio di Al-Manatir, fatto di capanne di metallo e tende, \u00e8 stato fatto evacuare violentemente dai soldati israeliani e dalla polizia di frontiera nello stesso giorno in cui \u00e8 stato stabilito. Le forze israeliane hanno protetto e accompagnato i coloni degli insediamenti vicini di Bracha e Yitzhar, mentre rubavano le tende e lanciavano pietre contro gli attivisti palestinesi. Allo stesso tempo, una ventina di coloni ha attaccato diverse abitazioni palestinesi alla periferia di Burin abbattendo 100 alberi di ulivo. Quando i palestinesi sono corsi nella zona per difendere le loro case, ne \u00e8 seguito un lancio di pietre tra coloni e palestinesi. Zakaria Najjar (17),\u00a0 \u00e8 stato colpito da un colono riportando una ferita da arma da fuoco alla gamba destra.<\/p>\n<p style=\"text-align: justify;\">Durante l\u2019evacuazione forzata, otto persone sono state arrestate e tre di loro sono rimaste in un carcere israeliano per dodici giorni, per essere poi rilasciate senza accuse. Si sono verificate delle azioni violente in rappresaglia nei giorni successivi alla fondazione di al-Manatir. Ghassan (23) e Mohammed (19) Najjar \u00e8 stati detenuti per diverse ore e interrogati a riguardo della fondazione dei villaggio. Inoltre, il villaggio \u00e8 stato isolato da posti di blocco militari. La collina continua a essere inaccessibile per i residenti di Burin.<\/p>\n<p style=\"text-align: justify;\">Dopo gli arresti di ieri sera sono seguite altre incursioni oggi nel centro di Burin. L&#8217;esercito israeliano ha cercato di nuovo di attaccare il villaggio e gli scontri sono iniziati verso mezzogiorno. Gas lacrimogeno e proiettili di acciaio rivestiti di gomma sono stati sparati direttamente in mezzo alla folla. Tuttavia ancora non sono stati segnalati feriti gravi. Le autorit\u00e0 israeliane hanno per\u00f2 arrestato un ragazzo \u00a0Bahar Adnan Imran di soli 14 anni.<\/p>\n<p style=\"text-align: justify;\"><em>traduzione: Nuraddin<\/em><\/p>\n","protected":false},"excerpt":{"rendered":"<p>fonte: http:\/\/palsolidarity.org UPDATE: Baha Adnan il ragazzo di14 anni di Imran che \u00e8 stato arrestato ieri mentre tornava a casa da scuola, \u00e8 ora accusato di aver lanciato di pietre e di portare con s\u00e9 un tirapugni. Sar\u00e0 convocato ad &hellip; <a href=\"https:\/\/reteitalianaism.it\/reteism\/index.php\/2013\/03\/01\/due-residenti-di-burin-arrestati-durante-la-notte-scontri-ancora-in-corso\/\">Continue reading <span class=\"meta-nav\">&rarr;<\/span><\/a><\/p>\n","protected":false},"author":5,"featured_media":0,"comment_status":"open","ping_status":"open","sticky":false,"template":"","format":"standard","meta":{"footnotes":""},"categories":[1],"tags":[],"class_list":["post-2303","post","type-post","status-publish","format-standard","hentry","category-senza-categoria"],"_links":{"self":[{"href":"https:\/\/reteitalianaism.it\/reteism\/index.php\/wp-json\/wp\/v2\/posts\/2303","targetHints":{"allow":["GET"]}}],"collection":[{"href":"https:\/\/reteitalianaism.it\/reteism\/index.php\/wp-json\/wp\/v2\/posts"}],"about":[{"href":"https:\/\/reteitalianaism.it\/reteism\/index.php\/wp-json\/wp\/v2\/types\/post"}],"author":[{"embeddable":true,"href":"https:\/\/reteitalianaism.it\/reteism\/index.php\/wp-json\/wp\/v2\/users\/5"}],"replies":[{"embeddable":true,"href":"https:\/\/reteitalianaism.it\/reteism\/index.php\/wp-json\/wp\/v2\/comments?post=2303"}],"version-history":[{"count":2,"href":"https:\/\/reteitalianaism.it\/reteism\/index.php\/wp-json\/wp\/v2\/posts\/2303\/revisions"}],"predecessor-version":[{"id":2305,"href":"https:\/\/reteitalianaism.it\/reteism\/index.php\/wp-json\/wp\/v2\/posts\/2303\/revisions\/2305"}],"wp:attachment":[{"href":"https:\/\/reteitalianaism.it\/reteism\/index.php\/wp-json\/wp\/v2\/media?parent=2303"}],"wp:term":[{"taxonomy":"category","embeddable":true,"href":"https:\/\/reteitalianaism.it\/reteism\/index.php\/wp-json\/wp\/v2\/categories?post=2303"},{"taxonomy":"post_tag","embeddable":true,"href":"https:\/\/reteitalianaism.it\/reteism\/index.php\/wp-json\/wp\/v2\/tags?post=2303"}],"curies":[{"name":"wp","href":"https:\/\/api.w.org\/{rel}","templated":true}]}}