{"id":23097,"date":"2025-11-21T16:53:41","date_gmt":"2025-11-21T15:53:41","guid":{"rendered":"https:\/\/reteitalianaism.it\/reteism\/?p=23097"},"modified":"2025-11-23T20:56:55","modified_gmt":"2025-11-23T19:56:55","slug":"lattivista-palestinese-ayman-ghrayeb-ricoverato-in-ospedale-rischia-la-detenzione-amministrativa","status":"publish","type":"post","link":"https:\/\/reteitalianaism.it\/reteism\/index.php\/2025\/11\/21\/lattivista-palestinese-ayman-ghrayeb-ricoverato-in-ospedale-rischia-la-detenzione-amministrativa\/","title":{"rendered":"L&#8217;attivista palestinese Ayman Ghrayeb ricoverato in ospedale; rischia la detenzione amministrativa"},"content":{"rendered":"<p><strong><a href=\"https:\/\/palsolidarity.org\/2025\/11\/palestinian-activist-ayman-ghrayeb-hospitalized-facing-administrative-detention\/\">https:\/\/palsolidarity.org\/<\/a>\u00a0 \u00a0 Gioved\u00ec 20 novembre 2025<\/strong><\/p>\n<p style=\"text-align: justify;\">Ayman Ghrayeb, un importante attivista palestinese di base nella Valle del Giordano, \u00e8 stato arrestato dalle forze israeliane luned\u00ec 17 novembre ed \u00e8 stato fatto sparire forzatamente per due giorni prima che i suoi avvocati ricevessero informazioni sulla sua posizione. Durante i primi due giorni del suo arresto, sia la polizia che l&#8217;esercito israeliano si sono rifiutati di riconoscere la sua detenzione. Solo dopo ripetute indagini legali e la minaccia di un ricorso di habeas corpus, l&#8217;esercito israeliano ha rivelato che Ghrayeb era stato trattenuto segretamente nella base militare di Samra nella Valle del Giordano.<a href=\"http:\/\/reteitalianaism.it\/reteism\/wp-content\/uploads\/2025\/11\/signal-2025-11-20-111857_002.jpeg\"><img loading=\"lazy\" decoding=\"async\" class=\" wp-image-23098 aligncenter\" src=\"http:\/\/reteitalianaism.it\/reteism\/wp-content\/uploads\/2025\/11\/signal-2025-11-20-111857_002-300x295.jpeg\" alt=\"\" width=\"495\" height=\"487\" srcset=\"https:\/\/reteitalianaism.it\/reteism\/wp-content\/uploads\/2025\/11\/signal-2025-11-20-111857_002-300x295.jpeg 300w, https:\/\/reteitalianaism.it\/reteism\/wp-content\/uploads\/2025\/11\/signal-2025-11-20-111857_002.jpeg 533w\" sizes=\"auto, (max-width: 495px) 100vw, 495px\" \/><\/a><\/p>\n<p style=\"text-align: justify;\">Oggi, le autorit\u00e0 israeliane hanno informato il suo avvocato, l&#8217;Avv. Riham Nasra, che Ghrayeb sar\u00e0 interrogato per la prima volta domenica, sei giorni dopo il suo arresto. L&#8217;interrogatorio sembra essere una mera formalit\u00e0, poich\u00e9 Nasra \u00e8 stata anche informata dell&#8217;intenzione di sottoporre Ghrayeb alla cosiddetta detenzione amministrativa, un eufemismo israeliano per indicare una detenzione a tempo indeterminato senza accusa n\u00e9 processo, basata su prove segrete e sospetti non rivelati, tenuti nascosti persino all&#8217;avvocato del detenuto.<\/p>\n<p style=\"text-align: justify;\">Ghrayeb, che era in buona salute al momento della sua detenzione, \u00e8 stato ricoverato in ospedale dopo essere stato trasferito dalla custodia militare al Servizio Penitenziario Israeliano. Le autorit\u00e0 si sono rifiutate di rivelare dove sia ricoverato, perch\u00e9 lo sia o in quali condizioni si trovi, sollevando preoccupazioni su una grave condotta scorretta o addirittura su torture. Solo pochi giorni fa, l&#8217;organizzazione israeliana Physicians for Human Rights ha pubblicato un rapporto che rivela che almeno 94 detenuti palestinesi sono stati uccisi nelle carceri israeliane dal 7 ottobre 2023.<!--more--><\/p>\n<p style=\"text-align: justify;\">Per maggiori dettagli:<br \/>\nBelal Ghrayeb +970-59-9974-297 (arabo)<br \/>\n*Jonathan Pollak *+972-50-3010-160 \/ +970-59-2934-306 (inglese, ebraico, arabo)<\/p>\n<p style=\"text-align: justify;\">Ayman Ghrayeb \u00e8 stato arrestato luned\u00ec mentre visitava la comunit\u00e0 di Fasayil nella Valle del Giordano, che attualmente rischia di essere sfollata a causa della violenza israeliana perpetrata sia dall&#8217;esercito che dai residenti dell&#8217;adiacente insediamento di Havat Harashash.<\/p>\n<p style=\"text-align: justify;\">Ghrayeb \u00e8 stato inizialmente arrestato illegalmente dal personale di sicurezza dell&#8217;insediamento e, diverse ore dopo, dai soldati israeliani che gli hanno confiscato il telefono e la macchina fotografica. Secondo un amico che era con lui al momento dell&#8217;arresto, due diversi agenti della polizia segreta israeliana, lo Shin Bet, hanno parlato con Ghrayeb al telefono mentre era detenuto sul campo. Durante le telefonate, gli agenti gli hanno detto di averne &#8220;avuto abbastanza&#8221; del suo attivismo e dei suoi &#8220;incitamenti&#8221; e che questa volta sarebbe stato mandato in prigione.<\/p>\n<p style=\"text-align: justify;\">La detenzione di Ghrayeb deve essere intesa nel contesto del massiccio sfollamento di oltre 100 comunit\u00e0 palestinesi negli ultimi due anni*, molte delle quali nella Valle del Giordano. Essendo uno dei pi\u00f9 importanti attivisti palestinesi che lavorano nella Valle del Giordano, Ghrayeb \u00e8 regolarmente molestato dalle forze israeliane e viene frequentemente fermato ai posti di blocco israeliani. Negli ultimi anni \u00e8 stato oggetto di molteplici detenzioni arbitrarie, nessuna delle quali ha portato a un&#8217;incriminazione. La sua detenzione fa parte di una pi\u00f9 ampia politica israeliana di pulizia etnica, in particolare volta a sgomberare la Valle del Giordano dai palestinesi. Fa anche parte dell&#8217;intensificazione degli attacchi contro gli attivisti di base palestinesi a partire dall&#8217;ottobre 2023. Molti di questi attivisti vengono regolarmente molestati dallo Shin Bet e diversi sono stati posti in detenzione amministrativa. Pi\u00f9 di recente, l&#8217;importante attivista Rabia Abu Naim del villaggio di al-Mughayyer, uno dei principali centri di sfollamento, e coordinatore della campagna di raccolta delle olive di Zaytoun 2025, \u00e8 stato arrestato durante un&#8217;irruzione notturna nella sua abitazione e posto in detenzione amministrativa. L&#8217;arresto di Abu Naim \u00e8 avvenuto il 10 ottobre, giorno di apertura della campagna di raccolta. \u00c8 stato posto in detenzione amministrativa nonostante il procuratore militare avesse ammesso che Abu Naim non era stato coinvolto in alcuna attivit\u00e0 armata.<\/p>\n<p style=\"text-align: justify;\">* Secondo le informazioni raccolte dalla ONG Kerem Navot, 110 comunit\u00e0 palestinesi sono state sfollate con la forza dal 7 ottobre 2023.<\/p>\n","protected":false},"excerpt":{"rendered":"<p>https:\/\/palsolidarity.org\/\u00a0 \u00a0 Gioved\u00ec 20 novembre 2025 Ayman Ghrayeb, un importante attivista palestinese di base nella Valle del Giordano, \u00e8 stato arrestato dalle forze israeliane luned\u00ec 17 novembre ed \u00e8 stato fatto sparire forzatamente per due giorni prima che i suoi &hellip; <a href=\"https:\/\/reteitalianaism.it\/reteism\/index.php\/2025\/11\/21\/lattivista-palestinese-ayman-ghrayeb-ricoverato-in-ospedale-rischia-la-detenzione-amministrativa\/\">Continue reading <span class=\"meta-nav\">&rarr;<\/span><\/a><\/p>\n","protected":false},"author":2,"featured_media":0,"comment_status":"open","ping_status":"open","sticky":false,"template":"","format":"standard","meta":{"footnotes":""},"categories":[3,67],"tags":[9,70,22,90],"class_list":["post-23097","post","type-post","status-publish","format-standard","hentry","category-info","category-prigionieri","tag-apartheid","tag-detenzione-amministrativa","tag-diritti-prigionieri","tag-valle-del-giordano"],"_links":{"self":[{"href":"https:\/\/reteitalianaism.it\/reteism\/index.php\/wp-json\/wp\/v2\/posts\/23097","targetHints":{"allow":["GET"]}}],"collection":[{"href":"https:\/\/reteitalianaism.it\/reteism\/index.php\/wp-json\/wp\/v2\/posts"}],"about":[{"href":"https:\/\/reteitalianaism.it\/reteism\/index.php\/wp-json\/wp\/v2\/types\/post"}],"author":[{"embeddable":true,"href":"https:\/\/reteitalianaism.it\/reteism\/index.php\/wp-json\/wp\/v2\/users\/2"}],"replies":[{"embeddable":true,"href":"https:\/\/reteitalianaism.it\/reteism\/index.php\/wp-json\/wp\/v2\/comments?post=23097"}],"version-history":[{"count":1,"href":"https:\/\/reteitalianaism.it\/reteism\/index.php\/wp-json\/wp\/v2\/posts\/23097\/revisions"}],"predecessor-version":[{"id":23099,"href":"https:\/\/reteitalianaism.it\/reteism\/index.php\/wp-json\/wp\/v2\/posts\/23097\/revisions\/23099"}],"wp:attachment":[{"href":"https:\/\/reteitalianaism.it\/reteism\/index.php\/wp-json\/wp\/v2\/media?parent=23097"}],"wp:term":[{"taxonomy":"category","embeddable":true,"href":"https:\/\/reteitalianaism.it\/reteism\/index.php\/wp-json\/wp\/v2\/categories?post=23097"},{"taxonomy":"post_tag","embeddable":true,"href":"https:\/\/reteitalianaism.it\/reteism\/index.php\/wp-json\/wp\/v2\/tags?post=23097"}],"curies":[{"name":"wp","href":"https:\/\/api.w.org\/{rel}","templated":true}]}}