{"id":23104,"date":"2025-11-23T20:56:30","date_gmt":"2025-11-23T19:56:30","guid":{"rendered":"https:\/\/reteitalianaism.it\/reteism\/?p=23104"},"modified":"2025-12-01T10:03:49","modified_gmt":"2025-12-01T09:03:49","slug":"aggiornamento-lattivista-palestinese-ayman-ghrayeb-subisce-abusi-in-custodia-e-rischia-la-detenzione-amministrativa","status":"publish","type":"post","link":"https:\/\/reteitalianaism.it\/reteism\/index.php\/2025\/11\/23\/aggiornamento-lattivista-palestinese-ayman-ghrayeb-subisce-abusi-in-custodia-e-rischia-la-detenzione-amministrativa\/","title":{"rendered":"Aggiornamento: l&#8217;attivista palestinese Ayman Ghrayeb subisce abusi in custodia e rischia la detenzione amministrativa"},"content":{"rendered":"<p style=\"text-align: justify;\"><a href=\"https:\/\/palsolidarity.org\/2025\/11\/update-palestinian-activist-ayman-ghrayeb-abused-in-custody-and-facing-administrative-detention\/\">https:\/\/palsolidarity.org\/<\/a><br \/>\n<strong>Domenica 23 novembre 2025<\/strong><\/p>\n<p style=\"text-align: justify;\">Ayman Ghrayeb, un importante attivista palestinese di base nella Valle del Giordano, \u00e8 stato arrestato dalle forze israeliane luned\u00ec 17 novembre ed \u00e8 stato fatto sparire forzatamente per due giorni prima che i suoi avvocati ricevessero informazioni sulla sua posizione. Durante questo periodo, Ghrayeb era stato trattenuto segretamente nella base militare di Samra nella Valle del Giordano, tenuto all&#8217;aperto ed esposto alle intemperie, ammanettato, gli \u00e8 stato negato il cibo ed \u00e8 stato picchiato dai soldati che lo sorvegliavano cos\u00ec duramente da rendere necessario il ricovero ospedaliero due volte.<\/p>\n<p><a href=\"http:\/\/reteitalianaism.it\/reteism\/wp-content\/uploads\/2025\/11\/signal-2025-11-20-111857_002-1.jpeg\"><img loading=\"lazy\" decoding=\"async\" class=\" wp-image-23105 aligncenter\" src=\"http:\/\/reteitalianaism.it\/reteism\/wp-content\/uploads\/2025\/11\/signal-2025-11-20-111857_002-1-300x295.jpeg\" alt=\"\" width=\"496\" height=\"488\" srcset=\"https:\/\/reteitalianaism.it\/reteism\/wp-content\/uploads\/2025\/11\/signal-2025-11-20-111857_002-1-300x295.jpeg 300w, https:\/\/reteitalianaism.it\/reteism\/wp-content\/uploads\/2025\/11\/signal-2025-11-20-111857_002-1.jpeg 533w\" sizes=\"auto, (max-width: 496px) 100vw, 496px\" \/><\/a><\/p>\n<p style=\"text-align: justify;\">Solo oggi, sei giorni dopo il suo arresto iniziale, Ghrayeb \u00e8 stato interrogato per la prima volta con l&#8217;accusa non specifica di presunta istigazione. L&#8217;interrogatorio sembra essere una mera formalit\u00e0, come affermato dall&#8217;avv. Riham Nasra, il suo avvocato, \u00e8 stato informato, ancor prima dell&#8217;interrogatorio, che sarebbe stato sottoposto alla cosiddetta detenzione amministrativa \u2013 un eufemismo israeliano per indicare la detenzione a tempo indeterminato senza accusa n\u00e9 processo, basata su prove segrete e sospetti non divulgati, tenuti nascosti persino all&#8217;avvocato del detenuto. La scelta della detenzione amministrativa rispetto all&#8217;azione penale dimostra che il suo arresto \u00e8 un chiaro caso di persecuzione politica, poich\u00e9 gran parte del lavoro di Ghrayeb riguarda l&#8217;advocacy sui social media e si svolge sotto gli occhi dell&#8217;opinione pubblica.<!--more--><\/p>\n<p style=\"text-align: justify;\">Parlando con il suo avvocato prima dell&#8217;interrogatorio, Ghrayeb, che era in buona salute al momento della detenzione, ha riferito di essere stato colpito alle costole da un soldato mentre era internato e ammanettato nella base militare di Samra. A seguito delle percosse e degli abusi, Ghrayeb \u00e8 stato ricoverato in ospedale due volte in due giorni. Solo pochi giorni fa, l&#8217;organizzazione israeliana Physicians for Human Rights ha pubblicato un rapporto che rivela che almeno 94 detenuti palestinesi sono stati uccisi nelle carceri israeliane dal 7 ottobre 2023.<\/p>\n<p style=\"text-align: justify;\">Per maggiori dettagli:<br \/>\nBelal Ghrayeb +970-59-9974-297 (arabo)<br \/>\nJonathan Pollak +972-50-3010-160 \/ +970-59-2934-306 (inglese, ebraico, arabo)<\/p>\n<p style=\"text-align: justify;\">Ayman Ghrayeb \u00e8 stato arrestato luned\u00ec mentre visitava la comunit\u00e0 di al-Fasayyel nella Valle del Giordano, che attualmente rischia di essere sfollata a causa della violenza israeliana perpetrata sia dall&#8217;esercito che dai residenti dell&#8217;adiacente insediamento di Havat Harashash.<\/p>\n<p style=\"text-align: justify;\">Ghrayeb \u00e8 stato inizialmente arrestato illegalmente dal personale di sicurezza dell&#8217;insediamento e, diverse ore dopo, dai soldati israeliani che gli hanno confiscato il telefono e la macchina fotografica. Secondo un amico che era con lui al momento dell&#8217;arresto, due diversi agenti della polizia segreta israeliana, lo Shin Bet, hanno parlato con Ghrayeb al telefono mentre era detenuto sul campo. Durante le telefonate, gli agenti gli hanno detto di averne &#8220;avuto abbastanza&#8221; del suo attivismo e delle sue &#8220;istigazioni&#8221;, e che questa volta sarebbe stato mandato in prigione.<\/p>\n<p style=\"text-align: justify;\">La detenzione di Ghrayeb avviene nel contesto del massiccio sfollamento di oltre 100 comunit\u00e0 palestinesi negli ultimi due anni*, molte delle quali nella Valle del Giordano. Essendo uno dei pi\u00f9 importanti attivisti palestinesi che lavorano nella Valle del Giordano, Ghrayeb \u00e8 regolarmente molestato dalle forze israeliane e viene frequentemente fermato ai posti di blocco israeliani. Negli ultimi anni \u00e8 stato oggetto di molteplici detenzioni arbitrarie, nessuna delle quali ha portato a un&#8217;incriminazione. La sua detenzione fa parte di una pi\u00f9 ampia politica israeliana di pulizia etnica, in particolare volta a sgomberare la Valle del Giordano dai palestinesi. Fa anche parte dell&#8217;intensificazione degli attacchi contro gli attivisti di base palestinesi a partire dall&#8217;ottobre 2023. Molti di questi attivisti vengono regolarmente molestati dallo Shin Bet e diversi sono stati posti in detenzione amministrativa. Pi\u00f9 di recente, l&#8217;importante attivista Rabia Abu Naim del villaggio di al-Mughayyer, uno dei principali centri di sfollamento, e coordinatore della campagna di raccolta delle olive di Zaytoun 2025, \u00e8 stato arrestato durante un&#8217;irruzione notturna nella sua abitazione e posto in detenzione amministrativa. L&#8217;arresto di Abu Naim \u00e8 avvenuto il 10 ottobre, giorno di apertura della campagna di raccolta. \u00c8 stato posto in detenzione amministrativa nonostante l&#8217;ammissione del procuratore militare che Abu Naim non era stato coinvolto in alcuna attivit\u00e0 armata.<\/p>\n<p style=\"text-align: justify;\">*Secondo le informazioni raccolte dalla ONG Kerem Navot, 110 comunit\u00e0 palestinesi sono state sfollate con la forza dal 7 ottobre 2023.<\/p>\n","protected":false},"excerpt":{"rendered":"<p>https:\/\/palsolidarity.org\/ Domenica 23 novembre 2025 Ayman Ghrayeb, un importante attivista palestinese di base nella Valle del Giordano, \u00e8 stato arrestato dalle forze israeliane luned\u00ec 17 novembre ed \u00e8 stato fatto sparire forzatamente per due giorni prima che i suoi avvocati &hellip; <a href=\"https:\/\/reteitalianaism.it\/reteism\/index.php\/2025\/11\/23\/aggiornamento-lattivista-palestinese-ayman-ghrayeb-subisce-abusi-in-custodia-e-rischia-la-detenzione-amministrativa\/\">Continue reading <span class=\"meta-nav\">&rarr;<\/span><\/a><\/p>\n","protected":false},"author":2,"featured_media":0,"comment_status":"open","ping_status":"open","sticky":false,"template":"","format":"standard","meta":{"footnotes":""},"categories":[3,67],"tags":[84,70,22,90],"class_list":["post-23104","post","type-post","status-publish","format-standard","hentry","category-info","category-prigionieri","tag-colonie-illegali","tag-detenzione-amministrativa","tag-diritti-prigionieri","tag-valle-del-giordano"],"_links":{"self":[{"href":"https:\/\/reteitalianaism.it\/reteism\/index.php\/wp-json\/wp\/v2\/posts\/23104","targetHints":{"allow":["GET"]}}],"collection":[{"href":"https:\/\/reteitalianaism.it\/reteism\/index.php\/wp-json\/wp\/v2\/posts"}],"about":[{"href":"https:\/\/reteitalianaism.it\/reteism\/index.php\/wp-json\/wp\/v2\/types\/post"}],"author":[{"embeddable":true,"href":"https:\/\/reteitalianaism.it\/reteism\/index.php\/wp-json\/wp\/v2\/users\/2"}],"replies":[{"embeddable":true,"href":"https:\/\/reteitalianaism.it\/reteism\/index.php\/wp-json\/wp\/v2\/comments?post=23104"}],"version-history":[{"count":1,"href":"https:\/\/reteitalianaism.it\/reteism\/index.php\/wp-json\/wp\/v2\/posts\/23104\/revisions"}],"predecessor-version":[{"id":23106,"href":"https:\/\/reteitalianaism.it\/reteism\/index.php\/wp-json\/wp\/v2\/posts\/23104\/revisions\/23106"}],"wp:attachment":[{"href":"https:\/\/reteitalianaism.it\/reteism\/index.php\/wp-json\/wp\/v2\/media?parent=23104"}],"wp:term":[{"taxonomy":"category","embeddable":true,"href":"https:\/\/reteitalianaism.it\/reteism\/index.php\/wp-json\/wp\/v2\/categories?post=23104"},{"taxonomy":"post_tag","embeddable":true,"href":"https:\/\/reteitalianaism.it\/reteism\/index.php\/wp-json\/wp\/v2\/tags?post=23104"}],"curies":[{"name":"wp","href":"https:\/\/api.w.org\/{rel}","templated":true}]}}