{"id":23172,"date":"2025-12-08T15:31:55","date_gmt":"2025-12-08T14:31:55","guid":{"rendered":"https:\/\/reteitalianaism.it\/reteism\/?p=23172"},"modified":"2025-12-11T16:57:42","modified_gmt":"2025-12-11T15:57:42","slug":"per-la-pubblicazione-immediata-coloni-israeliani-attaccano-e-feriscono-famiglie-palestinesi-e-attivisti-solidali","status":"publish","type":"post","link":"https:\/\/reteitalianaism.it\/reteism\/index.php\/2025\/12\/08\/per-la-pubblicazione-immediata-coloni-israeliani-attaccano-e-feriscono-famiglie-palestinesi-e-attivisti-solidali\/","title":{"rendered":"PER LA PUBBLICAZIONE IMMEDIATA: Coloni israeliani attaccano e feriscono famiglie palestinesi e attivisti solidali"},"content":{"rendered":"<p>7 dicembre 2025<\/p>\n<p><a href=\"https:\/\/palsolidarity.org\/2025\/12\/for-immediate-release-israeli-settlers-attack-and-injure-palestinian-family-and-solidarity-activists\/\">FOR IMMEDIATE RELEASE: Israeli Settlers Attack and Injure Palestinian Family and Solidarity Activists &#8211; Home<\/a><\/p>\n<div id=\"attachment_23173\" style=\"width: 296px\" class=\"wp-caption aligncenter\"><a href=\"http:\/\/reteitalianaism.it\/reteism\/wp-content\/uploads\/2025\/12\/signal-2025-12-07-190929_004-scaled-1.jpg\"><img loading=\"lazy\" decoding=\"async\" aria-describedby=\"caption-attachment-23173\" class=\" wp-image-23173\" src=\"http:\/\/reteitalianaism.it\/reteism\/wp-content\/uploads\/2025\/12\/signal-2025-12-07-190929_004-scaled-1-169x300.jpg\" alt=\"\" width=\"286\" height=\"508\" srcset=\"https:\/\/reteitalianaism.it\/reteism\/wp-content\/uploads\/2025\/12\/signal-2025-12-07-190929_004-scaled-1-169x300.jpg 169w, https:\/\/reteitalianaism.it\/reteism\/wp-content\/uploads\/2025\/12\/signal-2025-12-07-190929_004-scaled-1-576x1024.jpg 576w, https:\/\/reteitalianaism.it\/reteism\/wp-content\/uploads\/2025\/12\/signal-2025-12-07-190929_004-scaled-1.jpg 720w\" sizes=\"auto, (max-width: 286px) 100vw, 286px\" \/><\/a><p id=\"caption-attachment-23173\" class=\"wp-caption-text\">dal sito palsolidarity.org<\/p><\/div>\n<p>**AVVERTENZA SUI CONTENUTI CHE POSSONO IMPRESSIONARE**<\/p>\n<p>Per maggiori dettagli: Mia +972-53-809-7706<\/p>\n<p class=\"lRu31\" dir=\"ltr\"><span class=\"HwtZe\" lang=\"it\"><span class=\"jCAhz ChMk0b\"><span class=\"ryNqvb\">Otto coloni israeliani, mascherati e armati di manganelli, hanno brutalmente attaccato la casa di Abu Hamam nel villaggio di al-Mughayyer, a est di Ramallah, questa notte.<\/span><\/span> <span class=\"jCAhz ChMk0b\"><span class=\"ryNqvb\">I coloni hanno ferito un ragazzo di 13 anni, Riziq Abu Naim, e una donna di 59 anni, Fadda Abu Naim (Umm Hamam), oltre a quattro attivisti internazionali di solidariet\u00e0 provenienti da Regno Unito, Colombia-Stati Uniti e Francia.<\/span><\/span> <span class=\"jCAhz ChMk0b\"><span class=\"ryNqvb\">Tutti e sei sono stati evacuati all&#8217;ospedale di Ramallah, riportando contusioni e ferite alla testa, agli arti e al torace.<\/span><\/span> <span class=\"jCAhz ChMk0b\"><span class=\"ryNqvb\">Durante gli attacchi, i coloni hanno minacciato la famiglia che sarebbero tornati e avrebbero bruciato le case in cui si trovavano se non se ne fossero andati via entro due giorni.<\/span><\/span> <\/span><\/p>\n<p class=\"lRu31\" dir=\"ltr\"><span class=\"HwtZe\" lang=\"it\"><span class=\"jCAhz ChMk0b\"><span class=\"ryNqvb\">La residenza di Abu Naim si trova alla periferia di al-Mughayyer ed \u00e8 bersaglio di attacchi e molestie quasi quotidiane da parte di coloni e soldati israeliani, spesso in coordinamento.<\/span><\/span> <\/span><!--more--><\/p>\n<p class=\"lRu31\" dir=\"ltr\"><span class=\"HwtZe\" lang=\"it\"><span class=\"jCAhz ChMk0b\"><span class=\"ryNqvb\">L&#8217;attacco di oggi \u00e8 avvenuto all&#8217;1:40 del mattino, poco dopo l&#8217;irruzione delle forze militari israeliane nel villaggio, ed \u00e8 terminato prima che l&#8217;esercito uscisse dal villaggio.<\/span><\/span> <span class=\"jCAhz ChMk0b\"><span class=\"ryNqvb\">Durante e dopo l&#8217;attacco, i soldati hanno impedito ai medici e ai residenti di accorrere in aiuto della famiglia, arrivando persino a minacciare i medici di arresto.<\/span><\/span> <span class=\"jCAhz ChMk0b\"><span class=\"ryNqvb\">L&#8217;incursione militare non aveva uno scopo chiaro, poich\u00e9 i soldati si sono limitati a pattugliare la citt\u00e0 e non hanno effettuato n\u00e9 tentato alcun arresto.<\/span><\/span><\/span><\/p>\n<div id=\"attachment_23174\" style=\"width: 266px\" class=\"wp-caption aligncenter\"><a href=\"http:\/\/reteitalianaism.it\/reteism\/wp-content\/uploads\/2025\/12\/signal-2025-12-07-190929_011-338x600-1.jpg\"><img loading=\"lazy\" decoding=\"async\" aria-describedby=\"caption-attachment-23174\" class=\" wp-image-23174\" src=\"http:\/\/reteitalianaism.it\/reteism\/wp-content\/uploads\/2025\/12\/signal-2025-12-07-190929_011-338x600-1-169x300.jpg\" alt=\"\" width=\"256\" height=\"454\" srcset=\"https:\/\/reteitalianaism.it\/reteism\/wp-content\/uploads\/2025\/12\/signal-2025-12-07-190929_011-338x600-1-169x300.jpg 169w, https:\/\/reteitalianaism.it\/reteism\/wp-content\/uploads\/2025\/12\/signal-2025-12-07-190929_011-338x600-1.jpg 338w\" sizes=\"auto, (max-width: 256px) 100vw, 256px\" \/><\/a><p id=\"caption-attachment-23174\" class=\"wp-caption-text\">foto della ferita di una delle attiviste, dal sito palsolidarity.org<\/p><\/div>\n<p class=\"lRu31\" dir=\"ltr\"><span class=\"HwtZe\" lang=\"it\"><span class=\"jCAhz ChMk0b\"><span class=\"ryNqvb\">L&#8217;attivista britannica Phoebe Smith, rimasta ferita nell&#8217;incidente di oggi, ha dichiarato: &#8220;L&#8217;attacco fa parte del tentativo in corso, sia delle autorit\u00e0 israeliane che dei coloni, di sfrattare le famiglie palestinesi dalle loro terre. Coloni e militari lavorano in tandem per creare una realt\u00e0 che costringa la famiglia Abu Hamam ad abbandonare la propria terra, e lo fanno nella pi\u00f9 totale impunit\u00e0 e con qualsiasi mezzo necessario&#8221;.<\/span><\/span> <\/span><\/p>\n<p class=\"lRu31\" dir=\"ltr\"><span class=\"HwtZe\" lang=\"it\"><span class=\"jCAhz ChMk0b\"><span class=\"ryNqvb\">Il villaggio di al-Mughayyer \u00e8 stato al centro di attacchi da parte di coloni e militari israeliani, che si sono drasticamente intensificati negli ultimi mesi.<\/span><\/span> <span class=\"jCAhz ChMk0b\"><span class=\"ryNqvb\">Il 22 e 23 agosto di quest&#8217;anno, l&#8217;esercito israeliano ha sradicato migliaia di ulivi nella parte orientale del villaggio, su ordine diretto del Maggiore Generale Avi Bluth, capo del Comando Centrale israeliano.<\/span><\/span> <span class=\"jCAhz ChMk0b\"><span class=\"ryNqvb\">In un comunicato stampa successivo allo sradicamento, \u00e8 stato chiarito che si \u00e8 trattato di una punizione collettiva per inviare un messaggio.<\/span><\/span> <\/span><\/p>\n<p class=\"lRu31\" dir=\"ltr\"><span class=\"HwtZe\" lang=\"it\"><span class=\"jCAhz ChMk0b\"><span class=\"ryNqvb\">Nell&#8217;ultimo mese, simili attacchi da parte dei coloni si sono verificati ripetutamente in concomitanza con incursioni militari nella citt\u00e0.<\/span><\/span> <span class=\"jCAhz ChMk0b\"><span class=\"ryNqvb\">In diverse occasioni, i coloni degli avamposti vicini hanno tagliato e sradicato centinaia di ulivi nella parte occidentale del villaggio.<\/span><\/span><\/span><\/p>\n<div class=\"UdTY9 WdefRb\" aria-hidden=\"true\" data-location=\"2\">\n<div id=\"attachment_23175\" style=\"width: 277px\" class=\"wp-caption aligncenter\"><a href=\"http:\/\/reteitalianaism.it\/reteism\/wp-content\/uploads\/2025\/12\/signal-2025-12-07-190929_005-338x600-1.jpg\"><img loading=\"lazy\" decoding=\"async\" aria-describedby=\"caption-attachment-23175\" class=\" wp-image-23175\" src=\"http:\/\/reteitalianaism.it\/reteism\/wp-content\/uploads\/2025\/12\/signal-2025-12-07-190929_005-338x600-1-169x300.jpg\" alt=\"\" width=\"267\" height=\"474\" srcset=\"https:\/\/reteitalianaism.it\/reteism\/wp-content\/uploads\/2025\/12\/signal-2025-12-07-190929_005-338x600-1-169x300.jpg 169w, https:\/\/reteitalianaism.it\/reteism\/wp-content\/uploads\/2025\/12\/signal-2025-12-07-190929_005-338x600-1.jpg 338w\" sizes=\"auto, (max-width: 267px) 100vw, 267px\" \/><\/a><p id=\"caption-attachment-23175\" class=\"wp-caption-text\">dal sito palsolidarity.org<\/p><\/div>\n<\/div>\n","protected":false},"excerpt":{"rendered":"<p>7 dicembre 2025 FOR IMMEDIATE RELEASE: Israeli Settlers Attack and Injure Palestinian Family and Solidarity Activists &#8211; Home **AVVERTENZA SUI CONTENUTI CHE POSSONO IMPRESSIONARE** Per maggiori dettagli: Mia +972-53-809-7706 Otto coloni israeliani, mascherati e armati di manganelli, hanno brutalmente attaccato &hellip; <a href=\"https:\/\/reteitalianaism.it\/reteism\/index.php\/2025\/12\/08\/per-la-pubblicazione-immediata-coloni-israeliani-attaccano-e-feriscono-famiglie-palestinesi-e-attivisti-solidali\/\">Continue reading <span class=\"meta-nav\">&rarr;<\/span><\/a><\/p>\n","protected":false},"author":6,"featured_media":0,"comment_status":"open","ping_status":"open","sticky":false,"template":"","format":"standard","meta":{"footnotes":""},"categories":[3],"tags":[1036,488,179,37,50],"class_list":["post-23172","post","type-post","status-publish","format-standard","hentry","category-info","tag-al-mughayyr","tag-attivisti","tag-genocidio","tag-occupazione","tag-violenza-dei-coloni"],"_links":{"self":[{"href":"https:\/\/reteitalianaism.it\/reteism\/index.php\/wp-json\/wp\/v2\/posts\/23172","targetHints":{"allow":["GET"]}}],"collection":[{"href":"https:\/\/reteitalianaism.it\/reteism\/index.php\/wp-json\/wp\/v2\/posts"}],"about":[{"href":"https:\/\/reteitalianaism.it\/reteism\/index.php\/wp-json\/wp\/v2\/types\/post"}],"author":[{"embeddable":true,"href":"https:\/\/reteitalianaism.it\/reteism\/index.php\/wp-json\/wp\/v2\/users\/6"}],"replies":[{"embeddable":true,"href":"https:\/\/reteitalianaism.it\/reteism\/index.php\/wp-json\/wp\/v2\/comments?post=23172"}],"version-history":[{"count":2,"href":"https:\/\/reteitalianaism.it\/reteism\/index.php\/wp-json\/wp\/v2\/posts\/23172\/revisions"}],"predecessor-version":[{"id":23181,"href":"https:\/\/reteitalianaism.it\/reteism\/index.php\/wp-json\/wp\/v2\/posts\/23172\/revisions\/23181"}],"wp:attachment":[{"href":"https:\/\/reteitalianaism.it\/reteism\/index.php\/wp-json\/wp\/v2\/media?parent=23172"}],"wp:term":[{"taxonomy":"category","embeddable":true,"href":"https:\/\/reteitalianaism.it\/reteism\/index.php\/wp-json\/wp\/v2\/categories?post=23172"},{"taxonomy":"post_tag","embeddable":true,"href":"https:\/\/reteitalianaism.it\/reteism\/index.php\/wp-json\/wp\/v2\/tags?post=23172"}],"curies":[{"name":"wp","href":"https:\/\/api.w.org\/{rel}","templated":true}]}}