{"id":23191,"date":"2025-12-13T17:04:11","date_gmt":"2025-12-13T16:04:11","guid":{"rendered":"https:\/\/reteitalianaism.it\/reteism\/?p=23191"},"modified":"2025-12-15T19:27:32","modified_gmt":"2025-12-15T18:27:32","slug":"continuano-i-tentativi-di-sfollare-la-famiglia-abu-hamam-arrestati-due-attivisti-statunitensi-solidali","status":"publish","type":"post","link":"https:\/\/reteitalianaism.it\/reteism\/index.php\/2025\/12\/13\/continuano-i-tentativi-di-sfollare-la-famiglia-abu-hamam-arrestati-due-attivisti-statunitensi-solidali\/","title":{"rendered":"Continuano i tentativi di sfollare la famiglia Abu Hamam; arrestati due attivisti statunitensi solidali"},"content":{"rendered":"<p style=\"text-align: justify;\"><a href=\"https:\/\/palsolidarity.org\/2025\/12\/for-immediate-release-attempts-to-displace-the-abu-hamam-family-continue-two-us-solidarity-activists-arrested\/\">https:\/\/palsolidarity.org\/<\/a><\/p>\n<p style=\"text-align: justify;\">Al-Mughayyer: attivisti arrestati ieri per contestare l&#8217;espulsione; si trovavano fuori dalla zona militare chiusa*<\/p>\n<p style=\"text-align: justify;\">Le pressioni israeliane sulla famiglia Abu Hamam di Al-Mughayyer affinch\u00e9 lasciasse la propria casa continuano oggi con un altro raid della polizia e dell&#8217;esercito, per la terza volta questa settimana, dopo un brutale attacco dei coloni di domenica che ha causato il ricovero in ospedale di due familiari feriti, oltre a un cittadino francese, un colombiano-americano e due cittadini britannici.<\/p>\n<p><a href=\"http:\/\/reteitalianaism.it\/reteism\/wp-content\/uploads\/2025\/12\/mug1.png\"><img loading=\"lazy\" decoding=\"async\" class=\" wp-image-23192 aligncenter\" src=\"http:\/\/reteitalianaism.it\/reteism\/wp-content\/uploads\/2025\/12\/mug1-237x300.png\" alt=\"\" width=\"401\" height=\"508\" srcset=\"https:\/\/reteitalianaism.it\/reteism\/wp-content\/uploads\/2025\/12\/mug1-237x300.png 237w, https:\/\/reteitalianaism.it\/reteism\/wp-content\/uploads\/2025\/12\/mug1.png 607w\" sizes=\"auto, (max-width: 401px) 100vw, 401px\" \/><\/a><\/p>\n<p style=\"text-align: justify;\">Durante il raid di oggi, le forze dell&#8217;ordine erano alla ricerca di attivisti solidali, dopo che il comandante militare dell&#8217;area aveva dichiarato la zona militare chiusa per un mese. Mentre gli attivisti solidali vengono perseguitati dall&#8217;esercito, i coloni vagano indisturbati nella zona per attaccare e molestare le comunit\u00e0 palestinesi.<\/p>\n<p style=\"text-align: justify;\">I due cittadini americani arrestati ieri sono stati condotti alla stazione di polizia dell&#8217;insediamento di Shaar Binyamin e interrogati per violazione di un ordine legale e ostacolo alla polizia. Hanno trascorso la notte nel carcere di massima sicurezza di Neve Tirza e ora sono stati trasferiti al centro di detenzione Ben Gurion, dove rischiano l&#8217;espulsione. La loro udienza si terr\u00e0 pi\u00f9 tardi stasera, dove intendono contestare l&#8217;espulsione e si rifiutano di collaborare se la commissione ne ordina l&#8217;espulsione dalla Palestina.<!--more--><\/p>\n<p style=\"text-align: justify;\">Un&#8217;analisi degli ordini di chiusura della zona militare emessi la scorsa settimana mostra che l&#8217;abitazione di Abu Hamam era effettivamente inclusa nell&#8217;area soggetta a restrizioni definita nell&#8217;ordinanza di un giorno notificata mercoled\u00ec 9 dicembre. Tuttavia, l&#8217;ordinanza di un mese notificata ieri non include l&#8217;abitazione in cui i due sono stati arrestati, rendendo la loro detenzione un arresto illegale.<\/p>\n<p style=\"text-align: justify;\">Al contrario, l&#8217;area soggetta a restrizioni designata dal nuovo ordine include l&#8217;avamposto che terrorizza la famiglia e i suoi dintorni. Non \u00e8 stata intrapresa alcuna azione di contrasto contro i coloni, che si sono persino introdotti nell&#8217;abitazione di una vicina comunit\u00e0 beduina, dimostrando ancora una volta la cooperazione tra strumenti ufficiali e non ufficiali della violenza israeliana nell&#8217;attuazione della politica israeliana di sfollamento forzato e pulizia etnica contro le comunit\u00e0 palestinesi in aree che Israele ritiene strategicamente preziose.<\/p>\n<p style=\"text-align: justify;\">Per maggiori dettagli: Mia +972-53-809-7706<\/p>\n<p><a href=\"http:\/\/reteitalianaism.it\/reteism\/wp-content\/uploads\/2025\/12\/IMG_3053-450x600-1.jpg\"><img loading=\"lazy\" decoding=\"async\" class=\" wp-image-23193 aligncenter\" src=\"http:\/\/reteitalianaism.it\/reteism\/wp-content\/uploads\/2025\/12\/IMG_3053-450x600-1-225x300.jpg\" alt=\"\" width=\"414\" height=\"552\" srcset=\"https:\/\/reteitalianaism.it\/reteism\/wp-content\/uploads\/2025\/12\/IMG_3053-450x600-1-225x300.jpg 225w, https:\/\/reteitalianaism.it\/reteism\/wp-content\/uploads\/2025\/12\/IMG_3053-450x600-1.jpg 450w\" sizes=\"auto, (max-width: 414px) 100vw, 414px\" \/><\/a><\/p>\n<p style=\"text-align: justify;\">La scorsa settimana la famiglia \u00e8 stata oggetto di incessanti attacchi da parte sia dell&#8217;esercito israeliano che dei coloni, spesso coordinati. Gli attacchi hanno causato il ferimento della matriarca della famiglia, Fadda Abu Naim, 59 anni, e del tredicenne Riziq Abu Naim, oltre a due cittadini britannici, un colombiano-americano e un francese. Il giorno successivo, luned\u00ec 8 dicembre, i coloni giunti nella zona hanno smantellato capannoni di lamiera ondulata sotto la protezione dei militari. Mercoled\u00ec 10 dicembre, un&#8217;unit\u00e0 militare ha fatto irruzione nella propriet\u00e0 della famiglia, presentando un ordine di zona militare valido 24 ore su 24, e ha arrestato un cittadino statunitense e un cittadino australiano.<\/p>\n<p style=\"text-align: justify;\">Questi attacchi da parte di coloni e soldati nel tentativo di sfrattare con la forza la famiglia Abu Hamam dalla sua terra sono parte integrante della politica israeliana di pulizia etnica. In questo caso, per consentire a Israele di creare una linea di insediamenti e avamposti che vada dall&#8217;area di Ramallah Est a quella di Nablus Sud, e da l\u00ec fino alla Valle del Giordano.<\/p>\n<p><a href=\"http:\/\/reteitalianaism.it\/reteism\/wp-content\/uploads\/2025\/12\/mugh-2-343x600-1.png\"><img loading=\"lazy\" decoding=\"async\" class=\" wp-image-23194 aligncenter\" src=\"http:\/\/reteitalianaism.it\/reteism\/wp-content\/uploads\/2025\/12\/mugh-2-343x600-1-172x300.png\" alt=\"\" width=\"411\" height=\"717\" \/><\/a><\/p>\n","protected":false},"excerpt":{"rendered":"<p>https:\/\/palsolidarity.org\/ Al-Mughayyer: attivisti arrestati ieri per contestare l&#8217;espulsione; si trovavano fuori dalla zona militare chiusa* Le pressioni israeliane sulla famiglia Abu Hamam di Al-Mughayyer affinch\u00e9 lasciasse la propria casa continuano oggi con un altro raid della polizia e dell&#8217;esercito, per &hellip; <a href=\"https:\/\/reteitalianaism.it\/reteism\/index.php\/2025\/12\/13\/continuano-i-tentativi-di-sfollare-la-famiglia-abu-hamam-arrestati-due-attivisti-statunitensi-solidali\/\">Continue reading <span class=\"meta-nav\">&rarr;<\/span><\/a><\/p>\n","protected":false},"author":2,"featured_media":0,"comment_status":"open","ping_status":"open","sticky":false,"template":"","format":"standard","meta":{"footnotes":""},"categories":[3],"tags":[1036,84,41],"class_list":["post-23191","post","type-post","status-publish","format-standard","hentry","category-info","tag-al-mughayyr","tag-colonie-illegali","tag-pulizia-etnica"],"_links":{"self":[{"href":"https:\/\/reteitalianaism.it\/reteism\/index.php\/wp-json\/wp\/v2\/posts\/23191","targetHints":{"allow":["GET"]}}],"collection":[{"href":"https:\/\/reteitalianaism.it\/reteism\/index.php\/wp-json\/wp\/v2\/posts"}],"about":[{"href":"https:\/\/reteitalianaism.it\/reteism\/index.php\/wp-json\/wp\/v2\/types\/post"}],"author":[{"embeddable":true,"href":"https:\/\/reteitalianaism.it\/reteism\/index.php\/wp-json\/wp\/v2\/users\/2"}],"replies":[{"embeddable":true,"href":"https:\/\/reteitalianaism.it\/reteism\/index.php\/wp-json\/wp\/v2\/comments?post=23191"}],"version-history":[{"count":1,"href":"https:\/\/reteitalianaism.it\/reteism\/index.php\/wp-json\/wp\/v2\/posts\/23191\/revisions"}],"predecessor-version":[{"id":23195,"href":"https:\/\/reteitalianaism.it\/reteism\/index.php\/wp-json\/wp\/v2\/posts\/23191\/revisions\/23195"}],"wp:attachment":[{"href":"https:\/\/reteitalianaism.it\/reteism\/index.php\/wp-json\/wp\/v2\/media?parent=23191"}],"wp:term":[{"taxonomy":"category","embeddable":true,"href":"https:\/\/reteitalianaism.it\/reteism\/index.php\/wp-json\/wp\/v2\/categories?post=23191"},{"taxonomy":"post_tag","embeddable":true,"href":"https:\/\/reteitalianaism.it\/reteism\/index.php\/wp-json\/wp\/v2\/tags?post=23191"}],"curies":[{"name":"wp","href":"https:\/\/api.w.org\/{rel}","templated":true}]}}