{"id":23197,"date":"2025-12-14T19:13:34","date_gmt":"2025-12-14T18:13:34","guid":{"rendered":"https:\/\/reteitalianaism.it\/reteism\/?p=23197"},"modified":"2025-12-14T19:13:45","modified_gmt":"2025-12-14T18:13:45","slug":"attivisti-statunitensi-imprigionati-da-israele-mentre-contestano-la-deportazione","status":"publish","type":"post","link":"https:\/\/reteitalianaism.it\/reteism\/index.php\/2025\/12\/14\/attivisti-statunitensi-imprigionati-da-israele-mentre-contestano-la-deportazione\/","title":{"rendered":"Attivisti statunitensi imprigionati da Israele mentre contestano la deportazione"},"content":{"rendered":"<p>14 dicembre 2025<\/p>\n<p><a href=\"https:\/\/palsolidarity.org\/2025\/12\/us-activists-imprisoned-by-israel-while-challenging-deportation\/\">US Activists Imprisoned by Israel while Challenging Deportation &#8211; Home<\/a><\/p>\n<div id=\"attachment_23198\" style=\"width: 315px\" class=\"wp-caption aligncenter\"><a href=\"http:\/\/reteitalianaism.it\/reteism\/wp-content\/uploads\/2025\/12\/IMG_3053-scaled-1.jpg\"><img loading=\"lazy\" decoding=\"async\" aria-describedby=\"caption-attachment-23198\" class=\" wp-image-23198\" src=\"http:\/\/reteitalianaism.it\/reteism\/wp-content\/uploads\/2025\/12\/IMG_3053-scaled-1-225x300.jpg\" alt=\"\" width=\"305\" height=\"407\" srcset=\"https:\/\/reteitalianaism.it\/reteism\/wp-content\/uploads\/2025\/12\/IMG_3053-scaled-1-225x300.jpg 225w, https:\/\/reteitalianaism.it\/reteism\/wp-content\/uploads\/2025\/12\/IMG_3053-scaled-1-768x1024.jpg 768w, https:\/\/reteitalianaism.it\/reteism\/wp-content\/uploads\/2025\/12\/IMG_3053-scaled-1.jpg 960w\" sizes=\"auto, (max-width: 305px) 100vw, 305px\" \/><\/a><p id=\"caption-attachment-23198\" class=\"wp-caption-text\">dal sito palsolidarity.org<\/p><\/div>\n<p><span class=\"jCAhz ChMk0b\"><span class=\"ryNqvb\">PER LA PUBBLICAZIONE IMMEDIATA <\/span><\/span><\/p>\n<p><span class=\"jCAhz ChMk0b\"><span class=\"ryNqvb\">14 dicembre 2025 <\/span><\/span><\/p>\n<p><span class=\"jCAhz ChMk0b\"><span class=\"ryNqvb\">Irene Cho e Trudi Frost sono state arrestate mercoled\u00ec 12 dicembre nel villaggio di al-Mughayyer, in Cisgiordania, mentre si trovavano presso una famiglia minacciata di sfollamento forzato.<\/span><\/span> <span class=\"jCAhz ChMk0b\"><span class=\"ryNqvb\">I loro permessi di soggiorno sono stati revocati ieri sera con una procedura sommaria, con i funzionari che si sono rifiutati di esaminare le prove dell&#8217;illegalit\u00e0 dell&#8217;arresto.<\/span><\/span> <span class=\"jCAhz ChMk0b\"><span class=\"ryNqvb\">Le due sono state trasferite al carcere di Givon, vicino alla citt\u00e0 di Ramla.<\/span><\/span><!--more--><\/p>\n<div id=\"attachment_23199\" style=\"width: 310px\" class=\"wp-caption alignleft\"><a href=\"http:\/\/reteitalianaism.it\/reteism\/wp-content\/uploads\/2025\/12\/Irene-1-400x347-1.jpg\"><img loading=\"lazy\" decoding=\"async\" aria-describedby=\"caption-attachment-23199\" class=\"size-medium wp-image-23199\" src=\"http:\/\/reteitalianaism.it\/reteism\/wp-content\/uploads\/2025\/12\/Irene-1-400x347-1-300x260.jpg\" alt=\"\" width=\"300\" height=\"260\" srcset=\"https:\/\/reteitalianaism.it\/reteism\/wp-content\/uploads\/2025\/12\/Irene-1-400x347-1-300x260.jpg 300w, https:\/\/reteitalianaism.it\/reteism\/wp-content\/uploads\/2025\/12\/Irene-1-400x347-1.jpg 400w\" sizes=\"auto, (max-width: 300px) 100vw, 300px\" \/><\/a><p id=\"caption-attachment-23199\" class=\"wp-caption-text\">Cho<\/p><\/div>\n<div id=\"attachment_23200\" style=\"width: 310px\" class=\"wp-caption alignnone\"><a href=\"http:\/\/reteitalianaism.it\/reteism\/wp-content\/uploads\/2025\/12\/Trudi-400x400-1.jpg\"><img loading=\"lazy\" decoding=\"async\" aria-describedby=\"caption-attachment-23200\" class=\"wp-image-23200 size-medium\" src=\"http:\/\/reteitalianaism.it\/reteism\/wp-content\/uploads\/2025\/12\/Trudi-400x400-1-300x300.jpg\" alt=\"\" width=\"300\" height=\"300\" srcset=\"https:\/\/reteitalianaism.it\/reteism\/wp-content\/uploads\/2025\/12\/Trudi-400x400-1-300x300.jpg 300w, https:\/\/reteitalianaism.it\/reteism\/wp-content\/uploads\/2025\/12\/Trudi-400x400-1-150x150.jpg 150w, https:\/\/reteitalianaism.it\/reteism\/wp-content\/uploads\/2025\/12\/Trudi-400x400-1.jpg 400w\" sizes=\"auto, (max-width: 300px) 100vw, 300px\" \/><\/a><p id=\"caption-attachment-23200\" class=\"wp-caption-text\">Frost<\/p><\/div>\n<p class=\"lRu31\" dir=\"ltr\"><span class=\"HwtZe\" lang=\"it\"><span class=\"jCAhz ChMk0b\"><span class=\"ryNqvb\">Il team legale che rappresenta Irene Cho, residente a New York, e Trudi Frost, residente a Boston, si aspetta che la detenzione si protragga per un periodo prolungato, poich\u00e9 le due si rifiutano di collaborare alla loro espulsione, mentre i loro avvocati contestano la legittimit\u00e0 dell&#8217;ordine di espulsione stesso.<\/span><\/span><\/span><\/p>\n<p class=\"lRu31\" dir=\"ltr\"><span class=\"HwtZe\" lang=\"it\"><span class=\"jCAhz ChMk0b\"><span class=\"ryNqvb\">Cho e Frost sono state arrestate nella zona di al-Khalayel ad al-Mughayyer, a nord-est di Ramallah, mentre manifestavano solidariet\u00e0 contro lo sfollamento forzato della famiglia Abu Hamam.<\/span><\/span> <span class=\"jCAhz ChMk0b\"><span class=\"ryNqvb\">L&#8217;arresto \u00e8 avvenuto dopo che le forze israeliane hanno dichiarato di aver presentato un ordine militare, valido un mese, che chiudeva l&#8217;area.<\/span><\/span> <span class=\"jCAhz ChMk0b\"><span class=\"ryNqvb\">L&#8217;area contrassegnata come off-limits nella mappa allegata all&#8217;ordine, tuttavia, non includeva la residenza di Abu Hamam, rendendo la loro detenzione illegale.<\/span><\/span> <span class=\"jCAhz\"><span class=\"ryNqvb\">Al contrario, l&#8217;area chiusa include l&#8217;avamposto che i coloni israeliani regolarmente stabiliscono per terrorizzare la famiglia.<\/span><\/span> <span class=\"jCAhz ChMk0b\"><span class=\"ryNqvb\">Ciononostante, le forze israeliane non hanno preso alcuna misura per far rispettare l&#8217;ordine contro i coloni, che continuano a molestare e aggredire la famiglia indisturbati, spesso con la collaborazione delle forze armate israeliane ufficiali.<\/span><\/span> <\/span><\/p>\n<p class=\"lRu31\" dir=\"ltr\"><span class=\"HwtZe\" lang=\"it\"><span class=\"jCAhz ChMk0b\"><span class=\"ryNqvb\">In una dichiarazione rilasciata prima del suo arresto, Frost ha affermato di essere stata motivata a fare volontariato con l&#8217;ISM perch\u00e9 &#8220;la pulizia etnica in atto in Palestina \u00e8 contro il diritto internazionale e contro l&#8217;umanit\u00e0&#8221;.<\/span><\/span> <span class=\"jCAhz ChMk0b\"><span class=\"ryNqvb\">Cho ha espresso la sua ammirazione per &#8220;la lunga tradizione di presenza protettiva e gli sforzi collettivi per ridurre la violenza dei coloni&#8221;.<\/span><\/span><\/span><\/p>\n<p dir=\"ltr\"><span class=\"jCAhz ChMk0b\"><span class=\"ryNqvb\">Frost e Cho sono state trattenute illegalmente ieri, poich\u00e9 la loro detenzione, prima di essere condotti dinnanzi a un funzionario dell&#8217;immigrazione, si \u00e8 protratta per diverse ore oltre il limite legale di 24 ore.<\/span><\/span> <span class=\"jCAhz\"><span class=\"ryNqvb\">Durante l&#8217;udienza, il funzionario si \u00e8 rifiutato di esaminare le mappe allegate all&#8217;ordine, che dimostrano che la loro detenzione era arbitraria e immotivata, oltre che effettuata per ragioni politiche.<\/span><\/span> <span class=\"jCAhz ChMk0b\"><span class=\"ryNqvb\">In ulteriore violazione del giusto processo, le autorit\u00e0 israeliane hanno impedito all&#8217;avvocato che rappresenta le due di presenziare all&#8217;interrogatorio per diverse ore, prima di riconoscere che \u00e8 loro diritto legale avere un rappresentante legale.<\/span><\/span> <span class=\"jCAhz ChMk0b\"><span class=\"ryNqvb\">Cho e Frost dovrebbero affrontare una commissione di revisione della custodia entro 72 ore dalla decisione di espulsione.<\/span><\/span><\/p>\n<p dir=\"ltr\"><span class=\"jCAhz ChMk0b\"><span class=\"ryNqvb\">A seguito della loro detenzione illegale, le due sono state interrogate per ostacolo alla libert\u00e0 vigilata e per violazione di un ordine legittimo.<\/span><\/span> <span class=\"jCAhz ChMk0b\"><span class=\"ryNqvb\">Sono state quindi trasferite al carcere di massima sicurezza di Neve Tirza prima di essere trasferite al carcere Ben Gurion per un colloquio di espulsione.<\/span><\/span><\/p>\n<p class=\"lRu31\" dir=\"ltr\"><span class=\"HwtZe\" lang=\"it\"><span class=\"jCAhz ChMk0b\"><span class=\"ryNqvb\">Per ulteriori dettagli: Mia +972-53-809-7706<\/span><\/span><\/span><\/p>\n<p class=\"OvtS8d\"><span class=\"jCAhz ChMk0b\"><span class=\"ryNqvb\">La famiglia Abu Hamam \u00e8 oggetto di continue molestie e aggressioni da parte di coloni e forze armate israeliane da oltre un anno, nel tentativo di cacciarli dalle loro terre.<\/span><\/span> <span class=\"jCAhz ChMk0b\"><span class=\"ryNqvb\">Nell&#8217;ultima settimana, questi tentativi si sono intensificati drasticamente, con attacchi quasi quotidiani.<\/span><\/span><\/p>\n<p class=\"OvtS8d\"><span class=\"jCAhz ChMk0b\"><span class=\"ryNqvb\">Domenica scorsa, 7 dicembre 2025, un attacco dei coloni contro la famiglia ha avuto luogo in concomitanza con un raid militare nel villaggio, impedendo ai residenti e ai medici di intervenire in aiuto della famiglia.<\/span><\/span> <span class=\"jCAhz ChMk0b\"><span class=\"ryNqvb\">L&#8217;attacco ha provocato il ferimento della matriarca della famiglia, Fadda Abu Naim, 59 anni, e del tredicenne Riziq Abu Naim, oltre a due cittadini britannici, un colombiano-americano e un francese.<\/span><\/span> <span class=\"jCAhz ChMk0b\"><span class=\"ryNqvb\">Il giorno successivo, luned\u00ec 8 dicembre, i coloni hanno smantellato capannoni di lamiera ondulata di propriet\u00e0 palestinese sotto la protezione dell&#8217;esercito.<\/span><\/span> <span class=\"jCAhz ChMk0b\"><span class=\"ryNqvb\">Mercoled\u00ec 10 dicembre, un&#8217;unit\u00e0 militare ha fatto irruzione nella propriet\u00e0 della famiglia, esibendo un ordine di zona militare di 24 ore, e ha arrestato un cittadino statunitense e un cittadino australiano.<\/span><\/span> <span class=\"jCAhz ChMk0b\"><span class=\"ryNqvb\">Venerd\u00ec si \u00e8 verificato l&#8217;arresto illegale di Cho e Frost, mentre sabato e domenica si sono verificati diversi raid militari, alla ricerca di attivisti solidali.<\/span><\/span> <span class=\"jCAhz ChMk0b\"><span class=\"ryNqvb\">Nel frattempo, ai coloni \u00e8 consentito vagare nella zona indisturbati, attaccando e molestando le comunit\u00e0 palestinesi.<\/span><\/span><\/p>\n<p class=\"OvtS8d\"><span class=\"jCAhz ChMk0b\"><span class=\"ryNqvb\">Questi attacchi da parte di coloni e soldati mirano a sfrattare con la forza la famiglia Abu Hamam dalla sua terra, nell&#8217;ambito dell&#8217;attuazione della politica israeliana di pulizia etnica dei palestinesi.<\/span><\/span> <span class=\"jCAhz ChMk0b\"><span class=\"ryNqvb\">In questo caso, lo sfratto della famiglia consentir\u00e0 anche a Israele di creare una linea di insediamenti e avamposti che si estende dall&#8217;area di Ramallah Est a quella di Nablus Sud, e da l\u00ec fino alla Valle del Giordano.<\/span><\/span><\/p>\n<div class=\"UdTY9 WdefRb\" aria-hidden=\"true\" data-location=\"2\"><\/div>\n","protected":false},"excerpt":{"rendered":"<p>14 dicembre 2025 US Activists Imprisoned by Israel while Challenging Deportation &#8211; Home PER LA PUBBLICAZIONE IMMEDIATA 14 dicembre 2025 Irene Cho e Trudi Frost sono state arrestate mercoled\u00ec 12 dicembre nel villaggio di al-Mughayyer, in Cisgiordania, mentre si trovavano &hellip; <a href=\"https:\/\/reteitalianaism.it\/reteism\/index.php\/2025\/12\/14\/attivisti-statunitensi-imprigionati-da-israele-mentre-contestano-la-deportazione\/\">Continue reading <span class=\"meta-nav\">&rarr;<\/span><\/a><\/p>\n","protected":false},"author":6,"featured_media":0,"comment_status":"open","ping_status":"open","sticky":false,"template":"","format":"standard","meta":{"footnotes":""},"categories":[3],"tags":[1036,488,721,179,37],"class_list":["post-23197","post","type-post","status-publish","format-standard","hentry","category-info","tag-al-mughayyr","tag-attivisti","tag-diritto-internazionale","tag-genocidio","tag-occupazione"],"_links":{"self":[{"href":"https:\/\/reteitalianaism.it\/reteism\/index.php\/wp-json\/wp\/v2\/posts\/23197","targetHints":{"allow":["GET"]}}],"collection":[{"href":"https:\/\/reteitalianaism.it\/reteism\/index.php\/wp-json\/wp\/v2\/posts"}],"about":[{"href":"https:\/\/reteitalianaism.it\/reteism\/index.php\/wp-json\/wp\/v2\/types\/post"}],"author":[{"embeddable":true,"href":"https:\/\/reteitalianaism.it\/reteism\/index.php\/wp-json\/wp\/v2\/users\/6"}],"replies":[{"embeddable":true,"href":"https:\/\/reteitalianaism.it\/reteism\/index.php\/wp-json\/wp\/v2\/comments?post=23197"}],"version-history":[{"count":1,"href":"https:\/\/reteitalianaism.it\/reteism\/index.php\/wp-json\/wp\/v2\/posts\/23197\/revisions"}],"predecessor-version":[{"id":23201,"href":"https:\/\/reteitalianaism.it\/reteism\/index.php\/wp-json\/wp\/v2\/posts\/23197\/revisions\/23201"}],"wp:attachment":[{"href":"https:\/\/reteitalianaism.it\/reteism\/index.php\/wp-json\/wp\/v2\/media?parent=23197"}],"wp:term":[{"taxonomy":"category","embeddable":true,"href":"https:\/\/reteitalianaism.it\/reteism\/index.php\/wp-json\/wp\/v2\/categories?post=23197"},{"taxonomy":"post_tag","embeddable":true,"href":"https:\/\/reteitalianaism.it\/reteism\/index.php\/wp-json\/wp\/v2\/tags?post=23197"}],"curies":[{"name":"wp","href":"https:\/\/api.w.org\/{rel}","templated":true}]}}