{"id":23237,"date":"2025-12-24T19:21:56","date_gmt":"2025-12-24T18:21:56","guid":{"rendered":"https:\/\/reteitalianaism.it\/reteism\/?p=23237"},"modified":"2025-12-24T19:22:08","modified_gmt":"2025-12-24T18:22:08","slug":"il-natale-non-e-una-storia-occidentale-e-una-storia-palestinese","status":"publish","type":"post","link":"https:\/\/reteitalianaism.it\/reteism\/index.php\/2025\/12\/24\/il-natale-non-e-una-storia-occidentale-e-una-storia-palestinese\/","title":{"rendered":"Il Natale non \u00e8 una storia occidentale, \u00e8 una storia palestinese"},"content":{"rendered":"<p>24 dicembre 2025, di R<a href=\"https:\/\/www.aljazeera.com\/author\/rev-dr-munther-isaac\">ev Dr. Munther Isaac<\/a><\/p>\n<p><a href=\"https:\/\/www.aljazeera.com\/opinions\/2025\/12\/24\/christmas-is-not-a-western-story-it-is-a-palestinian-one\">Christmas is not a Western story \u2013 it is a Palestinian one | Opinions | Al Jazeera<\/a><\/p>\n<p><em>Il Natale \u00e8 una storia di impero, ingiustizia e vulnerabilit\u00e0 delle persone comuni che si trovano sulla sua strada.<\/em><\/p>\n<p><div id=\"attachment_23238\" style=\"width: 471px\" class=\"wp-caption aligncenter\"><a href=\"http:\/\/reteitalianaism.it\/reteism\/wp-content\/uploads\/2025\/12\/2025-12-24T053912Z_2057385962_RC2TMIA1JM6G_RTRMADP_3_CHRISTMAS-SEASON-PATRIARCH-1766562814.webp\"><img loading=\"lazy\" decoding=\"async\" aria-describedby=\"caption-attachment-23238\" class=\" wp-image-23238\" src=\"http:\/\/reteitalianaism.it\/reteism\/wp-content\/uploads\/2025\/12\/2025-12-24T053912Z_2057385962_RC2TMIA1JM6G_RTRMADP_3_CHRISTMAS-SEASON-PATRIARCH-1766562814-300x200.webp\" alt=\"\" width=\"461\" height=\"307\" srcset=\"https:\/\/reteitalianaism.it\/reteism\/wp-content\/uploads\/2025\/12\/2025-12-24T053912Z_2057385962_RC2TMIA1JM6G_RTRMADP_3_CHRISTMAS-SEASON-PATRIARCH-1766562814-300x200.webp 300w, https:\/\/reteitalianaism.it\/reteism\/wp-content\/uploads\/2025\/12\/2025-12-24T053912Z_2057385962_RC2TMIA1JM6G_RTRMADP_3_CHRISTMAS-SEASON-PATRIARCH-1766562814-768x512.webp 768w, https:\/\/reteitalianaism.it\/reteism\/wp-content\/uploads\/2025\/12\/2025-12-24T053912Z_2057385962_RC2TMIA1JM6G_RTRMADP_3_CHRISTMAS-SEASON-PATRIARCH-1766562814.webp 770w\" sizes=\"auto, (max-width: 461px) 100vw, 461px\" \/><\/a><p id=\"caption-attachment-23238\" class=\"wp-caption-text\">Il sole sorge sulla Chiesa della Nativit\u00e0 a Betlemme, nella Cisgiordania occupata da Israele, il 24 dicembre 2025 [Yosri Aljamal\/Reuters]<\/p><\/div><span class=\"jCAhz ChMk0b\"><span class=\"ryNqvb\">Ogni dicembre, gran parte del mondo cristiano entra in un consueto ciclo di celebrazioni: canti natalizi, luci, alberi addobbati, frenesia consumistica e le calde immagini di una notte innevata.<\/span><\/span> <span class=\"jCAhz ChMk0b\"><span class=\"ryNqvb\">Negli Stati Uniti e in Europa, il discorso pubblico parla spesso di &#8220;valori cristiani occidentali&#8221;, o persino della vaga nozione di &#8220;civilt\u00e0 giudaico-cristiana&#8221;.<\/span><\/span> <span class=\"jCAhz ChMk0b\"><span class=\"ryNqvb\">Queste espressioni sono diventate cos\u00ec comuni che molti danno per scontato, quasi automaticamente, che il cristianesimo sia intrinsecamente una religione occidentale, un&#8217;espressione della cultura, della storia e dell&#8217;identit\u00e0 europea.<\/span><\/span><\/p>\n<p><span class=\"jCAhz\"><span class=\"ryNqvb\">Non lo \u00e8.<\/span><\/span><!--more--><\/p>\n<p><span class=\"jCAhz ChMk0b\"><span class=\"ryNqvb\">Il cristianesimo \u00e8, ed \u00e8 sempre stato, una religione dell&#8217;Asia occidentale\/mediorientale.<\/span><\/span> <span class=\"jCAhz ChMk0b\"><span class=\"ryNqvb\">La sua geografia, la sua cultura, la sua visione del mondo e le sue storie fondative affondano le radici in questa terra, tra popoli, lingue e strutture sociali che assomigliano molto di pi\u00f9 a quelle della Palestina, della Siria, del Libano, dell&#8217;Iraq e della Giordania di oggi, rispetto a qualsiasi cosa si possa immaginare in Europa.<\/span><\/span> <span class=\"jCAhz ChMk0b\"><span class=\"ryNqvb\">Persino l&#8217;ebraismo, evocato con l&#8217;espressione &#8220;valori giudaico-cristiani&#8221;, \u00e8 di per s\u00e9 un fenomeno prettamente mediorientale.<\/span><\/span> <span class=\"jCAhz ChMk0b\"><span class=\"ryNqvb\">L&#8217;Occidente ha ricevuto il cristianesimo, non l&#8217;ha certo generato.<\/span><\/span><\/p>\n<p><span class=\"jCAhz ChMk0b\"><span class=\"ryNqvb\"> E forse nulla rivela pi\u00f9 nettamente la distanza tra le origini del cristianesimo e la sua espressione occidentale contemporanea del Natale: la storia della nascita di un ebreo palestinese, figlio di questa terra, nato molto prima che emergessero i confini e le identit\u00e0 moderne.<\/span><\/span><\/p>\n<p><span class=\"jCAhz ChMk0b\"><span class=\"ryNqvb\"><strong>Cosa ha fatto l&#8217;Occidente del Natale<\/strong><br \/>\n<\/span><\/span><span class=\"jCAhz ChMk0b\"><span class=\"ryNqvb\">In Occidente, il Natale \u00e8 un mercato culturale.<\/span><\/span> <span class=\"jCAhz ChMk0b\"><span class=\"ryNqvb\">\u00c8 commercializzato, romanticizzato e avvolto da strati di sentimentalismo.<\/span><\/span> <span class=\"jCAhz ChMk0b\"><span class=\"ryNqvb\">I regali sfarzosi mettono in ombra qualsiasi preoccupazione per i poveri.<\/span><\/span> <span class=\"jCAhz ChMk0b\"><span class=\"ryNqvb\">La stagione \u00e8 diventata una rappresentazione di abbondanza, nostalgia e consumismo, una festa spogliata del suo nucleo teologico e morale.<\/span><\/span><\/p>\n<p><span class=\"jCAhz ChMk0b\"><span class=\"ryNqvb\">Persino i versi familiari del canto natalizio &#8220;Astro del ciel&#8221; oscurano la vera natura della storia: Ges\u00f9 non nacque nella serenit\u00e0, ma nel tumulto.<\/span><\/span><\/p>\n<p><span class=\"jCAhz ChMk0b\"><span class=\"ryNqvb\">Nacque sotto l&#8217;occupazione militare, in una famiglia sfollata per decreto imperiale, in una regione che viveva all&#8217;ombra della violenza.<\/span><\/span> <span class=\"jCAhz ChMk0b\"><span class=\"ryNqvb\">La sacra famiglia fu costretta a fuggire come rifugiata perch\u00e9 i bambini di Betlemme, secondo il racconto evangelico, furono massacrati da un tiranno temibile determinato a preservare il suo regno.<\/span><\/span> <span class=\"jCAhz\"><span class=\"ryNqvb\">Vi suona familiare?<\/span><\/span><\/p>\n<p><span class=\"jCAhz ChMk0b\"><span class=\"ryNqvb\">In effetti, il Natale \u00e8 una storia di impero, ingiustizia e vulnerabilit\u00e0 della gente comune che si ritrova intrappolata nel suo cammino.<\/span><\/span><\/p>\n<p><span class=\"jCAhz ChMk0b\"><span class=\"ryNqvb\"><strong>Betlemme: Immaginazione vs realt\u00e0<\/strong><br \/>\nPer molti in Occidente, Betlemme \u2013 il luogo di nascita di Ges\u00f9 \u2013 \u00e8 un luogo di fantasia, una cartolina dell&#8217;antichit\u00e0, congelata nel tempo.<\/span><\/span> <span class=\"jCAhz ChMk0b\"><span class=\"ryNqvb\">La &#8220;piccola citt\u00e0&#8221; \u00e8 ricordata come un pittoresco villaggio delle Scritture piuttosto che come una citt\u00e0 viva e pulsante, abitata da persone reali, con una storia e una cultura distinte.<\/span><\/span><\/p>\n<p><span class=\"jCAhz\"><span class=\"ryNqvb\">Betlemme oggi \u00e8 circondata da mura e posti di blocco costruiti da un occupante.<\/span><\/span> <span class=\"jCAhz ChMk0b\"><span class=\"ryNqvb\">I suoi abitanti vivono in un sistema di apartheid e frammentazione.<\/span><\/span> <span class=\"jCAhz ChMk0b\"><span class=\"ryNqvb\">Molti si sentono tagliati fuori, non solo da Gerusalemme \u2013 che l&#8217;occupante non permette loro di visitare \u2013 ma anche dall&#8217;immaginario cristiano globale che venera il passato di Betlemme ignorandone spesso il presente.<\/span><\/span><\/p>\n<p><span class=\"jCAhz ChMk0b\"><span class=\"ryNqvb\">Questo sentimento spiega anche perch\u00e9 cos\u00ec tante persone in Occidente, mentre celebrano il Natale, si preoccupino poco dei cristiani di Betlemme.<\/span><\/span> <span class=\"jCAhz ChMk0b\"><span class=\"ryNqvb\">Peggio ancora, molti abbracciano teologie e atteggiamenti politici che cancellano o ignorano completamente la nostra presenza per sostenere Israele, l&#8217;impero di oggi.<\/span><\/span><\/p>\n<p><span class=\"jCAhz ChMk0b\"><span class=\"ryNqvb\">In questi contesti, l&#8217;antica Betlemme \u00e8 venerata come un&#8217;idea sacra, ma la Betlemme moderna \u2013 con i suoi cristiani palestinesi che soffrono e lottano per sopravvivere \u2013 \u00e8 una realt\u00e0 scomoda che deve essere ignorata.<\/span><\/span><\/p>\n<p><span class=\"jCAhz\"><span class=\"ryNqvb\">Questa disconnessione \u00e8 importante.<\/span><\/span> <span class=\"jCAhz ChMk0b\"><span class=\"ryNqvb\">Quando i cristiani occidentali dimenticano che Betlemme \u00e8 reale, si disconnettono dalle loro radici spirituali.<\/span><\/span> <span class=\"jCAhz ChMk0b\"><span class=\"ryNqvb\">E quando dimenticano che Betlemme \u00e8 reale, dimenticano anche che la storia del Natale \u00e8 reale.<\/span><\/span><\/p>\n<p><span class=\"jCAhz ChMk0b\"><span class=\"ryNqvb\">Dimenticano che si \u00e8 svolta tra un popolo che ha vissuto sotto l&#8217;impero, che ha affrontato lo sfollamento, che desiderava giustizia e che credeva che Dio non fosse distante, ma in mezzo a loro.<\/span><\/span><\/p>\n<p><span class=\"jCAhz ChMk0b\"><span class=\"ryNqvb\"><strong>Cosa significa il Natale per Betlemme<\/strong><br \/>\nAllora, come appare il Natale se raccontato dalla prospettiva di chi vive ancora dove tutto ha avuto inizio: i cristiani palestinesi?<\/span><\/span> <span class=\"jCAhz\"><span class=\"ryNqvb\">Che significato ha per una piccola comunit\u00e0 che ha preservato la propria fede per due millenni?<\/span><\/span><\/p>\n<p><span class=\"jCAhz ChMk0b\"><span class=\"ryNqvb\">Nel profondo, il Natale \u00e8 la storia della solidariet\u00e0 di Dio. \u00c8 la storia di Dio che non governa da lontano, ma \u00e8 presente tra il popolo e si schiera dalla parte di chi \u00e8 ai margini.<\/span><\/span> <span class=\"jCAhz ChMk0b\"><span class=\"ryNqvb\">L&#8217;incarnazione \u2013 la fede che Dio si \u00e8 fatto carne \u2013 non \u00e8 un&#8217;astrazione metafisica.<\/span><\/span><\/p>\n<p><span class=\"jCAhz ChMk0b\"><span class=\"ryNqvb\">\u00c8 un&#8217;affermazione radicale su dove Dio sceglie di dimorare: nella vulnerabilit\u00e0, nella povert\u00e0, tra gli occupati, tra coloro che non hanno altro potere se non quello della speranza<\/span><\/span><\/p>\n<p><span class=\"jCAhz ChMk0b\"><span class=\"ryNqvb\">Nella storia di Betlemme, Dio non si identifica con gli imperatori, ma con coloro che soffrono sotto l&#8217;impero \u2013 le sue vittime.<\/span><\/span> <span class=\"jCAhz ChMk0b\"><span class=\"ryNqvb\">Dio non viene come un guerriero, ma come un bambino.<\/span><\/span> <span class=\"jCAhz\"><span class=\"ryNqvb\">Dio \u00e8 presente non in un palazzo, ma in una mangiatoia.<\/span><\/span> <span class=\"jCAhz ChMk0b\"><span class=\"ryNqvb\">Questa \u00e8 la solidariet\u00e0 divina nella sua forma pi\u00f9 sorprendente: Dio si unisce alla parte pi\u00f9 vulnerabile dell&#8217;umanit\u00e0.<\/span><\/span><\/p>\n<p><span class=\"jCAhz ChMk0b\"><span class=\"ryNqvb\">Il Natale, quindi, \u00e8 la proclamazione di un Dio che si confronta con la logica dell&#8217;impero.<\/span><\/span><\/p>\n<p><span class=\"jCAhz\"><span class=\"ryNqvb\">Per i palestinesi di oggi, questa non \u00e8 solo teologia, \u00e8 esperienza vissuta.<\/span><\/span> <span class=\"jCAhz ChMk0b\"><span class=\"ryNqvb\">Quando leggiamo la storia di Natale, riconosciamo il nostro mondo: il censimento che costrinse Maria e Giuseppe a viaggiare assomiglia ai permessi, ai posti di blocco e ai controlli burocratici che plasmano la nostra vita quotidiana oggi.<\/span><\/span> <span class=\"jCAhz ChMk0b\"><span class=\"ryNqvb\">La fuga della Sacra Famiglia risuona con i milioni di rifugiati fuggiti dalle guerre nella nostra regione.<\/span><\/span> <span class=\"jCAhz ChMk0b\"><span class=\"ryNqvb\">La violenza di Erode riecheggia nella violenza che vediamo intorno a noi.<\/span><\/span><\/p>\n<p><span class=\"jCAhz ChMk0b\"><span class=\"ryNqvb\">Il Natale \u00e8 una storia palestinese per eccellenza.<\/span><\/span><\/p>\n<p><span class=\"jCAhz ChMk0b\"><span class=\"ryNqvb\"><strong>Un messaggio al mondo<\/strong><br \/>\nBetlemme celebra il Natale per la prima volta dopo due anni senza festeggiamenti pubblici.<\/span><\/span> <span class=\"jCAhz ChMk0b\"><span class=\"ryNqvb\">\u00c8 stato doloroso ma necessario per noi annullare le nostre celebrazioni;<\/span><\/span> <span class=\"jCAhz\"><span class=\"ryNqvb\">non avevamo scelta.<\/span><\/span><\/p>\n<p><span class=\"jCAhz\"><span class=\"ryNqvb\">A Gaza si stava svolgendo un genocidio e, come persone che vivono ancora nella patria del Natale, non potevamo fingere il contrario.<\/span><\/span> <span class=\"jCAhz ChMk0b\"><span class=\"ryNqvb\">Non potevamo celebrare la nascita di Ges\u00f9 mentre bambini della sua et\u00e0 venivano estratti morti dalle macerie.<\/span><\/span><\/p>\n<p><span class=\"jCAhz ChMk0b\"><span class=\"ryNqvb\">Celebrare questa stagione non significa che la guerra, il genocidio o le strutture dell&#8217;apartheid siano finiti.<\/span><\/span> <span class=\"jCAhz\"><span class=\"ryNqvb\">Le persone continuano a essere uccise.<\/span><\/span> <span class=\"jCAhz\"><span class=\"ryNqvb\">Siamo ancora assediati.<\/span><\/span><\/p>\n<p><span class=\"jCAhz ChMk0b\"><span class=\"ryNqvb\">Al contrario, la nostra celebrazione \u00e8 un atto di resilienza, una dichiarazione che siamo ancora qui, che Betlemme rimane la capitale del Natale e che la storia che questa citt\u00e0 racconta deve continuare.<\/span><\/span><\/p>\n<p><span class=\"jCAhz ChMk0b\"><span class=\"ryNqvb\">In un momento in cui il discorso politico occidentale strumentalizza sempre pi\u00f9 il cristianesimo come indicatore di identit\u00e0 culturale, spesso escludendo proprio le persone tra cui il cristianesimo \u00e8 nato, \u00e8 fondamentale tornare alle radici di questa storia.<\/span><\/span><\/p>\n<p><span class=\"jCAhz ChMk0b\"><span class=\"ryNqvb\">Questo Natale, il nostro invito alla Chiesa globale \u2013 e in particolare ai cristiani occidentali \u2013 \u00e8 di ricordare dove la storia ha avuto inizio.<\/span><\/span> <span class=\"jCAhz ChMk0b\"><span class=\"ryNqvb\">Di ricordare che Betlemme non \u00e8 un mito, ma un luogo dove la gente vive ancora.<\/span><\/span> <span class=\"jCAhz\"><span class=\"ryNqvb\">Se il mondo cristiano vuole onorare il significato del Natale, deve rivolgere lo sguardo a Betlemme \u2013 non quella immaginaria, ma quella reale, una citt\u00e0 i cui abitanti ancora oggi invocano giustizia, dignit\u00e0 e pace.<\/span><\/span><\/p>\n<p><span class=\"jCAhz\"><span class=\"ryNqvb\">Ricordare Betlemme significa ricordare che Dio \u00e8 dalla parte degli oppressi \u2013 e che i seguaci di Ges\u00f9 sono chiamati a fare lo stesso.<\/span><\/span><\/p>\n<p><em><span class=\"jCAhz ChMk0b\"><span class=\"ryNqvb\">Le opinioni espresse in questo articolo sono dell&#8217;autore e non riflettono necessariamente la posizione editoriale di Al Jazeera.<\/span><\/span><\/em><\/p>\n","protected":false},"excerpt":{"rendered":"<p>24 dicembre 2025, di Rev Dr. Munther Isaac Christmas is not a Western story \u2013 it is a Palestinian one | Opinions | Al Jazeera Il Natale \u00e8 una storia di impero, ingiustizia e vulnerabilit\u00e0 delle persone comuni che si &hellip; <a href=\"https:\/\/reteitalianaism.it\/reteism\/index.php\/2025\/12\/24\/il-natale-non-e-una-storia-occidentale-e-una-storia-palestinese\/\">Continue reading <span class=\"meta-nav\">&rarr;<\/span><\/a><\/p>\n","protected":false},"author":6,"featured_media":0,"comment_status":"open","ping_status":"open","sticky":false,"template":"","format":"standard","meta":{"footnotes":""},"categories":[3,68],"tags":[25,179,210,42],"class_list":["post-23237","post","type-post","status-publish","format-standard","hentry","category-info","category-opinioni","tag-gaza","tag-genocidio","tag-palestina","tag-resistenza"],"_links":{"self":[{"href":"https:\/\/reteitalianaism.it\/reteism\/index.php\/wp-json\/wp\/v2\/posts\/23237","targetHints":{"allow":["GET"]}}],"collection":[{"href":"https:\/\/reteitalianaism.it\/reteism\/index.php\/wp-json\/wp\/v2\/posts"}],"about":[{"href":"https:\/\/reteitalianaism.it\/reteism\/index.php\/wp-json\/wp\/v2\/types\/post"}],"author":[{"embeddable":true,"href":"https:\/\/reteitalianaism.it\/reteism\/index.php\/wp-json\/wp\/v2\/users\/6"}],"replies":[{"embeddable":true,"href":"https:\/\/reteitalianaism.it\/reteism\/index.php\/wp-json\/wp\/v2\/comments?post=23237"}],"version-history":[{"count":1,"href":"https:\/\/reteitalianaism.it\/reteism\/index.php\/wp-json\/wp\/v2\/posts\/23237\/revisions"}],"predecessor-version":[{"id":23239,"href":"https:\/\/reteitalianaism.it\/reteism\/index.php\/wp-json\/wp\/v2\/posts\/23237\/revisions\/23239"}],"wp:attachment":[{"href":"https:\/\/reteitalianaism.it\/reteism\/index.php\/wp-json\/wp\/v2\/media?parent=23237"}],"wp:term":[{"taxonomy":"category","embeddable":true,"href":"https:\/\/reteitalianaism.it\/reteism\/index.php\/wp-json\/wp\/v2\/categories?post=23237"},{"taxonomy":"post_tag","embeddable":true,"href":"https:\/\/reteitalianaism.it\/reteism\/index.php\/wp-json\/wp\/v2\/tags?post=23237"}],"curies":[{"name":"wp","href":"https:\/\/api.w.org\/{rel}","templated":true}]}}