{"id":23308,"date":"2026-01-03T19:47:35","date_gmt":"2026-01-03T18:47:35","guid":{"rendered":"https:\/\/reteitalianaism.it\/reteism\/?p=23308"},"modified":"2026-01-03T19:47:43","modified_gmt":"2026-01-03T18:47:43","slug":"un-anno-a-972-le-scelte-degli-editori-per-il-2025","status":"publish","type":"post","link":"https:\/\/reteitalianaism.it\/reteism\/index.php\/2026\/01\/03\/un-anno-a-972-le-scelte-degli-editori-per-il-2025\/","title":{"rendered":"Un anno a +972: le scelte degli editori per il 2025"},"content":{"rendered":"<p>31 dicembre 2025<\/p>\n<p><a href=\"https:\/\/www.972mag.com\/a-year-in-972-editors-picks-2025\/\">A year in +972: Editors\u2019 picks for 2025<\/a><\/p>\n<p><em>Tra i quasi 250 articoli pubblicati quest&#8217;anno, abbiamo scelto le otto storie che hanno riscosso maggiore successo nel nostro team.<\/em><\/p>\n<div id=\"attachment_23309\" style=\"width: 443px\" class=\"wp-caption aligncenter\"><a href=\"http:\/\/reteitalianaism.it\/reteism\/wp-content\/uploads\/2026\/01\/1.jpg\"><img loading=\"lazy\" decoding=\"async\" aria-describedby=\"caption-attachment-23309\" class=\" wp-image-23309\" src=\"http:\/\/reteitalianaism.it\/reteism\/wp-content\/uploads\/2026\/01\/1-300x201.jpg\" alt=\"\" width=\"433\" height=\"290\" srcset=\"https:\/\/reteitalianaism.it\/reteism\/wp-content\/uploads\/2026\/01\/1-300x201.jpg 300w, https:\/\/reteitalianaism.it\/reteism\/wp-content\/uploads\/2026\/01\/1-1024x684.jpg 1024w, https:\/\/reteitalianaism.it\/reteism\/wp-content\/uploads\/2026\/01\/1-768x513.jpg 768w, https:\/\/reteitalianaism.it\/reteism\/wp-content\/uploads\/2026\/01\/1.jpg 1200w\" sizes=\"auto, (max-width: 433px) 100vw, 433px\" \/><\/a><p id=\"caption-attachment-23309\" class=\"wp-caption-text\">Foto: Emily Glick, Yonatan Sindel, Abed Rahim Khatib (Flash90)<\/p><\/div>\n<p><span class=\"jCAhz ChMk0b\"><span class=\"ryNqvb\">\u00c8 stato un altro anno epocale e angosciante per Israele e Palestina.<\/span><\/span> <span class=\"jCAhz ChMk0b\"><span class=\"ryNqvb\">Il genocidio israeliano a Gaza ha avuto alti e bassi senza mai placarsi del tutto;<\/span><\/span> <span class=\"jCAhz\"><span class=\"ryNqvb\">i pogrom dei coloni sostenuti dallo stato israeliano hanno raggiunto livelli record, intensificando gli sforzi per la pulizia etnica della Cisgiordania;<\/span><\/span> <span class=\"jCAhz ChMk0b\"><span class=\"ryNqvb\">e la crociata del governo israeliano contro le libert\u00e0 civili dei propri cittadini \u00e8 stata incessante.<\/span><\/span><\/p>\n<p><span class=\"jCAhz ChMk0b\"><span class=\"ryNqvb\">Qui a +972 Magazine, sono state le nostre inchieste ad aver ricevuto la maggiore attenzione da parte dei lettori quest&#8217;anno: dalla fuga di notizie del database dell&#8217;intelligence israeliana che indicava che l&#8217;83% delle vittime di Gaza erano civili, alla rivelazione che l&#8217;esercito israeliano stava trasformando in armi i sottoprodotti tossici delle sue bombe per asfissiare i militanti di Hamas, uccidendo ostaggi israeliani.<\/span><\/span> <span class=\"jCAhz ChMk0b\"><span class=\"ryNqvb\">Ma volevamo dare ai nostri lettori la possibilit\u00e0 di tornare ad altri articoli che potrebbero essersi persi durante il turbine degli ultimi 12 mesi.<\/span><\/span><\/p>\n<p><span class=\"jCAhz ChMk0b\"><span class=\"ryNqvb\">Tra i quasi 250 articoli pubblicati su +972 quest&#8217;anno, che spaziano da reportage, analisi e editoriali a interviste, mini-documentari e podcast, abbiamo selezionato quelli che pi\u00f9 hanno colpito il nostro team.<\/span><\/span> <span class=\"jCAhz ChMk0b\"><span class=\"ryNqvb\">Ci auguriamo che li leggiate, li condividiate e continuiate a seguirci anche quest&#8217;anno.<\/span><\/span><!--more--><\/p>\n<p><strong>Ghousoon Bisharat (caporedattore)<\/strong><\/p>\n<p><a href=\"https:\/\/www.972mag.com\/awdah-hathaleen-slain-israeli-settler\/\">Umm Al-Khair mourns activist slain by Israeli settler<\/a> (di Basil Adra, Yuval Abraham, Oren Ziv)<\/p>\n<p><span class=\"jCAhz ChMk0b\"><span class=\"ryNqvb\">L&#8217;uccisione di Awdah Hathaleen da parte di un colono israeliano non \u00e8 stata solo una notizia per noi di +972.<\/span><\/span> <span class=\"jCAhz ChMk0b\"><span class=\"ryNqvb\">Era un amico e un collega, che da anni scriveva per la rivista della lotta non violenta del suo piccolo villaggio contro la gigantesca macchina dell&#8217;apartheid israeliana.<\/span><\/span><\/p>\n<div id=\"attachment_23310\" style=\"width: 405px\" class=\"wp-caption aligncenter\"><a href=\"http:\/\/reteitalianaism.it\/reteism\/wp-content\/uploads\/2026\/01\/2.jpg\"><img loading=\"lazy\" decoding=\"async\" aria-describedby=\"caption-attachment-23310\" class=\" wp-image-23310\" src=\"http:\/\/reteitalianaism.it\/reteism\/wp-content\/uploads\/2026\/01\/2-300x200.jpg\" alt=\"\" width=\"395\" height=\"263\" srcset=\"https:\/\/reteitalianaism.it\/reteism\/wp-content\/uploads\/2026\/01\/2-300x200.jpg 300w, https:\/\/reteitalianaism.it\/reteism\/wp-content\/uploads\/2026\/01\/2-1024x682.jpg 1024w, https:\/\/reteitalianaism.it\/reteism\/wp-content\/uploads\/2026\/01\/2-768x512.jpg 768w, https:\/\/reteitalianaism.it\/reteism\/wp-content\/uploads\/2026\/01\/2-1536x1023.jpg 1536w, https:\/\/reteitalianaism.it\/reteism\/wp-content\/uploads\/2026\/01\/2.jpg 1600w\" sizes=\"auto, (max-width: 395px) 100vw, 395px\" \/><\/a><p id=\"caption-attachment-23310\" class=\"wp-caption-text\">Awdah Hathaleen con il suo figlio maggiore, Watan, a Umm Al-Khair, in Cisgiordania, marzo 2021. (Emily Glick)<\/p><\/div>\n<p><span class=\"jCAhz ChMk0b\"><span class=\"ryNqvb\">Ho incontrato Awdah un paio di volte a Umm Al-Khair.<\/span><\/span> <span class=\"jCAhz ChMk0b\"><span class=\"ryNqvb\">Mi ha sempre accolto con un grande sorriso e un tono arrabbiato \u2013 non rabbia verso di me, ma piuttosto verso la realt\u00e0 che voleva cos\u00ec disperatamente cambiare.<\/span><\/span> <span class=\"jCAhz ChMk0b\"><span class=\"ryNqvb\">Awdah era sempre pronto ad aiutare, sempre generoso con il suo tempo e la sua attenzione.<\/span><\/span><\/p>\n<p><span class=\"jCAhz ChMk0b\"><span class=\"ryNqvb\">La firma di questa storia ha accentuato il dolore.<\/span><\/span> <span class=\"jCAhz ChMk0b\"><span class=\"ryNqvb\">\u00c8 stata scritta da tre amici di Awdah alla rivista: Basel Adra, che vive in un villaggio vicino, e Oren Ziv e Yuval Abraham, che si sono precipitati l\u00ec non appena hanno saputo la notizia.<\/span><\/span> <span class=\"jCAhz ChMk0b\"><span class=\"ryNqvb\">Leggere le loro parole sull&#8217;omicidio del loro amico \u00e8 stato devastante.<\/span><\/span> <span class=\"jCAhz ChMk0b\"><span class=\"ryNqvb\">Ci\u00f2 che mi riempie ancora di rabbia \u00e8 che l&#8217;assassino di Awdah sia ancora libero, nonostante la sparatoria sia stata filmata da pi\u00f9 angolazioni.<\/span><\/span><\/p>\n<p><span class=\"jCAhz ChMk0b\"><span class=\"ryNqvb\">Qualche settimana fa, abbiamo finalmente modificato la biografia di Awdah su +972 al passato remoto e aggiunto la frase: &#8220;Nel luglio 2025, \u00e8 stato ucciso a colpi d&#8217;arma da fuoco da un colono israeliano&#8221;.<\/span><\/span> <span class=\"jCAhz ChMk0b\"><span class=\"ryNqvb\">Ci sono voluti cinque mesi per formalizzare il fatto che non \u00e8 pi\u00f9 con noi, forse perch\u00e9 nei nostri cuori continua a vivere con un grande sorriso.<\/span><\/span><\/p>\n<p><strong>Ben Reiff (Vicedirettore)<\/strong><\/p>\n<p><a href=\"https:\/\/www.972mag.com\/druze-jawlan-israel-syria-fence-reunions\/\">&#8216;I haven&#8217;t been here in 40 years&#8217;: Emotional reunions as Druze cross Israel-Syria fence<\/a> (di Oren Ziv)<\/p>\n<div id=\"attachment_23311\" style=\"width: 418px\" class=\"wp-caption aligncenter\"><a href=\"http:\/\/reteitalianaism.it\/reteism\/wp-content\/uploads\/2026\/01\/3.jpg\"><img loading=\"lazy\" decoding=\"async\" aria-describedby=\"caption-attachment-23311\" class=\" wp-image-23311\" src=\"http:\/\/reteitalianaism.it\/reteism\/wp-content\/uploads\/2026\/01\/3-300x200.jpg\" alt=\"\" width=\"408\" height=\"272\" srcset=\"https:\/\/reteitalianaism.it\/reteism\/wp-content\/uploads\/2026\/01\/3-300x200.jpg 300w, https:\/\/reteitalianaism.it\/reteism\/wp-content\/uploads\/2026\/01\/3-1024x683.jpg 1024w, https:\/\/reteitalianaism.it\/reteism\/wp-content\/uploads\/2026\/01\/3-768x512.jpg 768w, https:\/\/reteitalianaism.it\/reteism\/wp-content\/uploads\/2026\/01\/3-1536x1025.jpg 1536w, https:\/\/reteitalianaism.it\/reteism\/wp-content\/uploads\/2026\/01\/3.jpg 2000w\" sizes=\"auto, (max-width: 408px) 100vw, 408px\" \/><\/a><p id=\"caption-attachment-23311\" class=\"wp-caption-text\">Donne druse provenienti da lati opposti della recinzione di confine si abbracciano a Majdal Shams, sulle alture del Golan occupate da Israele, 17 luglio 2025. (Oren Ziv)<\/p><\/div>\n<div class=\"AxqVh\">\n<div class=\"OPPzxe\">\n<div class=\"QcsUad BDJ8fb BLojaf sMVRZe hCXDsb wneUed\">\n<div class=\"usGWQd\">\n<div class=\"KkbLmb\">\n<p class=\"lRu31\" dir=\"ltr\"><span class=\"HwtZe\" lang=\"it\"><span class=\"jCAhz ChMk0b\"><span class=\"ryNqvb\">Di recente le buone notizie sono state rare, ma questa, di luglio, ha offerto un raro barlume di speranza in un anno altrimenti cupo.<\/span><\/span> <span class=\"jCAhz ChMk0b\"><span class=\"ryNqvb\">Accogliendo l&#8217;appello del leader spirituale della loro comunit\u00e0, migliaia di drusi hanno manifestato sul lato israeliano del confine con la Siria, sulle alture del Golan (o Jawlan) occupate, in risposta all&#8217;uccisione dei loro fratelli dall&#8217;altra parte della barriera.<\/span><\/span> <span class=\"jCAhz ChMk0b\"><span class=\"ryNqvb\">Nel caos, oltre 1.000 manifestanti hanno attraversato un varco relativamente incustodito e solitamente impenetrabile, entrando in Siria per la prima volta dopo decenni.<\/span><\/span> <\/span><\/p>\n<p class=\"lRu31\" dir=\"ltr\"><span class=\"HwtZe\" lang=\"it\"><span class=\"jCAhz ChMk0b\"><span class=\"ryNqvb\">Quando Israele occup\u00f2 il Jawlan dalla Siria nel 1967, il nuovo confine militarizzato ha diviso migliaia di famiglie druse.<\/span><\/span> <span class=\"jCAhz ChMk0b\"><span class=\"ryNqvb\">Ma nell&#8217;arco di diverse ore di luglio, come immortalato da Oren Ziv in foto tanto suggestive quanto le testimonianze stesse, i drusi di entrambi i lati del confine hanno approfittato di questa violazione senza precedenti per riunirsi ai parenti, compresi i membri della famiglia nucleare, dai quali erano stati separati a lungo.<\/span><\/span> <span class=\"jCAhz ChMk0b\"><span class=\"ryNqvb\">Questa improvvisa rottura dell&#8217;ordine coloniale, seppur breve e in un contesto di ulteriore sofferenza, ha offerto uno scorcio di ci\u00f2 che la regione era un tempo e di come potrebbe ancora essere.<\/span><\/span><\/span><\/p>\n<p dir=\"ltr\"><strong>Jonathan Adler (redattore senior)<\/strong><\/p>\n<p dir=\"ltr\"><a href=\"https:\/\/www.972mag.com\/kahanism-israeli-politics-likud\/\">How Kahanism found its way into the Israeli political mainstream<\/a> (di Natasha Soffer-Roth)<\/p>\n<\/div>\n<\/div>\n<\/div>\n<\/div>\n<\/div>\n<div>\n<div id=\"attachment_23312\" style=\"width: 471px\" class=\"wp-caption aligncenter\"><a href=\"http:\/\/reteitalianaism.it\/reteism\/wp-content\/uploads\/2026\/01\/4.jpg\"><img loading=\"lazy\" decoding=\"async\" aria-describedby=\"caption-attachment-23312\" class=\" wp-image-23312\" src=\"http:\/\/reteitalianaism.it\/reteism\/wp-content\/uploads\/2026\/01\/4-300x200.jpg\" alt=\"\" width=\"461\" height=\"307\" srcset=\"https:\/\/reteitalianaism.it\/reteism\/wp-content\/uploads\/2026\/01\/4-300x200.jpg 300w, https:\/\/reteitalianaism.it\/reteism\/wp-content\/uploads\/2026\/01\/4-1024x683.jpg 1024w, https:\/\/reteitalianaism.it\/reteism\/wp-content\/uploads\/2026\/01\/4-768x512.jpg 768w, https:\/\/reteitalianaism.it\/reteism\/wp-content\/uploads\/2026\/01\/4-1536x1025.jpg 1536w, https:\/\/reteitalianaism.it\/reteism\/wp-content\/uploads\/2026\/01\/4.jpg 2048w\" sizes=\"auto, (max-width: 461px) 100vw, 461px\" \/><\/a><p id=\"caption-attachment-23312\" class=\"wp-caption-text\">I seguaci del defunto rabbino Meir Kahane, fondatore della Jewish Defense League (JDL) e del partito di estrema destra israeliano Kach, pregano sulla sua tomba nel 35\u00b0 anniversario del suo assassinio, a Gerusalemme, il 9 novembre 2025. (Yonatan Sindel\/Flash90)<\/p><\/div>\n<p><span class=\"jCAhz ChMk0b\"><span class=\"ryNqvb\">Da quando ha assunto l&#8217;incarico di ambasciatore israeliano negli Stati Uniti a gennaio, Yechiel Leiter \u00e8 apparso in prima serata sulla televisione americana \u2013 da Wolf Blitzer e Jake Tapper sulla CNN, ad ABC, NBC e PBS \u2013 solitamente per diffondere la propaganda israeliana pi\u00f9 eclatante.<\/span><\/span> <span class=\"jCAhz ChMk0b\"><span class=\"ryNqvb\">Eppure, mentre alcuni conduttori hanno dato spazio a Leiter per parlare della sua perdita personale (suo figlio Moshe \u00e8 stato ucciso in combattimento a Gaza), nessuno ha ritenuto rilevante menzionare altri dettagli del suo passato: il nativo della Pennsylvania era membro della Jewish Defense League di estrema destra, un gruppo precedentemente designato come terrorista dagli Stati Uniti, fondato dal rabbino estremista americano Meir Kahane, che si trasfer\u00ec in Israele negli anni &#8217;70 e divenne un leader del movimento per gli insediamenti ebraici in Cisgiordania.<\/span><\/span><\/p>\n<p><span class=\"jCAhz ChMk0b\"><span class=\"ryNqvb\">Questi sono alcuni dei dettagli che Natasha Soffer-Roth ha portato alla luce nel suo approfondito studio su come il kahanismo si sia fatto strada nel mainstream politico israeliano, illuminando la traiettoria decennale dell&#8217;ascesa al potere dell&#8217;estrema destra.<\/span><\/span> <span class=\"jCAhz ChMk0b\"><span class=\"ryNqvb\">Mentre la condanna internazionale spesso prende di mira i funzionari israeliani pi\u00f9 sfacciati e colpevoli \u2013 dal Primo Ministro Benjamin Netanyahu al Ministro della Sicurezza Nazionale Itamar Ben Gvir e al Ministro delle Finanze Bezalel Smotrich \u2013 un&#8217;attenzione cos\u00ec focalizzata sui singoli attori pu\u00f2 oscurare il modo in cui il kahanismo abbia pervaso cos\u00ec profondamente la sfera politica e le istituzioni statali israeliane.<\/span><\/span> <span class=\"jCAhz ChMk0b\"><span class=\"ryNqvb\">E se si pu\u00f2 affermare che la retorica genocidaria \u00e8 sempre stata parte della politica israeliana, come sostiene Soffer-Roth, la novit\u00e0 \u00e8 che retorica e politica sono ora la stessa cosa, incarnata dalla distruzione totale di Gaza.<\/span><\/span><\/p>\n<p><strong>Amos Brison (editore)<\/strong><\/p>\n<p><a href=\"https:\/\/www.972mag.com\/gaza-men-masculinity-genocide\/\">The tears of Gaza\u2019s men are an act of rebellion<\/a> (di Abdallah Aljazzar)<\/p>\n<div id=\"attachment_23313\" style=\"width: 475px\" class=\"wp-caption aligncenter\"><a href=\"http:\/\/reteitalianaism.it\/reteism\/wp-content\/uploads\/2026\/01\/5.jpg\"><img loading=\"lazy\" decoding=\"async\" aria-describedby=\"caption-attachment-23313\" class=\" wp-image-23313\" src=\"http:\/\/reteitalianaism.it\/reteism\/wp-content\/uploads\/2026\/01\/5-300x200.jpg\" alt=\"\" width=\"465\" height=\"310\" srcset=\"https:\/\/reteitalianaism.it\/reteism\/wp-content\/uploads\/2026\/01\/5-300x200.jpg 300w, https:\/\/reteitalianaism.it\/reteism\/wp-content\/uploads\/2026\/01\/5-1024x683.jpg 1024w, https:\/\/reteitalianaism.it\/reteism\/wp-content\/uploads\/2026\/01\/5-768x512.jpg 768w, https:\/\/reteitalianaism.it\/reteism\/wp-content\/uploads\/2026\/01\/5-1536x1024.jpg 1536w, https:\/\/reteitalianaism.it\/reteism\/wp-content\/uploads\/2026\/01\/5.jpg 2048w\" sizes=\"auto, (max-width: 465px) 100vw, 465px\" \/><\/a><p id=\"caption-attachment-23313\" class=\"wp-caption-text\">Palestinesi piangono la morte delle persone uccise in un attacco aereo israeliano fuori dall&#8217;ospedale Nasser a Khan Younis, nella Striscia di Gaza meridionale, il 3 giugno 2025. (Abed Rahim Khatib\/Flash90)<\/p><\/div>\n<p><span class=\"jCAhz ChMk0b\"><span class=\"ryNqvb\">Un giorno, mentre mi allontano dalla nostra tenda, la mia sorella minore mi chiede dove sia [nostro fratello] Nour. Non posso mentirle di nuovo, ma non posso nemmeno distruggere la poca speranza che ha costruito. Raccolgo pezzi di legno e metallo rotto, fingendo che siano per accendere un fuoco o ricostruire, quando in realt\u00e0 quello che sto facendo \u00e8 tenere le mani occupate per non farmi scoppiare il cuore.<\/span><\/span><\/p>\n<p><span class=\"jCAhz ChMk0b\"><span class=\"ryNqvb\">Negli ultimi due anni, la copertura mediatica delle realt\u00e0 inimmaginabili sopportate dagli abitanti della Striscia di Gaza ha spesso ridotto gli uomini di Gaza ad archetipi \u2013 di resistenza militante, fermezza o dolore e sofferenza astratti.<\/span><\/span> <span class=\"jCAhz ChMk0b\"><span class=\"ryNqvb\">Il saggio di Abdallah Aljazzar fa qualcosa di raro nella copertura del genocidio: insiste sull&#8217;interiorit\u00e0.<\/span><\/span> <span class=\"jCAhz ChMk0b\"><span class=\"ryNqvb\">Invece di ritrarre gli uomini palestinesi come simboli, si sofferma sulle complessit\u00e0 intrinseche dell&#8217;essere umano in generale, e di un uomo in particolare, in condizioni progettate per privarlo di quell&#8217;umanit\u00e0.<\/span><\/span><\/p>\n<p><span class=\"jCAhz ChMk0b\"><span class=\"ryNqvb\">Combinando la sua esperienza personale di &#8220;ingresso nell&#8217;et\u00e0 adulta sotto i bombardamenti&#8221;, di sopravvivenza a ripetute guerre e di perdita di persone care con interviste ad altri uomini di Gaza, Aljazzar mostra come una nuova forma di mascolinit\u00e0 si stia forgiando tra le rovine.<\/span><\/span> <span class=\"jCAhz ChMk0b\"><span class=\"ryNqvb\">Sebbene questa &#8220;rivendicazione della virilit\u00e0&#8221; sia imposta dall&#8217;alto dalle bombe israeliane e da decenni di privazioni sistematiche, Aljazzar la inquadra come un atto di ribellione contro la disumanizzazione.<\/span><\/span> <span class=\"jCAhz ChMk0b\"><span class=\"ryNqvb\">Rifiutando la richiesta di un silenzio stoico in condizioni incredibilmente dure, mostra come gli atti di cura \u2013 cambiare un pannolino in una tenda o condividere il dolore con degli sconosciuti \u2013 diventino forme di resistenza e come la lotta per rimanere umani non sia meno urgente della lotta per sopravvivere.<\/span><\/span><\/p>\n<p><strong>Dikla Taylor-Sheinman (editrice)<\/strong><\/p>\n<p><a href=\"https:\/\/www.972mag.com\/between-a-revolution-and-a-whisper\/\">Between a revolution and a whisper<\/a> (di Thawra Abukhdeir)<\/p>\n<div id=\"attachment_23314\" style=\"width: 453px\" class=\"wp-caption aligncenter\"><a href=\"http:\/\/reteitalianaism.it\/reteism\/wp-content\/uploads\/2026\/01\/6.jpg\"><img loading=\"lazy\" decoding=\"async\" aria-describedby=\"caption-attachment-23314\" class=\" wp-image-23314\" src=\"http:\/\/reteitalianaism.it\/reteism\/wp-content\/uploads\/2026\/01\/6-300x200.jpg\" alt=\"\" width=\"443\" height=\"295\" srcset=\"https:\/\/reteitalianaism.it\/reteism\/wp-content\/uploads\/2026\/01\/6-300x200.jpg 300w, https:\/\/reteitalianaism.it\/reteism\/wp-content\/uploads\/2026\/01\/6-1024x683.jpg 1024w, https:\/\/reteitalianaism.it\/reteism\/wp-content\/uploads\/2026\/01\/6-768x512.jpg 768w, https:\/\/reteitalianaism.it\/reteism\/wp-content\/uploads\/2026\/01\/6-1536x1024.jpg 1536w, https:\/\/reteitalianaism.it\/reteism\/wp-content\/uploads\/2026\/01\/6.jpg 2048w\" sizes=\"auto, (max-width: 443px) 100vw, 443px\" \/><\/a><p id=\"caption-attachment-23314\" class=\"wp-caption-text\">Manifestante palestinese batte su una pentola durante una manifestazione contro la carestia e il genocidio in corso a Gaza da parte di Israele, ad Haifa, il 24 luglio 2025. (Avishay Mohar\/Activestills)<\/p><\/div>\n<p><span class=\"jCAhz ChMk0b\"><span class=\"ryNqvb\">Nel mio lavoro di editor, di solito \u00e8 facile mantenere una certa distanza professionale dagli autori.<\/span><\/span> <span class=\"jCAhz\"><span class=\"ryNqvb\">Ma mentre lavoravo con Thawra a questo articolo, \u00e8 successo qualcosa di insolito: la sezione commenti del nostro documento Google condiviso ha lentamente iniziato ad assomigliare a uno scambio di messaggi personali.<\/span><\/span> <span class=\"jCAhz ChMk0b\"><span class=\"ryNqvb\">Quel cambiamento \u00e8 sembrato pi\u00f9 una risposta al lavoro stesso, alla cura che richiedeva e alla necessit\u00e0 di coglierne la trama emotiva con sensibilit\u00e0 e precisione.<\/span><\/span><\/p>\n<p><span class=\"jCAhz\"><span class=\"ryNqvb\">L&#8217;articolo di Thawra \u00e8 pi\u00f9 personale di quasi qualsiasi altra cosa leggerete su +972.<\/span><\/span> <span class=\"jCAhz ChMk0b\"><span class=\"ryNqvb\">Il terreno politico che affronta \u2013 la repressione israeliana dei suoi cittadini palestinesi, i rapporti a volte tesi tra i palestinesi dei territori del 1948, della Cisgiordania e di Gaza, e la diaspora, e l&#8217;apparato di sorveglianza in espansione \u2013 sar\u00e0 familiare ai nostri lettori.<\/span><\/span> <span class=\"jCAhz ChMk0b\"><span class=\"ryNqvb\">Ci\u00f2 che l&#8217;articolo si distingue davvero, tuttavia, \u00e8 la vividezza con cui rende l&#8217;esperienza incarnata dell&#8217;interiorizzazione della violenza di stato;<\/span><\/span> <span class=\"jCAhz ChMk0b\"><span class=\"ryNqvb\">come l&#8217;autocensura diventi una modalit\u00e0 di sopravvivenza predefinita;<\/span><\/span> <span class=\"jCAhz ChMk0b\"><span class=\"ryNqvb\">come, a volte, passare per membro della societ\u00e0 occupante esponga alle sue espressioni pi\u00f9 spontanee e schiette di razzismo anti-palestinese;<\/span><\/span> <span class=\"jCAhz ChMk0b\"><span class=\"ryNqvb\">e come la cittadinanza venga esercitata in senso negativo, come una forma di appartenenza subordinata al silenzio.<\/span><\/span><\/p>\n<p><strong>Alaa Salama (Responsabile del coinvolgimento del pubblico)<\/strong><\/p>\n<p><a href=\"https:\/\/www.972mag.com\/israel-holocaust-gaza-denazification\/\">Israel is waging a holocaust in Gaza. Denazification is the remedy<\/a> (di Orly Noy)<\/p>\n<div id=\"attachment_23315\" style=\"width: 474px\" class=\"wp-caption aligncenter\"><a href=\"http:\/\/reteitalianaism.it\/reteism\/wp-content\/uploads\/2026\/01\/7.jpg\"><img loading=\"lazy\" decoding=\"async\" aria-describedby=\"caption-attachment-23315\" class=\" wp-image-23315\" src=\"http:\/\/reteitalianaism.it\/reteism\/wp-content\/uploads\/2026\/01\/7-300x200.jpg\" alt=\"\" width=\"464\" height=\"309\" srcset=\"https:\/\/reteitalianaism.it\/reteism\/wp-content\/uploads\/2026\/01\/7-300x200.jpg 300w, https:\/\/reteitalianaism.it\/reteism\/wp-content\/uploads\/2026\/01\/7-1024x683.jpg 1024w, https:\/\/reteitalianaism.it\/reteism\/wp-content\/uploads\/2026\/01\/7-768x512.jpg 768w, https:\/\/reteitalianaism.it\/reteism\/wp-content\/uploads\/2026\/01\/7-1536x1024.jpg 1536w, https:\/\/reteitalianaism.it\/reteism\/wp-content\/uploads\/2026\/01\/7.jpg 2048w\" sizes=\"auto, (max-width: 464px) 100vw, 464px\" \/><\/a><p id=\"caption-attachment-23315\" class=\"wp-caption-text\">Il fumo si alza dopo un attacco militare israeliano nella Striscia di Gaza settentrionale, visto dal lato israeliano del confine, il 21 luglio 2025. (Chaim Goldberg\/Flash90)<\/p><\/div>\n<p class=\"lRu31\" dir=\"ltr\"><span class=\"HwtZe\" lang=\"it\"><span class=\"jCAhz ChMk0b\"><span class=\"ryNqvb\">Quando centinaia di migliaia di israeliani sono scesi in piazza per protestare contro la cosiddetta riforma giudiziaria nel 2023, sono rimasto colpito da una contraddizione.<\/span><\/span> <span class=\"jCAhz ChMk0b\"><span class=\"ryNqvb\">Quindi, ho pensato, gli israeliani possono organizzarsi.<\/span><\/span> <span class=\"jCAhz\"><span class=\"ryNqvb\">Possono protestare per settimane intere.<\/span><\/span> <span class=\"jCAhz\"><span class=\"ryNqvb\">Possono interrompere la routine quotidiana.<\/span><\/span> <span class=\"jCAhz\"><span class=\"ryNqvb\">Possono sopportare la violenza della polizia.<\/span><\/span> <span class=\"jCAhz ChMk0b\"><span class=\"ryNqvb\">Eppure, per decenni, sono rimasti in silenzio o hanno partecipato attivamente mentre il loro governo commetteva un crimine efferato dopo l&#8217;altro, dalla Nakba alle infinite guerre di Gaza, tutto in loro nome e per il loro immediato beneficio.<\/span><\/span> <\/span><\/p>\n<p class=\"lRu31\" dir=\"ltr\"><span class=\"HwtZe\" lang=\"it\"><span class=\"jCAhz ChMk0b\"><span class=\"ryNqvb\">L&#8217;articolo di Orly Noy offre uno sguardo raro non solo su una voce profondamente morale \u2013 quella di una donna ebreo-iraniana portata in Israele da bambina \u2013 ma anche su cosa significhi affrontare la realt\u00e0 a testa alta, chiamare le cose con il loro nome e rifiutare il conforto della cautela morale o della sensibilit\u00e0 politica.<\/span><\/span> <span class=\"jCAhz ChMk0b\"><span class=\"ryNqvb\">Questo rifiuto non \u00e8 mancanza di sensibilit\u00e0;<\/span><\/span> <span class=\"jCAhz\"><span class=\"ryNqvb\">\u00e8 la sua forma pi\u00f9 alta.<\/span><\/span> <span class=\"jCAhz ChMk0b\"><span class=\"ryNqvb\">C&#8217;\u00e8 sensibilit\u00e0, e coraggio, nell&#8217;insistere nell&#8217;affrontare direttamente un problema quando cos\u00ec tanti preferiscono distogliere lo sguardo.<\/span><\/span> <\/span><\/p>\n<p class=\"lRu31\" dir=\"ltr\"><span class=\"HwtZe\" lang=\"it\"><span class=\"jCAhz\"><span class=\"ryNqvb\">Per Orly, fermare il genocidio a Gaza \u00e8 la priorit\u00e0 assoluta.<\/span><\/span> <span class=\"jCAhz ChMk0b\"><span class=\"ryNqvb\">Ma urgente \u00e8 la domanda su cosa verr\u00e0 dopo: cosa significa vivere in, e con, una societ\u00e0 di milioni di ebrei israeliani che sar\u00e0 per sempre segnata dall&#8217;aver commesso un genocidio senza rimorsi, e la cui esistenza si \u00e8 sempre basata sulla pulizia etnica e sulla supremazia ebraica?<\/span><\/span> <span class=\"jCAhz ChMk0b\"><span class=\"ryNqvb\">Non esita a offrire una risposta: qualsiasi vera soluzione, qualunque forma assuma, deve includere il confronto con le mostruosit\u00e0 del passato e del presente e l&#8217;assunzione della responsabilit\u00e0 di porvi rimedio.<\/span><\/span><\/span><\/p>\n<p dir=\"ltr\"><strong>Jennifer Cutler (produttrice di podcast)<\/strong><\/p>\n<p dir=\"ltr\"><a href=\"https:\/\/www.972mag.com\/podcast-what-happened-to-the-palestinian-popular-struggle\/\">What happened to the Palestinian popular struggle?<\/a> (con Munther Amira)<\/p>\n<div id=\"attachment_23316\" style=\"width: 429px\" class=\"wp-caption aligncenter\"><a href=\"http:\/\/reteitalianaism.it\/reteism\/wp-content\/uploads\/2026\/01\/8.jpg\"><img loading=\"lazy\" decoding=\"async\" aria-describedby=\"caption-attachment-23316\" class=\" wp-image-23316\" src=\"http:\/\/reteitalianaism.it\/reteism\/wp-content\/uploads\/2026\/01\/8-300x200.jpg\" alt=\"\" width=\"419\" height=\"279\" srcset=\"https:\/\/reteitalianaism.it\/reteism\/wp-content\/uploads\/2026\/01\/8-300x200.jpg 300w, https:\/\/reteitalianaism.it\/reteism\/wp-content\/uploads\/2026\/01\/8-1024x683.jpg 1024w, https:\/\/reteitalianaism.it\/reteism\/wp-content\/uploads\/2026\/01\/8-768x512.jpg 768w, https:\/\/reteitalianaism.it\/reteism\/wp-content\/uploads\/2026\/01\/8-1536x1025.jpg 1536w, https:\/\/reteitalianaism.it\/reteism\/wp-content\/uploads\/2026\/01\/8.jpg 2048w\" sizes=\"auto, (max-width: 419px) 100vw, 419px\" \/><\/a><p id=\"caption-attachment-23316\" class=\"wp-caption-text\">Contadini palestinesi affrontano soldati israeliani su una strada vicino al villaggio di Sa\u2019ir, nella Cisgiordania occupata, 23 ottobre 2025. (Oren Ziv)<\/p><\/div>\n<p><span class=\"jCAhz ChMk0b\"><span class=\"ryNqvb\">\u00c8 difficile individuare il momento in cui la frase &#8220;La nostra esistenza \u00e8 resistenza&#8221; ha iniziato a suonare come una scorciatoia morale piuttosto che come un&#8217;affermazione analitica \u2013 emotivamente affermativa, ma intellettualmente debole, che sostituisce la resistenza all&#8217;azione politica.<\/span><\/span> <span class=\"jCAhz ChMk0b\"><span class=\"ryNqvb\">Ma quando Munther Amira afferma che &#8220;la nostra esistenza qui \u00e8 parte della resistenza&#8221;, non sta romanticizzando la sopravvivenza n\u00e9 eludendo questioni di strategia, fallimento o potere.<\/span><\/span> <span class=\"jCAhz ChMk0b\"><span class=\"ryNqvb\">Parla da una vita di lotta, riflettendo sui diversi modi in cui la resistenza pu\u00f2 prendere forma e sui costi personali del perseguirla in modo non violento.<\/span><\/span> <span class=\"jCAhz ChMk0b\"><span class=\"ryNqvb\">In quel momento, la frase ha smesso di sembrare uno slogan e ha riacquistato il suo peso originale.<\/span><\/span><\/p>\n<p><span class=\"jCAhz ChMk0b\"><span class=\"ryNqvb\">Credo che sia proprio questo il punto del podcast +972: fondare le storie sull&#8217;esperienza vissuta e rivelare la complessit\u00e0 e la posta in gioco della resistenza.<\/span><\/span> <span class=\"jCAhz ChMk0b\"><span class=\"ryNqvb\">Questo episodio combina intuizioni, storia e la dimensione umana dell&#8217;attivismo in un modo che mi \u00e8 rimasto impresso a lungo dopo la conversazione \u2013 e credo che lo sar\u00e0 anche per voi.<\/span><\/span><\/p>\n<p><strong>Charlotte Ritz-Jack (collaboratrice editoriale)<\/strong><\/p>\n<p><a href=\"https:\/\/www.972mag.com\/the-genocide-through-their-eyes-an-illustrated-timeline\/\">The genocide through their eyes: An illustrated timeline &#8211; +972 Magazine<\/a> (con la partecipazione dei reporter di +972 a Gaza)<\/p>\n<div id=\"attachment_23317\" style=\"width: 420px\" class=\"wp-caption aligncenter\"><a href=\"http:\/\/reteitalianaism.it\/reteism\/wp-content\/uploads\/2026\/01\/9.jpg\"><img loading=\"lazy\" decoding=\"async\" aria-describedby=\"caption-attachment-23317\" class=\" wp-image-23317\" src=\"http:\/\/reteitalianaism.it\/reteism\/wp-content\/uploads\/2026\/01\/9-300x200.jpg\" alt=\"\" width=\"410\" height=\"273\" srcset=\"https:\/\/reteitalianaism.it\/reteism\/wp-content\/uploads\/2026\/01\/9-300x200.jpg 300w, https:\/\/reteitalianaism.it\/reteism\/wp-content\/uploads\/2026\/01\/9-1024x683.jpg 1024w, https:\/\/reteitalianaism.it\/reteism\/wp-content\/uploads\/2026\/01\/9-768x512.jpg 768w, https:\/\/reteitalianaism.it\/reteism\/wp-content\/uploads\/2026\/01\/9.jpg 1098w\" sizes=\"auto, (max-width: 410px) 100vw, 410px\" \/><\/a><p id=\"caption-attachment-23317\" class=\"wp-caption-text\">Illustrazione di Adi Aviram<\/p><\/div>\n<p><span class=\"jCAhz ChMk0b\"><span class=\"ryNqvb\">Questa cronologia visivamente suggestiva fornisce un resoconto della guerra di Israele a Gaza dal punto di vista del team di giornalisti freelance di +972 all&#8217;interno della Striscia.<\/span><\/span> <span class=\"jCAhz ChMk0b\"><span class=\"ryNqvb\">Mentre riflettevamo su quali articoli includere, era importante ripercorrere come Israele abbia trasformato questa guerra in un genocidio che colpisce l&#8217;intera societ\u00e0 di Gaza: bombardando strutture civili, trasformando gli aiuti umanitari in una trappola mortale, riprogettando la geografia di Gaza e controllando rigorosamente ogni movimento della popolazione.<\/span><\/span><\/p>\n<p><span class=\"jCAhz ChMk0b\"><span class=\"ryNqvb\">Soprattutto, la cronologia rappresenta un omaggio ai giornalisti palestinesi che hanno continuato a documentare per due anni, affrontando costanti minacce alla loro vita, sfollamenti, fame e perdita dei propri cari.<\/span><\/span> <span class=\"jCAhz ChMk0b\"><span class=\"ryNqvb\">Con i media internazionali impossibilitati ad entrare nella Striscia, i giornalisti palestinesi hanno lavorato come unica finestra mondiale sul massacro, e ne sono stati presi di mira.<\/span><\/span> <span class=\"jCAhz ChMk0b\"><span class=\"ryNqvb\">Almeno 250 giornalisti sono stati uccisi, rendendo questa la guerra pi\u00f9 mortale per i giornalisti mai registrata.<\/span><\/span> <span class=\"jCAhz ChMk0b\"><span class=\"ryNqvb\">Il lavoro dei giornalisti di Gaza \u00e8 un archivio di disumanit\u00e0 di cui tutti abbiamo la responsabilit\u00e0 di essere testimoni.<\/span><\/span><\/p>\n<\/div>\n","protected":false},"excerpt":{"rendered":"<p>31 dicembre 2025 A year in +972: Editors\u2019 picks for 2025 Tra i quasi 250 articoli pubblicati quest&#8217;anno, abbiamo scelto le otto storie che hanno riscosso maggiore successo nel nostro team. \u00c8 stato un altro anno epocale e angosciante per &hellip; <a href=\"https:\/\/reteitalianaism.it\/reteism\/index.php\/2026\/01\/03\/un-anno-a-972-le-scelte-degli-editori-per-il-2025\/\">Continue reading <span class=\"meta-nav\">&rarr;<\/span><\/a><\/p>\n","protected":false},"author":6,"featured_media":0,"comment_status":"open","ping_status":"open","sticky":false,"template":"","format":"standard","meta":{"footnotes":""},"categories":[3,68],"tags":[25,179,121,53],"class_list":["post-23308","post","type-post","status-publish","format-standard","hentry","category-info","category-opinioni","tag-gaza","tag-genocidio","tag-giornalisti","tag-west-bank"],"_links":{"self":[{"href":"https:\/\/reteitalianaism.it\/reteism\/index.php\/wp-json\/wp\/v2\/posts\/23308","targetHints":{"allow":["GET"]}}],"collection":[{"href":"https:\/\/reteitalianaism.it\/reteism\/index.php\/wp-json\/wp\/v2\/posts"}],"about":[{"href":"https:\/\/reteitalianaism.it\/reteism\/index.php\/wp-json\/wp\/v2\/types\/post"}],"author":[{"embeddable":true,"href":"https:\/\/reteitalianaism.it\/reteism\/index.php\/wp-json\/wp\/v2\/users\/6"}],"replies":[{"embeddable":true,"href":"https:\/\/reteitalianaism.it\/reteism\/index.php\/wp-json\/wp\/v2\/comments?post=23308"}],"version-history":[{"count":1,"href":"https:\/\/reteitalianaism.it\/reteism\/index.php\/wp-json\/wp\/v2\/posts\/23308\/revisions"}],"predecessor-version":[{"id":23318,"href":"https:\/\/reteitalianaism.it\/reteism\/index.php\/wp-json\/wp\/v2\/posts\/23308\/revisions\/23318"}],"wp:attachment":[{"href":"https:\/\/reteitalianaism.it\/reteism\/index.php\/wp-json\/wp\/v2\/media?parent=23308"}],"wp:term":[{"taxonomy":"category","embeddable":true,"href":"https:\/\/reteitalianaism.it\/reteism\/index.php\/wp-json\/wp\/v2\/categories?post=23308"},{"taxonomy":"post_tag","embeddable":true,"href":"https:\/\/reteitalianaism.it\/reteism\/index.php\/wp-json\/wp\/v2\/tags?post=23308"}],"curies":[{"name":"wp","href":"https:\/\/api.w.org\/{rel}","templated":true}]}}