{"id":23389,"date":"2026-01-17T17:56:39","date_gmt":"2026-01-17T16:56:39","guid":{"rendered":"https:\/\/reteitalianaism.it\/reteism\/?p=23389"},"modified":"2026-01-19T11:16:08","modified_gmt":"2026-01-19T10:16:08","slug":"per-la-pubblicazione-immediata-due-attivisti-solidali-rischiano-la-deportazione-dopo-che-quattro-di-loro-sono-stati-arrestati-durante-il-tentativo-di-sfollare-la-famiglia-abu-hamam-ad-al-khalayel","status":"publish","type":"post","link":"https:\/\/reteitalianaism.it\/reteism\/index.php\/2026\/01\/17\/per-la-pubblicazione-immediata-due-attivisti-solidali-rischiano-la-deportazione-dopo-che-quattro-di-loro-sono-stati-arrestati-durante-il-tentativo-di-sfollare-la-famiglia-abu-hamam-ad-al-khalayel\/","title":{"rendered":"PER LA PUBBLICAZIONE IMMEDIATA: Due attivisti solidali rischiano la deportazione dopo che quattro di loro sono stati arrestati durante il tentativo di sfollare la famiglia Abu Hamam ad al-Khalayel"},"content":{"rendered":"<p>16 gennaio 2026, Al-Mughayyir<\/p>\n<p><a href=\"https:\/\/palsolidarity.org\/2026\/01\/for-immediate-release-two-solidarity-activists-facing-deportation-after-four-arrested-as-part-of-attempt-to-displace-the-abu-hamam-family-in-al-khalayel\/\">FOR IMMEDIATE RELEASE: Two Solidarity Activists Facing Deportation After Four Arrested as Part of Attempt to Displace the Abu Hamam Family in al-Khalayel &#8211; Home<\/a><\/p>\n<div id=\"attachment_23390\" style=\"width: 454px\" class=\"wp-caption aligncenter\"><a href=\"http:\/\/reteitalianaism.it\/reteism\/wp-content\/uploads\/2026\/01\/signal-2026-01-16-190104.jpg\"><img loading=\"lazy\" decoding=\"async\" aria-describedby=\"caption-attachment-23390\" class=\" wp-image-23390\" src=\"http:\/\/reteitalianaism.it\/reteism\/wp-content\/uploads\/2026\/01\/signal-2026-01-16-190104-300x225.jpg\" alt=\"\" width=\"444\" height=\"333\" srcset=\"https:\/\/reteitalianaism.it\/reteism\/wp-content\/uploads\/2026\/01\/signal-2026-01-16-190104-300x225.jpg 300w, https:\/\/reteitalianaism.it\/reteism\/wp-content\/uploads\/2026\/01\/signal-2026-01-16-190104-1024x768.jpg 1024w, https:\/\/reteitalianaism.it\/reteism\/wp-content\/uploads\/2026\/01\/signal-2026-01-16-190104-768x576.jpg 768w, https:\/\/reteitalianaism.it\/reteism\/wp-content\/uploads\/2026\/01\/signal-2026-01-16-190104.jpg 1280w\" sizes=\"auto, (max-width: 444px) 100vw, 444px\" \/><\/a><p id=\"caption-attachment-23390\" class=\"wp-caption-text\">dal sito palsolidarity.net<\/p><\/div>\n<p><span class=\"jCAhz ChMk0b\"><span class=\"ryNqvb\">Le forze israeliane hanno fatto irruzione nella casa della famiglia Abu Hamam ad al-Khalayel, alla periferia di al-Mughayyir (Ramallah est), e hanno arrestato tre attivisti statunitensi e un attivista irlandese dopo che un colono aveva violato la propriet\u00e0 della famiglia.<\/span><\/span> <span class=\"jCAhz JpY6Fd\"><span class=\"ryNqvb\">Mentre avvenivano gli arresti, le forze israeliane hanno sparato e ucciso il quattordicenne Muhammad Saad Sami Naasan di fronte alla moschea di al-Mughayyir, subito dopo la preghiera.<\/span><\/span> <span class=\"jCAhz ChMk0b\"><span class=\"ryNqvb\">Al momento, due attivisti sono stati rilasciati con il divieto di accesso alla Cisgiordania, mentre un cittadino statunitense e un irlandese affronteranno domani l&#8217;udienza di espulsione al Ben Gurion, a dimostrazione delle condizioni arbitrarie dell&#8217;arresto.<\/span><\/span><\/p>\n<p><span class=\"jCAhz ChMk0b\"><span class=\"ryNqvb\">Durante il raid di tre ore ad Abu Hamam, le forze israeliane hanno sequestrato le telecamere di sicurezza e vietato a palestinesi e stranieri di mangiare.<\/span><\/span> <span class=\"jCAhz ChMk0b\"><span class=\"ryNqvb\">Tutti e quattro gli stranieri sono stati arrestati con false accuse di aggressione a minore e di condotta volta a violare la quiete pubblica, mentre uno \u00e8 accusato di uso di veleno per commettere un reato e due di tentato ferimento di animale.<\/span><\/span><!--more--><span class=\"jCAhz ChMk0b\"><span class=\"ryNqvb\">Uno degli attivisti statunitensi ha dichiarato: &#8220;Ho scelto di recarmi in Palestina perch\u00e9 \u00e8 diventato sempre pi\u00f9 difficile assistere al genocidio e alla violenza razzista in corso da parte di Israele contro il popolo palestinese. Ho sempre creduto nella solidariet\u00e0 internazionale e questo \u00e8 un modo per partecipare a questo momento, nella speranza di progredire verso una Palestina e un mondo liberi. Non credo che un singolo individuo possa fare tutto, ma credo che tutti possiamo fare qualcosa per contribuire a un mondo libero&#8221;.<\/span><\/span><\/p>\n<p><span class=\"jCAhz ChMk0b\"><span class=\"ryNqvb\">La gente del posto riferisce che i coloni hanno aperto il fuoco anche nelle vicinanze della propriet\u00e0 dopo gli arresti.<\/span><\/span> <span class=\"jCAhz ChMk0b\"><span class=\"ryNqvb\">Durante il raid concomitante nella citt\u00e0 di al-Mughayyir, le forze israeliane hanno aggredito un giovane con bisogni speciali, lasciandogli lividi su tutto il corpo, e hanno arrestato un uomo.<\/span><\/span> <span class=\"jCAhz ChMk0b\"><span class=\"ryNqvb\">Hanno anche attaccato la Al-Badr Tiles Company e il suo proprietario, confiscando le telecamere dell&#8217;azienda e rimuovendone le registrazioni.<\/span><\/span><\/p>\n<p><span class=\"jCAhz ChMk0b\"><span class=\"ryNqvb\">Questo arresto avviene nel contesto di una campagna intimidatoria in corso contro la famiglia Abu Hamam, che ha subito mesi di attacchi coordinati da parte delle forze israeliane e dei coloni.<\/span><\/span> <span class=\"jCAhz ChMk0b\"><span class=\"ryNqvb\">Di recente, i coloni hanno continuato a pascolare sui terreni palestinesi intorno alla casa, lasciando che le loro pecore mangiassero gli ulivi e rubando acqua, con l&#8217;aiuto e la complicit\u00e0 dell&#8217;esercito israeliano.<\/span><\/span> <span class=\"jCAhz ChMk0b\"><span class=\"ryNqvb\">Lo stesso colono che si era introdotto abusivamente prima degli arresti terrorizzava quotidianamente la famiglia Abu Hamam e i loro vicini palestinesi.<\/span><\/span> <span class=\"jCAhz ChMk0b\"><span class=\"ryNqvb\">Questo colono ha distrutto e rubato pi\u00f9 volte parti della recinzione della propriet\u00e0 di un vicino per permettere alle sue pecore di distruggere gli uliveti della famiglia.<\/span><\/span><\/p>\n<p><span class=\"jCAhz ChMk0b\"><span class=\"ryNqvb\">&#8220;Quando vedo famiglie palestinesi assistere alla demolizione delle loro case, vedo i miei antenati che 150 anni fa sedevano sul ciglio della strada mentre il RIC e gli ufficiali giudiziari demolivano le loro case, lasciandoli morire di fame. La mia famiglia \u00e8 composta da sopravvissuti al genocidio. Ho concluso che l&#8217;empatia senza azione \u00e8 peggio del non interessarsi affatto&#8221;, ha detto l&#8217;attivista irlandese.<\/span><\/span> <span class=\"jCAhz ChMk0b\"><span class=\"ryNqvb\">&#8220;E cos\u00ec, quando ho visto l&#8217;appello urgente dell&#8217;ISM per i volontari quest&#8217;estate, mi sono sentito in dovere di andare, per dire ai palestinesi che non sono soli, che le persone si preoccupano profondamente e che sentono profondamente l&#8217;ingiustizia che stanno subendo. Ma soprattutto sono ispirato dalla fede, dalla forza e dalla dignit\u00e0 palestinesi di fronte a decenni di sfacciata malvagit\u00e0, violenza e potere&#8221;.<\/span><\/span><\/p>\n<p><span class=\"jCAhz ChMk0b\"><span class=\"ryNqvb\">Il 30 dicembre, tre attivisti internazionali sono stati circondati, gettati a terra, ammanettati e prelevati con la forza dalla casa di Abu Hamam.<\/span><\/span> <span class=\"jCAhz ChMk0b\"><span class=\"ryNqvb\">Sono stati trattenuti per ore in una base militare senza essere rintracciabili prima di essere trasferiti in una stazione di polizia.<\/span><\/span> <span class=\"jCAhz ChMk0b\"><span class=\"ryNqvb\">Uno di loro \u00e8 rimasto ferito in un attacco dei coloni il 7 dicembre, che ha causato il ferimento della matriarca della famiglia, Fadda Abu Naim, 59 anni, del tredicenne Riziq Abu Naim e di quattro attivisti internazionali per la solidariet\u00e0.<\/span><\/span><\/p>\n<p><span class=\"jCAhz ChMk0b\"><span class=\"ryNqvb\">Il 18 dicembre, Israele ha deportato due attiviste statunitensi, Irene Cho e Trudi Frost, dopo aver trascorso una settimana in carcere per contestare i loro arresti illegali e gli ordini di espulsione.<\/span><\/span> <span class=\"jCAhz ChMk0b\"><span class=\"ryNqvb\">Le due sono state arrestate il 12 dicembre nella propriet\u00e0 di Abu Hamam, dopo che le forze israeliane hanno eseguito un ordine di restrizione militare della durata di un mese, che comprendeva un&#8217;area che non includeva la residenza di Abu Hamam, dove alloggiavano le attiviste.<\/span><\/span> <span class=\"jCAhz ChMk0b\"><span class=\"ryNqvb\">Nei giorni successivi si sono verificati diversi raid militari alla ricerca di attivisti per la solidariet\u00e0.<\/span><\/span> <span class=\"jCAhz ChMk0b\"><span class=\"ryNqvb\">Nel frattempo, ai coloni \u00e8 consentito vagare nella zona, attaccando e molestando le comunit\u00e0 palestinesi nella pi\u00f9 completa impunit\u00e0.<\/span><\/span><\/p>\n<p class=\"lRu31\" dir=\"ltr\"><span class=\"HwtZe\" lang=\"it\"><span class=\"jCAhz ChMk0b\"><span class=\"ryNqvb\">Il 21 dicembre, le forze israeliane hanno minacciato la famiglia di demolire la loro casa se non avessero smesso di ospitare stranieri.<\/span><\/span> <span class=\"jCAhz\"><span class=\"ryNqvb\">Mentre l&#8217;esercito stava facendo irruzione nella casa di Abu Hamam, pochi metri pi\u00f9 a valle, un gruppo di attivisti internazionali veniva inseguito da coloni armati, nel tentativo di intimidirli e impedire loro di continuare la loro opera di solidariet\u00e0 nella zona di al-Khalayel.<\/span><\/span> <\/span><\/p>\n<p class=\"lRu31\" dir=\"ltr\"><span class=\"HwtZe\" lang=\"it\"><span class=\"jCAhz ChMk0b\"><span class=\"ryNqvb\">Questi attacchi da parte di coloni e soldati mirano a sfrattare forzatamente la famiglia Abu Hamam dalla sua terra, nell&#8217;ambito dell&#8217;attuazione della politica israeliana di pulizia etnica dei palestinesi.<\/span><\/span> <span class=\"jCAhz JpY6Fd\"><span class=\"ryNqvb\">In questo caso, lo sfollamento della famiglia faciliter\u00e0 anche la creazione da parte di Israele di una linea di insediamenti e avamposti che si estender\u00e0 dall&#8217;area di Ramallah Est a quella di Nablus Sud, e da l\u00ec fino alla Valle del Giordano.<\/span><\/span><\/span><\/p>\n<div id=\"attachment_23391\" style=\"width: 258px\" class=\"wp-caption aligncenter\"><a href=\"http:\/\/reteitalianaism.it\/reteism\/wp-content\/uploads\/2026\/01\/signal-2026-01-16-112042_002-365x600-1.jpg\"><img loading=\"lazy\" decoding=\"async\" aria-describedby=\"caption-attachment-23391\" class=\" wp-image-23391\" src=\"http:\/\/reteitalianaism.it\/reteism\/wp-content\/uploads\/2026\/01\/signal-2026-01-16-112042_002-365x600-1-183x300.jpg\" alt=\"\" width=\"248\" height=\"407\" srcset=\"https:\/\/reteitalianaism.it\/reteism\/wp-content\/uploads\/2026\/01\/signal-2026-01-16-112042_002-365x600-1-183x300.jpg 183w, https:\/\/reteitalianaism.it\/reteism\/wp-content\/uploads\/2026\/01\/signal-2026-01-16-112042_002-365x600-1.jpg 365w\" sizes=\"auto, (max-width: 248px) 100vw, 248px\" \/><\/a><p id=\"caption-attachment-23391\" class=\"wp-caption-text\">Muhammad Saad Sami Naasan, 14 anni, ucciso dalle forze israeliane ad al-Mughayyir il 16 gennaio. Crediti: media locali<\/p><\/div>\n","protected":false},"excerpt":{"rendered":"<p>16 gennaio 2026, Al-Mughayyir FOR IMMEDIATE RELEASE: Two Solidarity Activists Facing Deportation After Four Arrested as Part of Attempt to Displace the Abu Hamam Family in al-Khalayel &#8211; Home Le forze israeliane hanno fatto irruzione nella casa della famiglia Abu &hellip; <a href=\"https:\/\/reteitalianaism.it\/reteism\/index.php\/2026\/01\/17\/per-la-pubblicazione-immediata-due-attivisti-solidali-rischiano-la-deportazione-dopo-che-quattro-di-loro-sono-stati-arrestati-durante-il-tentativo-di-sfollare-la-famiglia-abu-hamam-ad-al-khalayel\/\">Continue reading <span class=\"meta-nav\">&rarr;<\/span><\/a><\/p>\n","protected":false},"author":6,"featured_media":0,"comment_status":"open","ping_status":"open","sticky":false,"template":"","format":"standard","meta":{"footnotes":""},"categories":[3],"tags":[1036,488,986,179,210,446,51],"class_list":["post-23389","post","type-post","status-publish","format-standard","hentry","category-info","tag-al-mughayyr","tag-attivisti","tag-deportazione","tag-genocidio","tag-palestina","tag-sfollamento","tag-violenza-sui-minori"],"_links":{"self":[{"href":"https:\/\/reteitalianaism.it\/reteism\/index.php\/wp-json\/wp\/v2\/posts\/23389","targetHints":{"allow":["GET"]}}],"collection":[{"href":"https:\/\/reteitalianaism.it\/reteism\/index.php\/wp-json\/wp\/v2\/posts"}],"about":[{"href":"https:\/\/reteitalianaism.it\/reteism\/index.php\/wp-json\/wp\/v2\/types\/post"}],"author":[{"embeddable":true,"href":"https:\/\/reteitalianaism.it\/reteism\/index.php\/wp-json\/wp\/v2\/users\/6"}],"replies":[{"embeddable":true,"href":"https:\/\/reteitalianaism.it\/reteism\/index.php\/wp-json\/wp\/v2\/comments?post=23389"}],"version-history":[{"count":1,"href":"https:\/\/reteitalianaism.it\/reteism\/index.php\/wp-json\/wp\/v2\/posts\/23389\/revisions"}],"predecessor-version":[{"id":23392,"href":"https:\/\/reteitalianaism.it\/reteism\/index.php\/wp-json\/wp\/v2\/posts\/23389\/revisions\/23392"}],"wp:attachment":[{"href":"https:\/\/reteitalianaism.it\/reteism\/index.php\/wp-json\/wp\/v2\/media?parent=23389"}],"wp:term":[{"taxonomy":"category","embeddable":true,"href":"https:\/\/reteitalianaism.it\/reteism\/index.php\/wp-json\/wp\/v2\/categories?post=23389"},{"taxonomy":"post_tag","embeddable":true,"href":"https:\/\/reteitalianaism.it\/reteism\/index.php\/wp-json\/wp\/v2\/tags?post=23389"}],"curies":[{"name":"wp","href":"https:\/\/api.w.org\/{rel}","templated":true}]}}