{"id":23816,"date":"2026-03-23T13:22:58","date_gmt":"2026-03-23T12:22:58","guid":{"rendered":"https:\/\/reteitalianaism.it\/reteism\/?p=23816"},"modified":"2026-03-23T13:23:02","modified_gmt":"2026-03-23T12:23:02","slug":"da-sde-teiman-la-verita-sul-sistema-di-giustizia-militare-israeliano-e-stata-svelata","status":"publish","type":"post","link":"https:\/\/reteitalianaism.it\/reteism\/index.php\/2026\/03\/23\/da-sde-teiman-la-verita-sul-sistema-di-giustizia-militare-israeliano-e-stata-svelata\/","title":{"rendered":"Da Sde Teiman, la verit\u00e0 sul sistema di giustizia militare israeliano \u00e8 stata svelata."},"content":{"rendered":"<p>21 marzo 2026, di <a href=\"https:\/\/www.972mag.com\/writer\/michael-sfard\/\">Michael Sfard<\/a><\/p>\n<p><a href=\"https:\/\/www.972mag.com\/sde-teiman-israel-military-justice-system\/\">From Sde Teiman, the truth about Israel\u2019s military justice system has been set free<\/a><\/p>\n<p><em>Ritirando tutte le accuse contro i soldati ripresi mentre maltrattavano un detenuto palestinese, Israele ha abbandonato l&#8217;intera farsa di prendere la responsabilit\u00e0.<\/em><\/p>\n<div id=\"attachment_23817\" style=\"width: 513px\" class=\"wp-caption aligncenter\"><a href=\"http:\/\/reteitalianaism.it\/reteism\/wp-content\/uploads\/2026\/03\/F251102YS213-1200x802-1.jpg\"><img loading=\"lazy\" decoding=\"async\" aria-describedby=\"caption-attachment-23817\" class=\" wp-image-23817\" src=\"http:\/\/reteitalianaism.it\/reteism\/wp-content\/uploads\/2026\/03\/F251102YS213-1200x802-1-300x201.jpg\" alt=\"\" width=\"503\" height=\"337\" srcset=\"https:\/\/reteitalianaism.it\/reteism\/wp-content\/uploads\/2026\/03\/F251102YS213-1200x802-1-300x201.jpg 300w, https:\/\/reteitalianaism.it\/reteism\/wp-content\/uploads\/2026\/03\/F251102YS213-1200x802-1-1024x684.jpg 1024w, https:\/\/reteitalianaism.it\/reteism\/wp-content\/uploads\/2026\/03\/F251102YS213-1200x802-1-768x513.jpg 768w, https:\/\/reteitalianaism.it\/reteism\/wp-content\/uploads\/2026\/03\/F251102YS213-1200x802-1.jpg 1200w\" sizes=\"auto, (max-width: 503px) 100vw, 503px\" \/><\/a><p id=\"caption-attachment-23817\" class=\"wp-caption-text\">Soldati israeliani accusati di aver maltrattato un detenuto palestinese nel centro di detenzione di Sde Teiman e i loro avvocati parlano alla stampa dopo le dimissioni del procuratore militare generale, il maggiore generale Yifat Tomer-Yerushalmi, a seguito della diffusione alla stampa di un video dell&#8217;incidente, fuori dalla Corte Suprema di Gerusalemme, il 2 novembre 2025. (Yonatan Sindel\/Flash90)<\/p><\/div>\n<p><span class=\"jCAhz ChMk0b\"><span class=\"ryNqvb\">Il celebre astrofisico Stephen Hawking scopr\u00ec che un buco nero, l&#8217;oggetto celeste che inghiotte tutto ci\u00f2 che lo circonda e dal quale, apparentemente, nulla di ci\u00f2 che vi entra riesce a sfuggire, emette comunque un certo livello di radiazione elettromagnetica.<\/span><\/span> <span class=\"jCAhz\"><span class=\"ryNqvb\">Come di consueto nelle scienze esatte, il fenomeno prese il nome dallo scienziato che lo scopr\u00ec;<\/span><\/span> <span class=\"jCAhz\"><span class=\"ryNqvb\">in questo caso, &#8220;radiazione di Hawking&#8221;.<\/span><\/span><\/p>\n<p><span class=\"jCAhz ChMk0b\"><span class=\"ryNqvb\">Sde Teiman, la base militare israeliana trasformata in centro di detenzione per palestinesi, che comprende un complesso ospedaliero per i prigionieri, ha funzionato fin dall&#8217;inizio della devastante guerra di Israele contro Gaza come un buco nero morale.<\/span><\/span> <span class=\"jCAhz ChMk0b\"><span class=\"ryNqvb\">Ogni traccia di umanit\u00e0 \u2013 siano essi i principi morali pi\u00f9 elementari, l&#8217;etica medica o qualsiasi residuo di vergogna israeliana \u2013 \u00e8 stata inghiottita e completamente scomparsa.<\/span><\/span><\/p>\n<p><span class=\"jCAhz ChMk0b\"><span class=\"ryNqvb\">Secondo le testimonianze di ex detenuti e le indagini di giornalisti e organizzazioni per i diritti umani, noi israeliani abbiamo affamato, torturato e umiliato i prigionieri palestinesi, fornendo al contempo ai feriti e ai malati cure mediche vergognose che, in diverse occasioni, hanno portato ad amputazioni che sarebbero state evitabili se le cure fossero state adeguate.<\/span><\/span> <span class=\"jCAhz ChMk0b\"><span class=\"ryNqvb\">Tutti i valori sono stati gettati nel baratro morale del campo di Sde Teiman.<\/span><\/span> <span class=\"jCAhz ChMk0b\"><span class=\"ryNqvb\">Non si \u00e8 salvato alcun valore in realt\u00e0?<\/span><\/span><!--more--><\/p>\n<p><span class=\"jCAhz ChMk0b\"><span class=\"ryNqvb\">Ebbene, a quanto pare anche Sde Teiman emana una sorta di radiazione di Hawking.<\/span><\/span> <span class=\"jCAhz JpY6Fd\"><span class=\"ryNqvb\">Ma proprio come ci\u00f2 che \u00e8 scomparso all&#8217;interno di Sde Teiman, cos\u00ec anche la radiazione che emana non \u00e8 elettromagnetica, bens\u00ec etica: Sde Teiman ha irradiato la verit\u00e0 sulla natura, il funzionamento e la missione degli organi di polizia responsabili della gestione delle accuse di violazioni dei diritti umani da parte di Israele nei confronti dei palestinesi.<\/span><\/span><\/p>\n<p><span class=\"jCAhz ChMk0b\"><span class=\"ryNqvb\">La scorsa settimana, il massimo avvocato militare israeliano ha ritirato tutte le accuse contro cinque soldati della Forza 100, accusati di aver picchiato un detenuto palestinese e di avergli lacerato il retto con un oggetto appuntito \u2013 un atto parzialmente ripreso da una telecamera di sorveglianza in un filmato poi diffuso.<\/span><\/span> <span class=\"jCAhz ChMk0b\"><span class=\"ryNqvb\">In tal modo, ha smascherato una volta per tutte la grande menzogna israeliana sull&#8217;esistenza di un sistema investigativo e giudiziario professionale e indipendente, impegnato concretamente a perseguire i soldati che si macchiano di tali crimini.<\/span><\/span><\/p>\n<div id=\"attachment_23818\" style=\"width: 483px\" class=\"wp-caption aligncenter\"><a href=\"http:\/\/reteitalianaism.it\/reteism\/wp-content\/uploads\/2026\/03\/F251111YS52-1280x854-1.jpg\"><img loading=\"lazy\" decoding=\"async\" aria-describedby=\"caption-attachment-23818\" class=\" wp-image-23818\" src=\"http:\/\/reteitalianaism.it\/reteism\/wp-content\/uploads\/2026\/03\/F251111YS52-1280x854-1-300x200.jpg\" alt=\"\" width=\"473\" height=\"315\" srcset=\"https:\/\/reteitalianaism.it\/reteism\/wp-content\/uploads\/2026\/03\/F251111YS52-1280x854-1-300x200.jpg 300w, https:\/\/reteitalianaism.it\/reteism\/wp-content\/uploads\/2026\/03\/F251111YS52-1280x854-1-1024x683.jpg 1024w, https:\/\/reteitalianaism.it\/reteism\/wp-content\/uploads\/2026\/03\/F251111YS52-1280x854-1-768x512.jpg 768w, https:\/\/reteitalianaism.it\/reteism\/wp-content\/uploads\/2026\/03\/F251111YS52-1280x854-1.jpg 1280w\" sizes=\"auto, (max-width: 473px) 100vw, 473px\" \/><\/a><p id=\"caption-attachment-23818\" class=\"wp-caption-text\">Tre degli imputati nel caso di abusi sessuali di Sde Teiman durante un&#8217;udienza presso la Corte Suprema di Gerusalemme, l&#8217;11 novembre 2025, per stabilire a chi spetter\u00e0 l&#8217;autorit\u00e0 sull&#8217;indagine relativa alla fuga di notizie. (Yonatan Sindel\/Flash90)<\/p><\/div>\n<p class=\"lRu31\" dir=\"ltr\"><span class=\"HwtZe\" lang=\"it\"><span class=\"jCAhz ChMk0b\"><span class=\"ryNqvb\">La chiusura del caso e l&#8217;annullamento dell&#8217;accusa contro gli imputati per orribili maltrattamenti fisici nei confronti di un detenuto inerme hanno liberato la verit\u00e0 dalle catene di menzogne \u200b\u200bin cui era stata imprigionata dall&#8217;apparato di propaganda israeliano.<\/span><\/span> <span class=\"jCAhz ChMk0b\"><span class=\"ryNqvb\">(Per inciso, questo \u00e8 il corretto uso della radice ebraica \u1e25-l-tz, &#8220;estrarre&#8221; &#8211; non l&#8217;israeliano rimasto bloccato a Londra che ha trovato un volo di ritorno nella terra delle guerre, dell&#8217;apartheid e di un governo kahanista, ma una terribile verit\u00e0 imprigionata all&#8217;inferno e portata alla luce). <\/span><\/span><\/span><\/p>\n<p class=\"lRu31\" dir=\"ltr\"><span class=\"HwtZe\" lang=\"it\"><span class=\"jCAhz ChMk0b\"><span class=\"ryNqvb\">La verit\u00e0 \u00e8 che in Israele non \u00e8 mai esistito, o almeno non da diversi decenni, un sistema di forze dell&#8217;ordine che si impegni realmente a ritenere i soldati responsabili quando uccidono, umiliano o abusano dei palestinesi.<\/span><\/span> <span class=\"jCAhz ChMk0b\"><span class=\"ryNqvb\">La verit\u00e0 \u00e8 che esiste un sistema che di fatto garantisce l&#8217;immunit\u00e0 ai soldati quando le loro vittime sono palestinesi, e che addirittura si impegna per ottenere questo risultato.<\/span><\/span> <span class=\"jCAhz ChMk0b\"><span class=\"ryNqvb\">La verit\u00e0 \u00e8 che i rari casi di accertamento delle responsabilit\u00e0 che il sistema produce hanno lo scopo di nascondere questa realt\u00e0 e di respingere l&#8217;affermazione secondo cui in Israele non ci sono punizioni per chi nuoce ai palestinesi.<\/span><\/span> <\/span><\/p>\n<p class=\"lRu31\" dir=\"ltr\"><span class=\"HwtZe\" lang=\"it\"><span class=\"jCAhz ChMk0b\"><span class=\"ryNqvb\">In altre parole, i sistemi di applicazione della legge militari hanno a lungo voluto procedere senza applicare la legge, pur dando l&#8217;impressione di raggiungere il loro scopo, sacrificando alcuni casi, di solito di minore entit\u00e0, in cui venivano emessi atti d&#8217;accusa.<\/span><\/span> <span class=\"jCAhz ChMk0b\"><span class=\"ryNqvb\">Questi atti d&#8217;accusa non sono mai stati concepiti per far rispettare la legge, ma piuttosto per fungere da mera formalit\u00e0 di applicazione della legge: un&#8217;eccezione progettata per oscurare la regola.<\/span><\/span> <\/span><\/p>\n<p class=\"lRu31\" dir=\"ltr\"><span class=\"HwtZe\" lang=\"it\"><span class=\"jCAhz ChMk0b\"><span class=\"ryNqvb\">Secondo i dati ottenuti tramite richieste di accesso agli atti presentate all&#8217;esercito dall&#8217;organizzazione israeliana per i diritti umani Yesh Din (per la quale svolgo il ruolo di consulente legale), tra il 2016 e il 2024 le autorit\u00e0 militari sono state informate di 2.427 denunce relative a danni arrecati a palestinesi da soldati nella Cisgiordania occupata.<\/span><\/span> <span class=\"jCAhz ChMk0b\"><span class=\"ryNqvb\">L&#8217;esercito ha aperto indagini solo su 552 di questi casi (il 22,7% delle denunce) e solo 23 hanno portato a un&#8217;incriminazione (lo 0,9%).<\/span><\/span> <\/span><\/p>\n<p class=\"lRu31\" dir=\"ltr\"><span class=\"HwtZe\" lang=\"it\"><span class=\"jCAhz ChMk0b\"><span class=\"ryNqvb\">Nella Striscia di Gaza, la situazione non \u00e8 molto migliore: oltre 1.500 denunce relative alla condotta dei soldati presentate dall&#8217;ottobre 2023 hanno portato finora a soli due rinvii a giudizio.<\/span><\/span><\/span><\/p>\n<p class=\"lRu31\" dir=\"ltr\"><span class=\"HwtZe\" lang=\"it\"><span class=\"jCAhz ChMk0b\"><span class=\"ryNqvb\">\u00c8 in questo contesto che va interpretata la decisione del Procuratore Generale Militare Itay Offir di archiviare il caso di abusi sessuali di Sde Teiman: non come il colpo di grazia alla finta applicazione della legge, bens\u00ec come l&#8217;abbandono dell&#8217;intera farsa.<\/span><\/span><\/span><\/p>\n<div id=\"attachment_23819\" style=\"width: 448px\" class=\"wp-caption aligncenter\"><a href=\"http:\/\/reteitalianaism.it\/reteism\/wp-content\/uploads\/2026\/03\/F240214CG30-1280x854-1.jpg\"><img loading=\"lazy\" decoding=\"async\" aria-describedby=\"caption-attachment-23819\" class=\" wp-image-23819\" src=\"http:\/\/reteitalianaism.it\/reteism\/wp-content\/uploads\/2026\/03\/F240214CG30-1280x854-1-300x200.jpg\" alt=\"\" width=\"438\" height=\"292\" srcset=\"https:\/\/reteitalianaism.it\/reteism\/wp-content\/uploads\/2026\/03\/F240214CG30-1280x854-1-300x200.jpg 300w, https:\/\/reteitalianaism.it\/reteism\/wp-content\/uploads\/2026\/03\/F240214CG30-1280x854-1-1024x683.jpg 1024w, https:\/\/reteitalianaism.it\/reteism\/wp-content\/uploads\/2026\/03\/F240214CG30-1280x854-1-768x512.jpg 768w, https:\/\/reteitalianaism.it\/reteism\/wp-content\/uploads\/2026\/03\/F240214CG30-1280x854-1.jpg 1280w\" sizes=\"auto, (max-width: 438px) 100vw, 438px\" \/><\/a><p id=\"caption-attachment-23819\" class=\"wp-caption-text\">Prigionieri palestinesi provenienti da Gaza ripresi in un cortile di un carcere nel sud di Israele, il 14 febbraio 2024. (Chaim Goldberg\/Flash90)<\/p><\/div>\n<p><strong><span class=\"jCAhz ChMk0b\"><span class=\"ryNqvb\">Un nemico in patria <\/span><\/span><\/strong><\/p>\n<p><span class=\"jCAhz ChMk0b\"><span class=\"ryNqvb\">Lo stesso vale per le giustificazioni addotte per l&#8217;archiviazione del caso, che legalmente non dovrebbero reggere.<\/span><\/span> <span class=\"jCAhz ChMk0b\"><span class=\"ryNqvb\">Offir ha spiegato che, poich\u00e9 il detenuto che aveva subito abusi era stato rilasciato e rimandato a Gaza, il testimone chiave era andato perduto.<\/span><\/span> <span class=\"jCAhz ChMk0b\"><span class=\"ryNqvb\">Tuttavia, la sua decisione non fa alcun riferimento al fatto che l&#8217;ex detenuto sia stato contattato e gli sia stato chiesto se fosse disposto a entrare in Israele per testimoniare contro i sospettati di aver abusato di lui.<\/span><\/span><\/p>\n<p><span class=\"jCAhz ChMk0b\"><span class=\"ryNqvb\">Offir ha anche affermato che, poich\u00e9 la sua predecessora, Yifat Tomer-Yerushalmi, e il suo staff avevano violato la legge diffondendo il video ai media e ostacolando le indagini su tale fuga di notizie, l&#8217;equit\u00e0 del processo e il senso di giustizia erano stati compromessi.<\/span><\/span><\/p>\n<p><span class=\"jCAhz ChMk0b\"><span class=\"ryNqvb\">Come ex avvocato penalista, fatico a comprendere come una condotta cos\u00ec scorretta possa alterare il quadro probatorio contro gli imputati o la capacit\u00e0 di un tribunale militare di giudicare il caso senza pregiudizi.<\/span><\/span> <span class=\"jCAhz ChMk0b\"><span class=\"ryNqvb\">Nel bene o nel male, la fuga di notizie e il successivo tentativo di insabbiamento non hanno alterato la credibilit\u00e0 o il valore probatorio delle prove nel caso: il video, i referti medici sulle condizioni del detenuto, le testimonianze del detenuto e dei sospettati.<\/span><\/span><\/p>\n<p><span class=\"jCAhz ChMk0b\"><span class=\"ryNqvb\">Infine, il Procuratore Generale Militare ha osservato che l&#8217;indagine sulla fuga di notizie e la successiva ostruzione delle indagini stesse potrebbero causare ritardi significativi nello svolgimento del processo contro gli imputati.<\/span><\/span> <span class=\"jCAhz ChMk0b\"><span class=\"ryNqvb\">Questo pu\u00f2 essere vero e potrebbe effettivamente creare un ritardo problematico nell&#8217;amministrazione della giustizia, ma non \u00e8 il primo caso giudiziario in Israele a protrarsi a lungo, e non ho mai sentito parlare di incriminazioni in gravi casi penali annullate semplicemente perch\u00e9 il procedimento si trascina.<\/span><\/span><\/p>\n<p><span class=\"jCAhz ChMk0b\"><span class=\"ryNqvb\">La verit\u00e0 \u00e8 che la ragione per cui si \u00e8 abbandonato il ruolo di garante della giustizia non risiede in difficolt\u00e0 probatorie o danni al giusto processo, bens\u00ec in un cambiamento nella costellazione di pressioni esercitate sul sistema giudiziario israeliano nel suo complesso.<\/span><\/span><\/p>\n<div id=\"attachment_23820\" style=\"width: 450px\" class=\"wp-caption aligncenter\"><a href=\"http:\/\/reteitalianaism.it\/reteism\/wp-content\/uploads\/2026\/03\/F241001OBHPOOL02-1280x853-1.jpg\"><img loading=\"lazy\" decoding=\"async\" aria-describedby=\"caption-attachment-23820\" class=\" wp-image-23820\" src=\"http:\/\/reteitalianaism.it\/reteism\/wp-content\/uploads\/2026\/03\/F241001OBHPOOL02-1280x853-1-300x200.jpg\" alt=\"\" width=\"440\" height=\"293\" srcset=\"https:\/\/reteitalianaism.it\/reteism\/wp-content\/uploads\/2026\/03\/F241001OBHPOOL02-1280x853-1-300x200.jpg 300w, https:\/\/reteitalianaism.it\/reteism\/wp-content\/uploads\/2026\/03\/F241001OBHPOOL02-1280x853-1-1024x682.jpg 1024w, https:\/\/reteitalianaism.it\/reteism\/wp-content\/uploads\/2026\/03\/F241001OBHPOOL02-1280x853-1-768x512.jpg 768w, https:\/\/reteitalianaism.it\/reteism\/wp-content\/uploads\/2026\/03\/F241001OBHPOOL02-1280x853-1.jpg 1280w\" sizes=\"auto, (max-width: 440px) 100vw, 440px\" \/><\/a><p id=\"caption-attachment-23820\" class=\"wp-caption-text\">L&#8217;allora Avvocato Generale Militare Yifat Tomer-Yerushalmi partecipa a una cerimonia per il giudice uscente della Corte Suprema Yosef Elron, a Gerusalemme. 18 settembre 2025. (Yonatan Sindel\/Flash90)<\/p><\/div>\n<p><span class=\"jCAhz ChMk0b\"><span class=\"ryNqvb\">Dieci anni fa, la principale preoccupazione del Procuratore Generale Militare e del Procuratore Generale era il danno all&#8217;immagine di Israele agli occhi della comunit\u00e0 internazionale, un evento che avrebbe potuto portare a pressioni internazionali e persino a procedimenti legali presso tribunali internazionali.<\/span><\/span> <span class=\"jCAhz ChMk0b\"><span class=\"ryNqvb\">Questo era il motore che imponeva la necessit\u00e0 di incriminazioni di facciata.<\/span><\/span><\/p>\n<p><span class=\"jCAhz ChMk0b\"><span class=\"ryNqvb\">Oggi, tuttavia, l&#8217;ostilit\u00e0 della destra israeliana nei confronti del sistema giudiziario nazionale e l&#8217;uso di rari casi di repressione \u2013 come quello di Elor Azaria, un soldato israeliano ripreso a Hebron mentre giustiziava un palestinese ferito a terra dopo che quest&#8217;ultimo aveva accoltellato un altro soldato \u2013 per incitare all&#8217;odio contro di esso, hanno convinto il Procuratore Generale e il Procuratore Generale Militare ad abbandonare persino l&#8217;apparenza di una repressione.<\/span><\/span><\/p>\n<p><span class=\"jCAhz\"><span class=\"ryNqvb\">Un tempo temevano il mondo;<\/span><\/span> <span class=\"jCAhz ChMk0b\"><span class=\"ryNqvb\">oggi temono la leadership israeliana e l&#8217;ira di politici senza scrupoli \u2013 come quelli che hanno fatto irruzione a Sde Teiman per impedire l&#8217;arresto dei sospettati \u2013 e si allineano a loro.<\/span><\/span><\/p>\n<p class=\"lRu31\" dir=\"ltr\"><span class=\"HwtZe\" lang=\"it\"><span class=\"jCAhz ChMk0b\"><span class=\"ryNqvb\">Con la chiusura del caso Sde Teiman, a quanto mi risulta, rimangono solo due casi in cui sono stati emessi capi d&#8217;accusa contro soldati per fatti legati alla guerra di Gaza.<\/span><\/span> <span class=\"jCAhz ChMk0b\"><span class=\"ryNqvb\">Uno riguarda un soldato shlimazel che ha rubato denaro da una casa palestinese (un evento di routine in questa guerra) e, quando ha cercato di depositarlo in Israele, si \u00e8 scoperto che parte del denaro era contraffatto.<\/span><\/span> <span class=\"jCAhz ChMk0b\"><span class=\"ryNqvb\">Il secondo riguarda un riservista che ha anch&#8217;egli aggredito dei detenuti a Sde Teiman, ma che ha stupidamente firmato un patteggiamento;<\/span><\/span> <span class=\"jCAhz\"><span class=\"ryNqvb\">col senno di poi, meriterebbe il Premio Israele per essere stato un libertino.<\/span><\/span> <\/span><\/p>\n<p class=\"lRu31\" dir=\"ltr\"><span class=\"HwtZe\" lang=\"it\"><span class=\"jCAhz\"><span class=\"ryNqvb\">La verit\u00e0, pura e semplice, \u00e8 esplosa da Sde Teiman.<\/span><\/span> <span class=\"jCAhz ChMk0b\"><span class=\"ryNqvb\">Per anni \u00e8 stata tenuta prigioniera e messa a tacere dai suoi carcerieri: il portavoce delle Forze di Difesa Israeliane, l&#8217;apparato di propaganda governativo e il sistema giudiziario israeliano.<\/span><\/span> <span class=\"jCAhz ChMk0b\"><span class=\"ryNqvb\">Ma l&#8217;hanno liberata dalle sue catene quando \u00e8 diventato chiaro che tenerla prigioniera significava creare un nemico in patria che sfruttava la loro stessa menzogna per fini politici.<\/span><\/span> <\/span><\/p>\n<p class=\"lRu31\" dir=\"ltr\"><span class=\"HwtZe\" lang=\"it\"><span class=\"jCAhz ChMk0b\"><span class=\"ryNqvb\">Una versione di questo articolo \u00e8 stata pubblicata per la prima volta in ebraico su Local Call.<\/span><\/span> <span class=\"jCAhz\"><span class=\"ryNqvb\">Leggila <a href=\"https:\/\/www.mekomit.co.il\/%d7%a4%d7%a2%d7%9d-%d7%94%d7%a4%d7%a6%d7%a8-%d7%97%d7%a9%d7%a9-%d7%9e%d7%94%d7%93%d7%99%d7%9f-%d7%94%d7%91%d7%99%d7%a0%d7%9c-%d7%94%d7%99%d7%95%d7%9d-%d7%94%d7%95%d7%90-%d7%97%d7%95%d7%a9%d7%a9\/\">qui<\/a>.<\/span><\/span><\/span><\/p>\n<p>&nbsp;<\/p>\n<p>&nbsp;<\/p>\n","protected":false},"excerpt":{"rendered":"<p>21 marzo 2026, di Michael Sfard From Sde Teiman, the truth about Israel\u2019s military justice system has been set free Ritirando tutte le accuse contro i soldati ripresi mentre maltrattavano un detenuto palestinese, Israele ha abbandonato l&#8217;intera farsa di prendere &hellip; <a href=\"https:\/\/reteitalianaism.it\/reteism\/index.php\/2026\/03\/23\/da-sde-teiman-la-verita-sul-sistema-di-giustizia-militare-israeliano-e-stata-svelata\/\">Continue reading <span class=\"meta-nav\">&rarr;<\/span><\/a><\/p>\n","protected":false},"author":6,"featured_media":0,"comment_status":"open","ping_status":"open","sticky":false,"template":"","format":"standard","meta":{"footnotes":""},"categories":[3,67],"tags":[92,179,164,56,334,1083],"class_list":["post-23816","post","type-post","status-publish","format-standard","hentry","category-info","category-prigionieri","tag-diritti-dei-prigionieri","tag-genocidio","tag-prigionieri","tag-tortura","tag-violenza-nelle-carceri-israeliane","tag-violenza-sessuale"],"_links":{"self":[{"href":"https:\/\/reteitalianaism.it\/reteism\/index.php\/wp-json\/wp\/v2\/posts\/23816","targetHints":{"allow":["GET"]}}],"collection":[{"href":"https:\/\/reteitalianaism.it\/reteism\/index.php\/wp-json\/wp\/v2\/posts"}],"about":[{"href":"https:\/\/reteitalianaism.it\/reteism\/index.php\/wp-json\/wp\/v2\/types\/post"}],"author":[{"embeddable":true,"href":"https:\/\/reteitalianaism.it\/reteism\/index.php\/wp-json\/wp\/v2\/users\/6"}],"replies":[{"embeddable":true,"href":"https:\/\/reteitalianaism.it\/reteism\/index.php\/wp-json\/wp\/v2\/comments?post=23816"}],"version-history":[{"count":2,"href":"https:\/\/reteitalianaism.it\/reteism\/index.php\/wp-json\/wp\/v2\/posts\/23816\/revisions"}],"predecessor-version":[{"id":23822,"href":"https:\/\/reteitalianaism.it\/reteism\/index.php\/wp-json\/wp\/v2\/posts\/23816\/revisions\/23822"}],"wp:attachment":[{"href":"https:\/\/reteitalianaism.it\/reteism\/index.php\/wp-json\/wp\/v2\/media?parent=23816"}],"wp:term":[{"taxonomy":"category","embeddable":true,"href":"https:\/\/reteitalianaism.it\/reteism\/index.php\/wp-json\/wp\/v2\/categories?post=23816"},{"taxonomy":"post_tag","embeddable":true,"href":"https:\/\/reteitalianaism.it\/reteism\/index.php\/wp-json\/wp\/v2\/tags?post=23816"}],"curies":[{"name":"wp","href":"https:\/\/api.w.org\/{rel}","templated":true}]}}