{"id":2383,"date":"2013-03-09T18:08:03","date_gmt":"2013-03-09T17:08:03","guid":{"rendered":"http:\/\/reteitalianaism.it\/public_html\/?p=2383"},"modified":"2013-03-09T18:08:03","modified_gmt":"2013-03-09T17:08:03","slug":"il-funerale-di-mohamed-porta-liof-allinvasione-del-villaggio","status":"publish","type":"post","link":"https:\/\/reteitalianaism.it\/reteism\/index.php\/2013\/03\/09\/il-funerale-di-mohamed-porta-liof-allinvasione-del-villaggio\/","title":{"rendered":"Il funerale di Mohamed porta l&#8217;IOF all&#8217;invasione del villaggio"},"content":{"rendered":"<p style=\"text-align: justify;\">fonte: http:\/\/palsolidarity.org<\/p>\n<p style=\"text-align: justify;\"><strong>9th March 2013| Lisa Marchant, Occupied Palestine<\/strong><\/p>\n<p style=\"text-align: justify;\">Mohammed Asfour, ragazzo di 23 anni, \u00e8 morto il 7 marzo, per le ferite riportate durante una manifestazione in solidariet\u00e0 con i prigionieri palestinesi in sciopero della fame nelle carceri israeliane. E&#8217; stato colpito alla testa con un proiettile di gomma\/acciaio alla manifestazione del 22 febbraio, \u00e8 stato curato nell\u2019ospedale israeliano Echilov, ma alla fine, gioved\u00ec, \u00e8 deceduto per le ferite.<\/p>\n<p><img loading=\"lazy\" decoding=\"async\" class=\"alignleft\" alt=\"\" src=\"http:\/\/palsolidarity.org\/wp-content\/uploads\/2013\/03\/Mohammad-600x399.jpg\" width=\"360\" height=\"239\" \/>Il funerale si \u00e8 svolto il giorno successivo, venerd\u00ec 8 marzo, con un corteo di auto ornate di bandiere palestinesi che ha seguito il corpo di Mohamed da Ramallah al paese natale di Aboud. C&#8217;era gi\u00e0 una forte presenza della polizia israeliana, dell&#8217;esercito, e della polizia di frontiera all&#8217;ingresso del villaggio, dove circa 2000 persone provenienti dai villaggi circostanti e da tutta la West Bank sono convenute per onorare il defunto. <!--more-->Il corpo di Mohamed \u00e8 stato trasportato a casa sua, poi alla moschea, dove si sono tenute le preghiere. E&#8217; stato poi portato al cimitero del paese e sepolto.<br \/>\nGi\u00e0 durante la sepoltura, era possibile sentire gas lacrimogeni sparati dai soldati che circondavano l&#8217;ingresso del villaggio. Sono cos\u00ec scoppiati scontri tra l&#8217;esercito e le persone in lutto, che si sono mosse per proteggere il loro villaggio ed esprimere la rabbia e l\u2019indignazione per la morte di uno dei loro cari. Pietre lanciate contro i veicoli militari d&#8217;invasione da parte di giovani palestinesi sono state accolte con raffiche di lacrimogeni e proiettili di gomma\/acciaio.<\/p>\n<p>I blocchi posti dai palestinesi sulla strada per il villaggio sono stati eliminati da un bulldozer dell&#8217;esercito, consentendo cos\u00ec ad un mezzo dell\u2019esercito di inondare aree residenziali con \u201cskunk water\u201d maleodorante. Diverse persone sono rimaste ferite da proiettili di acciaio rivestiti di gomma e gas lacrimogeni e c\u2019\u00e8 stato bisogno dell\u2019intervento degli infermieri della Mezzaluna Rossa. Molti manifestanti hanno subito gli effetti di gas lacrimogeno per inalazione. Gli scontri sono continuati fino a tarda sera.<\/p>\n<p>Mohamed \u00e8 il sesto morto nel 2013 causato dagli spari dei soldati israeliani in Cisgiordania e a Gaza. Vi \u00e8 assenza di responsabilit\u00e0 per i soldati israeliani che hanno causato queste morti. Le indagini tendono ad essere inutili quando e se si verificano, e raramente si \u00e8 arrivati ad una punizione, per non parlare di condanna per i responsabili. Delle 240 denunce contro l&#8217;IOF, che sono state registrate nel 2012, una sola \u00e8 diventata un atto d&#8217;accusa.<\/p>\n<p>La manifestazione che ha portato alla morte di Mohamed era in solidariet\u00e0 con i prigionieri palestinesi nelle carceri israeliane, molti dei quali sono in sciopero della fame, cos\u00ec come per il prigioniero Arafat Jaradat che \u00e8 stato torturato a morte in un carcere israeliano.<\/p>\n<p style=\"text-align: justify;\">\n","protected":false},"excerpt":{"rendered":"<p>fonte: http:\/\/palsolidarity.org 9th March 2013| Lisa Marchant, Occupied Palestine Mohammed Asfour, ragazzo di 23 anni, \u00e8 morto il 7 marzo, per le ferite riportate durante una manifestazione in solidariet\u00e0 con i prigionieri palestinesi in sciopero della fame nelle carceri israeliane. &hellip; <a href=\"https:\/\/reteitalianaism.it\/reteism\/index.php\/2013\/03\/09\/il-funerale-di-mohamed-porta-liof-allinvasione-del-villaggio\/\">Continue reading <span class=\"meta-nav\">&rarr;<\/span><\/a><\/p>\n","protected":false},"author":2,"featured_media":0,"comment_status":"open","ping_status":"open","sticky":false,"template":"","format":"standard","meta":{"footnotes":""},"categories":[1],"tags":[22,44,52],"class_list":["post-2383","post","type-post","status-publish","format-standard","hentry","category-senza-categoria","tag-diritti-prigionieri","tag-sciopero-della-fame-2","tag-vittime-inutili"],"_links":{"self":[{"href":"https:\/\/reteitalianaism.it\/reteism\/index.php\/wp-json\/wp\/v2\/posts\/2383","targetHints":{"allow":["GET"]}}],"collection":[{"href":"https:\/\/reteitalianaism.it\/reteism\/index.php\/wp-json\/wp\/v2\/posts"}],"about":[{"href":"https:\/\/reteitalianaism.it\/reteism\/index.php\/wp-json\/wp\/v2\/types\/post"}],"author":[{"embeddable":true,"href":"https:\/\/reteitalianaism.it\/reteism\/index.php\/wp-json\/wp\/v2\/users\/2"}],"replies":[{"embeddable":true,"href":"https:\/\/reteitalianaism.it\/reteism\/index.php\/wp-json\/wp\/v2\/comments?post=2383"}],"version-history":[{"count":3,"href":"https:\/\/reteitalianaism.it\/reteism\/index.php\/wp-json\/wp\/v2\/posts\/2383\/revisions"}],"predecessor-version":[{"id":2386,"href":"https:\/\/reteitalianaism.it\/reteism\/index.php\/wp-json\/wp\/v2\/posts\/2383\/revisions\/2386"}],"wp:attachment":[{"href":"https:\/\/reteitalianaism.it\/reteism\/index.php\/wp-json\/wp\/v2\/media?parent=2383"}],"wp:term":[{"taxonomy":"category","embeddable":true,"href":"https:\/\/reteitalianaism.it\/reteism\/index.php\/wp-json\/wp\/v2\/categories?post=2383"},{"taxonomy":"post_tag","embeddable":true,"href":"https:\/\/reteitalianaism.it\/reteism\/index.php\/wp-json\/wp\/v2\/tags?post=2383"}],"curies":[{"name":"wp","href":"https:\/\/api.w.org\/{rel}","templated":true}]}}