{"id":2390,"date":"2013-03-11T17:55:12","date_gmt":"2013-03-11T16:55:12","guid":{"rendered":"http:\/\/reteitalianaism.it\/public_html\/?p=2390"},"modified":"2013-03-12T12:42:34","modified_gmt":"2013-03-12T11:42:34","slug":"tagliati-80-ulivi-vicino-a-betlemme","status":"publish","type":"post","link":"https:\/\/reteitalianaism.it\/reteism\/index.php\/2013\/03\/11\/tagliati-80-ulivi-vicino-a-betlemme\/","title":{"rendered":"Tagliati 80 ulivi vicino a Betlemme"},"content":{"rendered":"<div>\n<p style=\"text-align: justify;\"><strong><em>fonte: un volontario ISM nella Palestina occupata<\/em><\/strong><\/p>\n<p style=\"text-align: justify;\">Naeim Abdel Rahman Fannoun \u00e8 un anziano signore palestinese proprietario di un piccolo pezzo di terra nei dintorni di Nahalin, al confine con due colonie illegali, Gavaot e Rosh Zurim.<\/p>\n<p style=\"text-align: justify;\">Due giorni fa, di notte, un gruppo di coloni ha tagliato 80 ulivi sul suo terreno. Questi alberi avevano tutti almeno quarant\u2019anni di vita.<\/p>\n<div><iframe width='425' height='344' src='\/\/www.youtube.com\/embed\/Dw_bpSEoXkM?autoplay=0&loop=0&rel=0' frameborder='0' allowfullscreen><\/iframe><\/div>\n<p style=\"text-align: justify;\">Il giorno prima la famiglia Fannoun era stata sulla terra a lavorare fino alle 3 di pomeriggio, come ogni giorno, in questo periodo di manutenzione degli ulivi. Il giorno seguente, per\u00f2, un membro della famiglia \u00e8 arrivato sul posto e ha trovato tutti gli ulivi tagliati, probabilmente con delle seghe a mano. Una violenza sicuramente frutto dell\u2019azione di non una, ma molte persone.<!--more--><\/p>\n<p style=\"text-align: justify;\">La famiglia ha subito chiamato la polizia israeliana e si \u00e8 recata alla colonia illegale di Gush Etzion per sporgere denuncia. La polizia, come spesso succede in casi di violenza da parte dei coloni, ha tergiversato, dicendo alla famiglia che avrebbero svolto delle indagini, senza per\u00f2 far sapere nulla nei giorni seguenti ai fatti.\u00a0 Secondo Naeim la polizia non far\u00e0 niente, dato che non \u00e8 la prima volta che succede una cosa simile. Nel 1992, infatti, i coloni avevano gi\u00e0 compiuto questi atti di vandalismo, rimanendo impuniti.<\/p>\n<p style=\"text-align: justify;\">Gavaot prima non era una colonia ma un territorio palestinese. I soldati negli anni \u201980 hanno occupato quest\u2019area dichiarandola zona militare e solo nel 2007-2008 \u00e8 stata costruita la colonia. Vicino al villaggio di Nahalin ci sono altre colonie: Rosh Zurim, Betar Illit e Beit Ain.<\/p>\n<p style=\"text-align: justify;\">A Rosh Zurim, che si trova in cima alla collina che circonda Nahalin, \u00e8 stato costruito un allevamento di bestiame, che si affaccia sul campo di ulivi di Naeim e sui terreni tutt\u2019intorno. I liquami di scarto e gli escrementi animali di quest\u2019allevamento, vengono sistematicamente riversati sulla collina, inquinando tutti i terreni sottostanti e di conseguenza provocando la lenta morte delle coltivazioni presenti. A Betar Illit, che si trova dal lato opposto, in maniera simile vengono riempite intere cisterne di liquidi fognari e di scarto. Una volta piene vengono anch\u2019esse svuotate sui terreni circostanti Nahalin.<\/p>\n<p style=\"text-align: justify;\">Il campo di ulivi di Naeim, inoltre, si trova esattamente in mezzo alla strada che collega l\u2019area di Etzion con quella di Beit Shemesh in Israele e, secondo le mire israeliane, sul suo terreno verrebbe costruita la strada che collegherebbe quest\u2019area con Tel Aviv. I coloni, quindi, con l\u2019appoggio dell\u2019esercito compiono queste azioni per intimidire e per costringere Naeim e gli altri proprietari delle terre circostanti, ad abbandonarle.<\/p>\n<p style=\"text-align: justify;\">Questi per\u00f2 non sanno che questa terra appartiene alla famiglia Fannoun da molte generazioni \u2013 come ci ha spiegato Naeim \u2013 e che nonostante tutto lui continuer\u00e0 a lavorarla, non lasciandola in pasto alle mire espansionistiche dell\u2019occupazione sionista dell\u2019area.<\/p>\n<\/div>\n<p>&nbsp;<\/p>\n","protected":false},"excerpt":{"rendered":"<p>fonte: un volontario ISM nella Palestina occupata Naeim Abdel Rahman Fannoun \u00e8 un anziano signore palestinese proprietario di un piccolo pezzo di terra nei dintorni di Nahalin, al confine con due colonie illegali, Gavaot e Rosh Zurim. Due giorni fa, &hellip; <a href=\"https:\/\/reteitalianaism.it\/reteism\/index.php\/2013\/03\/11\/tagliati-80-ulivi-vicino-a-betlemme\/\">Continue reading <span class=\"meta-nav\">&rarr;<\/span><\/a><\/p>\n","protected":false},"author":2,"featured_media":0,"comment_status":"open","ping_status":"open","sticky":false,"template":"","format":"standard","meta":{"footnotes":""},"categories":[1],"tags":[],"class_list":["post-2390","post","type-post","status-publish","format-standard","hentry","category-senza-categoria"],"_links":{"self":[{"href":"https:\/\/reteitalianaism.it\/reteism\/index.php\/wp-json\/wp\/v2\/posts\/2390","targetHints":{"allow":["GET"]}}],"collection":[{"href":"https:\/\/reteitalianaism.it\/reteism\/index.php\/wp-json\/wp\/v2\/posts"}],"about":[{"href":"https:\/\/reteitalianaism.it\/reteism\/index.php\/wp-json\/wp\/v2\/types\/post"}],"author":[{"embeddable":true,"href":"https:\/\/reteitalianaism.it\/reteism\/index.php\/wp-json\/wp\/v2\/users\/2"}],"replies":[{"embeddable":true,"href":"https:\/\/reteitalianaism.it\/reteism\/index.php\/wp-json\/wp\/v2\/comments?post=2390"}],"version-history":[{"count":6,"href":"https:\/\/reteitalianaism.it\/reteism\/index.php\/wp-json\/wp\/v2\/posts\/2390\/revisions"}],"predecessor-version":[{"id":2401,"href":"https:\/\/reteitalianaism.it\/reteism\/index.php\/wp-json\/wp\/v2\/posts\/2390\/revisions\/2401"}],"wp:attachment":[{"href":"https:\/\/reteitalianaism.it\/reteism\/index.php\/wp-json\/wp\/v2\/media?parent=2390"}],"wp:term":[{"taxonomy":"category","embeddable":true,"href":"https:\/\/reteitalianaism.it\/reteism\/index.php\/wp-json\/wp\/v2\/categories?post=2390"},{"taxonomy":"post_tag","embeddable":true,"href":"https:\/\/reteitalianaism.it\/reteism\/index.php\/wp-json\/wp\/v2\/tags?post=2390"}],"curies":[{"name":"wp","href":"https:\/\/api.w.org\/{rel}","templated":true}]}}