{"id":2587,"date":"2013-04-15T16:49:19","date_gmt":"2013-04-15T14:49:19","guid":{"rendered":"http:\/\/reteitalianaism.it\/public_html\/?p=2587"},"modified":"2013-04-18T22:29:53","modified_gmt":"2013-04-18T20:29:53","slug":"lumanita-non-ha-nazionalita-il-secondo-anniversario-dallassassinio-di-vittorio-arrigoni","status":"publish","type":"post","link":"https:\/\/reteitalianaism.it\/reteism\/index.php\/2013\/04\/15\/lumanita-non-ha-nazionalita-il-secondo-anniversario-dallassassinio-di-vittorio-arrigoni\/","title":{"rendered":"L&#8217;umanit\u00e0 non ha nazionalit\u00e0: il secondo anniversario dall&#8217;assassinio di Vittorio Arrigoni"},"content":{"rendered":"<p style=\"text-align: justify;\"><strong>15 Aprile 2013 | International Solidarity Movement, Nabi Saleh,Palestina Occupata<\/strong><\/p>\n<p style=\"text-align: justify;\"><img loading=\"lazy\" decoding=\"async\" class=\"alignleft\" alt=\"\" src=\"http:\/\/palsolidarity.org\/wp-content\/uploads\/2011\/12\/Vittorio31.jpg\" width=\"242\" height=\"310\" \/>\u201c<em>Dobbiamo restare umani anche nei momenti pi\u00f9 difficili, perch\u00e9 nonostante tutto l&#8217;umanit\u00e0 deve esserci sempre dentro di noi e dobbiamo portarla agli altri<\/em> \u201d -Vittorio Arrigoni<\/p>\n<p style=\"text-align: justify;\">Ricorre oggi il secondo anniversario dell&#8217;assassinio nella striscia di Gaza del nostro compagno attivista dell&#8217;ISM\u00a0Vittorio Arrigoni.<\/p>\n<p style=\"text-align: justify;\">Vittorio arriv\u00f2 a Gaza (con una imbarcazione del Free Gaza Movement, ndt.) con circa 40 altri attivisti internazionali\u00a0il 23 agosto 2009, interrompendo l&#8217;assedio israeliano su Gaza. Descrisse quel momento come uno dei pi\u00f9 felici della sua vita:\u201d <em>Divenne chiaro,non solo al mondo,ma anche ai Palestinesi, che ci sono persone disponibili a spendere la propria vita\u00a0 per venire ed abbracciare qui a Gaza i loro fratelli<\/em>\u201d<\/p>\n<p style=\"text-align: justify;\">Dal suo arrivo fino al suo assassinio, avvenuto il 15 aprile 2011, Vittorio \u00e8 stato a Gaza per lavorare con l&#8217;ISM dove era regolarmente presente a manifestazioni, aiutando sia\u00a0contadini che\u00a0pescatori e dove documentava gli innumerevoli crimini israeliani contro l&#8217;umanit\u00e0, di cui era testimone.<\/p>\n<p style=\"text-align: justify;\">Vittorio era a Gaza durante l&#8217;Operazione Piombo Fuso che massacr\u00f2 centinaia di civili palestinesi disarmati.<!--more--><\/p>\n<p style=\"text-align: justify;\">In un&#8217;intervista disse: \u201c<em>Provengo da una famiglia partigiana, mio nonno combatt\u00e8 e mor\u00ec combattendo contro l&#8217;occupazione nazi-fascista.\u00a0 Presumibilmente per quella ragione nel mio DNA, nel mio sangue, ci sono particelle che mi spingono a lottare per la libert\u00e0 e per i diritti umani<\/em>\u201d .<\/p>\n<p style=\"text-align: justify;\">Cos\u00ec come i bambini di Gaza continuano a nascere sotto l&#8217;assedio e il popolo Palestinese soffre tutti i giorni la brutalit\u00e0 dell&#8217;occupazione, il miglior modo di onorare la memoria di Vittorio Arrigoni \u00e8 di continuare il suo lavoro e non smettere mai di resistere. Vittorio continua ad essere un&#8217;ispirazione per ogni popolo che resiste all&#8217;ingiustizia e alla disumanit\u00e0 in ogni parte del mondo. Per richiamare una delle sue citazioni preferite \u201c<em>Un vincitore \u00e8 solo un sognatore che non ha mai smesso di sognare<\/em>\u201d.<\/p>\n<p style=\"text-align: justify;\">Vittorio,non ti dimenticheremo mai.<\/p>\n","protected":false},"excerpt":{"rendered":"<p>15 Aprile 2013 | International Solidarity Movement, Nabi Saleh,Palestina Occupata \u201cDobbiamo restare umani anche nei momenti pi\u00f9 difficili, perch\u00e9 nonostante tutto l&#8217;umanit\u00e0 deve esserci sempre dentro di noi e dobbiamo portarla agli altri \u201d -Vittorio Arrigoni Ricorre oggi il secondo &hellip; <a href=\"https:\/\/reteitalianaism.it\/reteism\/index.php\/2013\/04\/15\/lumanita-non-ha-nazionalita-il-secondo-anniversario-dallassassinio-di-vittorio-arrigoni\/\">Continue reading <span class=\"meta-nav\">&rarr;<\/span><\/a><\/p>\n","protected":false},"author":5,"featured_media":0,"comment_status":"open","ping_status":"open","sticky":false,"template":"","format":"standard","meta":{"footnotes":""},"categories":[1],"tags":[],"class_list":["post-2587","post","type-post","status-publish","format-standard","hentry","category-senza-categoria"],"_links":{"self":[{"href":"https:\/\/reteitalianaism.it\/reteism\/index.php\/wp-json\/wp\/v2\/posts\/2587","targetHints":{"allow":["GET"]}}],"collection":[{"href":"https:\/\/reteitalianaism.it\/reteism\/index.php\/wp-json\/wp\/v2\/posts"}],"about":[{"href":"https:\/\/reteitalianaism.it\/reteism\/index.php\/wp-json\/wp\/v2\/types\/post"}],"author":[{"embeddable":true,"href":"https:\/\/reteitalianaism.it\/reteism\/index.php\/wp-json\/wp\/v2\/users\/5"}],"replies":[{"embeddable":true,"href":"https:\/\/reteitalianaism.it\/reteism\/index.php\/wp-json\/wp\/v2\/comments?post=2587"}],"version-history":[{"count":8,"href":"https:\/\/reteitalianaism.it\/reteism\/index.php\/wp-json\/wp\/v2\/posts\/2587\/revisions"}],"predecessor-version":[{"id":2627,"href":"https:\/\/reteitalianaism.it\/reteism\/index.php\/wp-json\/wp\/v2\/posts\/2587\/revisions\/2627"}],"wp:attachment":[{"href":"https:\/\/reteitalianaism.it\/reteism\/index.php\/wp-json\/wp\/v2\/media?parent=2587"}],"wp:term":[{"taxonomy":"category","embeddable":true,"href":"https:\/\/reteitalianaism.it\/reteism\/index.php\/wp-json\/wp\/v2\/categories?post=2587"},{"taxonomy":"post_tag","embeddable":true,"href":"https:\/\/reteitalianaism.it\/reteism\/index.php\/wp-json\/wp\/v2\/tags?post=2587"}],"curies":[{"name":"wp","href":"https:\/\/api.w.org\/{rel}","templated":true}]}}