{"id":2613,"date":"2013-04-17T12:52:40","date_gmt":"2013-04-17T10:52:40","guid":{"rendered":"http:\/\/reteitalianaism.it\/public_html\/?p=2613"},"modified":"2013-04-17T12:52:40","modified_gmt":"2013-04-17T10:52:40","slug":"in-ricordo-di-tom-hurndall-colpito-alla-testa-da-un-cecchino-israeliano-10-anni-fa","status":"publish","type":"post","link":"https:\/\/reteitalianaism.it\/reteism\/index.php\/2013\/04\/17\/in-ricordo-di-tom-hurndall-colpito-alla-testa-da-un-cecchino-israeliano-10-anni-fa\/","title":{"rendered":"In ricordo di Tom Hurndall, colpito alla testa da un cecchino israeliano 10 anni fa"},"content":{"rendered":"<p style=\"text-align: justify;\"><strong>11 aprile 2013 | Palestina occupata<\/strong><\/p>\n<p style=\"text-align: justify;\"><img loading=\"lazy\" decoding=\"async\" class=\"alignleft\" alt=\"\" src=\"http:\/\/palsolidarity.org\/wp-content\/uploads\/2010\/04\/tom.png\" width=\"226\" height=\"150\" \/>L&#8217;International Solidarity Movement\u00a0 ricorda oggi Tom Hurndall, un volontario ISM che 10 anni fa, l&#8217;11 aprile 2003 \u00e8 stato colpito alla testa da un cecchino israeliano.<\/p>\n<p style=\"text-align: justify;\">L&#8217;esercito israeliano stava invadendo la citt\u00e0 di Rafah, nella Striscia di Gaza quando Tom e gli altri volontari dell&#8217;ISM hanno visto un gruppo di bambini\u00a0 che si trovavano su una strada presa di mira dai cecchini. I testimoni hanno raccontato che gli sparii mancavano deliberatamente i \u00a0bambini che paralizzati dalla paura erano incapaci di muoversi . Tom dopo aver messo in sicurezza un bambino, \u00e8 tornato per salvarne un secondo, ed \u00e8 stato a quel punto che \u00e8 stato colpito alla testa da un cecchino.<!--more--><\/p>\n<p style=\"text-align: justify;\">Tom \u00e8 andato in coma ed morto nove mesi pi\u00f9 tardi il 13 gennaio 2004. Aveva 22 anni. Oggi, nel giorno che in cui \u00e8 stato colpito a morte, rendiamo omaggio al coraggio di Tom. I nostri pensieri sono con la sua famiglia e gli amici. Continuiamo ad essere solidali \u00a0con il popolo palestinese cos\u00ec come avrebbe voluto Tom.<\/p>\n<p style=\"text-align: justify;\"><i>Che cosa voglio da questa vita? Cosa ti rende felice non \u00e8 sufficiente. Tutte le cose che soddisfano i nostri istinti servono solo a soddisfare l&#8217;animale che \u00e8 in noi. Voglio essere orgoglioso di me stesso. Voglio di pi\u00f9. Voglio guardare \u00a0me stesso e quando morir\u00f2, voglio sorridere a causa delle cose che ho fatto, non piangere per le cose che non ho fatto &#8220;-. Tom Hurndall<\/i><\/p>\n<p style=\"text-align: justify;\"><em>Traduzione: Nuraddin<\/em><\/p>\n","protected":false},"excerpt":{"rendered":"<p>11 aprile 2013 | Palestina occupata L&#8217;International Solidarity Movement\u00a0 ricorda oggi Tom Hurndall, un volontario ISM che 10 anni fa, l&#8217;11 aprile 2003 \u00e8 stato colpito alla testa da un cecchino israeliano. L&#8217;esercito israeliano stava invadendo la citt\u00e0 di Rafah, &hellip; <a href=\"https:\/\/reteitalianaism.it\/reteism\/index.php\/2013\/04\/17\/in-ricordo-di-tom-hurndall-colpito-alla-testa-da-un-cecchino-israeliano-10-anni-fa\/\">Continue reading <span class=\"meta-nav\">&rarr;<\/span><\/a><\/p>\n","protected":false},"author":5,"featured_media":0,"comment_status":"open","ping_status":"open","sticky":false,"template":"","format":"standard","meta":{"footnotes":""},"categories":[1],"tags":[],"class_list":["post-2613","post","type-post","status-publish","format-standard","hentry","category-senza-categoria"],"_links":{"self":[{"href":"https:\/\/reteitalianaism.it\/reteism\/index.php\/wp-json\/wp\/v2\/posts\/2613","targetHints":{"allow":["GET"]}}],"collection":[{"href":"https:\/\/reteitalianaism.it\/reteism\/index.php\/wp-json\/wp\/v2\/posts"}],"about":[{"href":"https:\/\/reteitalianaism.it\/reteism\/index.php\/wp-json\/wp\/v2\/types\/post"}],"author":[{"embeddable":true,"href":"https:\/\/reteitalianaism.it\/reteism\/index.php\/wp-json\/wp\/v2\/users\/5"}],"replies":[{"embeddable":true,"href":"https:\/\/reteitalianaism.it\/reteism\/index.php\/wp-json\/wp\/v2\/comments?post=2613"}],"version-history":[{"count":2,"href":"https:\/\/reteitalianaism.it\/reteism\/index.php\/wp-json\/wp\/v2\/posts\/2613\/revisions"}],"predecessor-version":[{"id":2615,"href":"https:\/\/reteitalianaism.it\/reteism\/index.php\/wp-json\/wp\/v2\/posts\/2613\/revisions\/2615"}],"wp:attachment":[{"href":"https:\/\/reteitalianaism.it\/reteism\/index.php\/wp-json\/wp\/v2\/media?parent=2613"}],"wp:term":[{"taxonomy":"category","embeddable":true,"href":"https:\/\/reteitalianaism.it\/reteism\/index.php\/wp-json\/wp\/v2\/categories?post=2613"},{"taxonomy":"post_tag","embeddable":true,"href":"https:\/\/reteitalianaism.it\/reteism\/index.php\/wp-json\/wp\/v2\/tags?post=2613"}],"curies":[{"name":"wp","href":"https:\/\/api.w.org\/{rel}","templated":true}]}}