{"id":2623,"date":"2013-04-18T22:29:24","date_gmt":"2013-04-18T20:29:24","guid":{"rendered":"http:\/\/reteitalianaism.it\/public_html\/?p=2623"},"modified":"2013-05-14T22:28:44","modified_gmt":"2013-05-14T20:28:44","slug":"training-di-formazione-a-pistoia-18-19-maggio","status":"publish","type":"post","link":"https:\/\/reteitalianaism.it\/reteism\/index.php\/2013\/04\/18\/training-di-formazione-a-pistoia-18-19-maggio\/","title":{"rendered":"Training di formazione"},"content":{"rendered":"<p align=\"JUSTIFY\"><img loading=\"lazy\" decoding=\"async\" class=\"alignleft\" alt=\"\" src=\"http:\/\/reteitalianaism.it\/public_html\/wp-content\/uploads\/2012\/12\/palestine036-741x1024.gif\" width=\"214\" height=\"294\" \/>La <strong>Rete italiana ISM <\/strong>organizza un <b>training di formazione a Pistoia nei giorni 18 e 19 Maggio<\/b>.<\/p>\n<p align=\"JUSTIFY\"><strong>a Napoli nei giorni 25 e\u00a0 26 maggio<\/strong><\/p>\n<p align=\"JUSTIFY\"><strong>a Palermo nei giorni 8 e 9 giugno<\/strong><\/p>\n<p align=\"JUSTIFY\"><strong>a Milano nei giorni 15 e 16 giugno<\/strong><br \/>\nIl training \u00e8 aperto a chiunque sia interessato ad andare in Palestina con ISM.<\/p>\n<p align=\"JUSTIFY\">Durante il training verr\u00e0 spiegato cos\u2019\u00e8 e come funziona l\u2019ISM, saranno raccontate le esperienze di chi \u00e8 stato gi\u00f9, verranno spiegati elementi di cultura palestinese, sar\u00e0 introdotto e praticato il metodo del consenso, verranno date informazioni legali, consigli pratici e si cercher\u00e0 di chiarire ogni dubbio. Si alterneranno parti in cui verranno fornite informazioni e parti di discussione a momenti in cui i partecipanti si metteranno in gioco attivamente con attivit\u00e0 pratiche. Sar\u00e0 un&#8217;occasione per capire se l&#8217;International Solidarity Movement \u00e8 il modo che fa per voi per supportare la lotta di liberazione del popolo palestinese. Per dare la possibilit\u00e0 a tutt* di esprimersi ed essere attivamente partecipi alle attivit\u00e0, il numero massimo di partecipanti \u00e8 fissato a 15.<!--more--><\/p>\n<p align=\"JUSTIFY\">Il training inizier\u00e0 la mattina di sabato e terminer\u00e0 nel tardo pomeriggio di domenica.<\/p>\n<p>Il costo del training \u00e8 di 15 euro. La quota d&#8217;iscrizione \u00e8 comprensiva dei pasti, del materiale fornito durante il training, di parte dei trasporti dei formatori (qualora arrivassero da un&#8217;altra citt\u00e0) ed il restante verr\u00e0 utilizzato dalla Rete Italiana ISM per le sue iniziative in Italia ed a sostegno degli attivisti presenti in Palestina. Il pranzo di sabato sar\u00e0 condiviso (ciascun* porta qualcosa). Si dormir\u00e0 tutti assieme nello stesso luogo dove ci sar\u00e0 il training, quindi \u00e8 necessario sacco a pelo e stuoino.<img decoding=\"async\" title=\"Continua...\" alt=\"\" src=\"http:\/\/reteitalianaism.it\/public_html\/wp-includes\/js\/tinymce\/plugins\/wordpress\/img\/trans.gif\" \/><\/p>\n<p>Per iscrizioni o informazioni scrivere all&#8217;indirizzo <a href=\"mailto:italianism@inventati.org\" target=\"_blank\">italianism@inventati.org<\/a><\/p>\n<p align=\"RIGHT\">\u201c<i>Sto anche scoprendo una forza straordinaria e una straordinaria capacit\u00e0 elementare dell\u2019essere umano di mantenersi umano anche nelle circostanze pi\u00f9 terribili \u2013 anche di questo non avevo mai fatto esperienza in modo cos\u00ec forte. Credo che la parola giusta sia dignit\u00e0. Come vorrei che tu potessi incontrare questa gente. Chiss\u00e0, forse un giorno succeder\u00e0, speriamo.<\/i>\u201d <b>Rachel Corrie<\/b>, parlando alla madre dei palestinesi che ha conosciuto.<\/p>\n<p>Ulteriori riferimenti ed informazioni:<\/p>\n<p>Che cos&#8217;\u00e8 la Rete italiana ISM: <a href=\"http:\/\/reteitalianaism.it\/public_html\/index.php\/chi-siamo\/\">http:\/\/reteitalianaism.it\/public_html\/index.php\/chi-siamo\/<\/a><\/p>\n<p>Sito in inglese dell&#8217;ISM (international Solidarity Movement): <a href=\"http:\/\/palsolidarity.org\/\" target=\"_blank\">http:\/\/palsolidarity.org\/<\/a><\/p>\n<p>Sito del gruppo di supporto italiano: <a href=\"http:\/\/reteitalianaism.it\/public_html\/index.php\/chi-siamo\/\">http:\/\/reteitalianaism.it\/<\/a> e relativa pagina facebook: <a href=\"https:\/\/www.facebook.com\/ReteItalianaIsm\" target=\"_blank\">https:\/\/www.facebook.com\/ReteItalianaIsm<\/a><\/p>\n","protected":false},"excerpt":{"rendered":"<p>La Rete italiana ISM organizza un training di formazione a Pistoia nei giorni 18 e 19 Maggio. a Napoli nei giorni 25 e\u00a0 26 maggio a Palermo nei giorni 8 e 9 giugno a Milano nei giorni 15 e 16 &hellip; <a href=\"https:\/\/reteitalianaism.it\/reteism\/index.php\/2013\/04\/18\/training-di-formazione-a-pistoia-18-19-maggio\/\">Continue reading <span class=\"meta-nav\">&rarr;<\/span><\/a><\/p>\n","protected":false},"author":5,"featured_media":0,"comment_status":"open","ping_status":"open","sticky":false,"template":"","format":"standard","meta":{"footnotes":""},"categories":[1],"tags":[],"class_list":["post-2623","post","type-post","status-publish","format-standard","hentry","category-senza-categoria"],"_links":{"self":[{"href":"https:\/\/reteitalianaism.it\/reteism\/index.php\/wp-json\/wp\/v2\/posts\/2623","targetHints":{"allow":["GET"]}}],"collection":[{"href":"https:\/\/reteitalianaism.it\/reteism\/index.php\/wp-json\/wp\/v2\/posts"}],"about":[{"href":"https:\/\/reteitalianaism.it\/reteism\/index.php\/wp-json\/wp\/v2\/types\/post"}],"author":[{"embeddable":true,"href":"https:\/\/reteitalianaism.it\/reteism\/index.php\/wp-json\/wp\/v2\/users\/5"}],"replies":[{"embeddable":true,"href":"https:\/\/reteitalianaism.it\/reteism\/index.php\/wp-json\/wp\/v2\/comments?post=2623"}],"version-history":[{"count":9,"href":"https:\/\/reteitalianaism.it\/reteism\/index.php\/wp-json\/wp\/v2\/posts\/2623\/revisions"}],"predecessor-version":[{"id":2783,"href":"https:\/\/reteitalianaism.it\/reteism\/index.php\/wp-json\/wp\/v2\/posts\/2623\/revisions\/2783"}],"wp:attachment":[{"href":"https:\/\/reteitalianaism.it\/reteism\/index.php\/wp-json\/wp\/v2\/media?parent=2623"}],"wp:term":[{"taxonomy":"category","embeddable":true,"href":"https:\/\/reteitalianaism.it\/reteism\/index.php\/wp-json\/wp\/v2\/categories?post=2623"},{"taxonomy":"post_tag","embeddable":true,"href":"https:\/\/reteitalianaism.it\/reteism\/index.php\/wp-json\/wp\/v2\/tags?post=2623"}],"curies":[{"name":"wp","href":"https:\/\/api.w.org\/{rel}","templated":true}]}}