{"id":3913,"date":"2014-01-02T22:51:38","date_gmt":"2014-01-02T21:51:38","guid":{"rendered":"http:\/\/reteitalianaism.it\/public_html\/?p=3913"},"modified":"2014-01-02T22:54:57","modified_gmt":"2014-01-02T21:54:57","slug":"26-prigionieri-politici-palestinesi-rilasciati-e-5000-ancora-in-carcere","status":"publish","type":"post","link":"https:\/\/reteitalianaism.it\/reteism\/index.php\/2014\/01\/02\/26-prigionieri-politici-palestinesi-rilasciati-e-5000-ancora-in-carcere\/","title":{"rendered":"26 prigionieri politici palestinesi rilasciati (e 5000 ancora in carcere)"},"content":{"rendered":"<h3 itemprop=\"name\"><em>fonte: http:\/\/libera-palestina.blogspot.it<\/em><\/h3>\n<div id=\"post-body-9129461693718426509\" itemprop=\"description articleBody\">\n<div align=\"JUSTIFY\">26 prigionieri politici che si trovavano nelle carceri israeliane da prima degli accordi di Oslo sono stati rilasciati la notte del 30 dicembre, mentre altri quasi 5000 restano, contro la legge internazionale, in prigioni che si trovano nei territori occupati nel &#8217;48.<\/p>\n<div><\/div>\n<div><a href=\"http:\/\/4.bp.blogspot.com\/-8EMc0Zfg8X4\/UsWpbNf-0YI\/AAAAAAAAAv8\/om-8z7xDnzc\/s1600\/r6.JPG\"><img loading=\"lazy\" decoding=\"async\" alt=\"\" src=\"http:\/\/4.bp.blogspot.com\/-8EMc0Zfg8X4\/UsWpbNf-0YI\/AAAAAAAAAv8\/om-8z7xDnzc\/s400\/r6.JPG\" width=\"400\" height=\"300\" border=\"0\" \/><\/a><\/div>\n<\/div>\n<div align=\"JUSTIFY\"><a name=\"more\"><\/a><\/div>\n<div align=\"JUSTIFY\">Umm Dia&#8217;a pensava che tra i prigionieri rilasciati ci fosse anche suo figlio, glielo avevano detto i vicini, glielo avevano confermato diverse voci, si era preparata per festeggiare, aveva invitato gli amici. Per\u00f2 i sionisti hanno rilasciato la lista di chi veniva liberato solo il giorno prima, e suo figlio non c&#8217;era; c&#8217;era Rami, il figlio di una sua amica, che invece non se l&#8217;aspettava. In tutto, erano presenti 3 prigionieri da Gaza. <!--more--><\/div>\n<div align=\"JUSTIFY\">Umm Dia&#8217;a era talmente triste che non si \u00e8 nemmeno presentata al presidio settimanale in solidariet\u00e0 con i prigionieri che si svolge davanti alla croce rossa, dove invece chi aveva ricevuto la buona notizia festeggiava offrendo pasticcini a tutti i partecipanti. Forse Dia&#8217;a verr\u00e0 liberato con il prossimo gruppo, infatti i 26 prigionieri liberati questa notte sono il terzo gruppo di quattro gruppi, che comprendono in tutto 104 prigionieri politici palestinesi, che si trovano nelle carceri israeliane da prima di Oslo, che Israele ha promesso di liberare come segno di buona volont\u00e0 per ricominciare i cosiddetti colloqui di pace.<\/div>\n<div align=\"JUSTIFY\"><\/div>\n<div align=\"JUSTIFY\"><a href=\"http:\/\/1.bp.blogspot.com\/-8dqJF4PX9kU\/UsWpi5Gu5qI\/AAAAAAAAAwU\/yYi8ud_9HEE\/s1600\/Rrami.jpg\"><img loading=\"lazy\" decoding=\"async\" alt=\"\" src=\"http:\/\/1.bp.blogspot.com\/-8dqJF4PX9kU\/UsWpi5Gu5qI\/AAAAAAAAAwU\/yYi8ud_9HEE\/s320\/Rrami.jpg\" width=\"240\" height=\"320\" border=\"0\" \/><\/a>Dia&#8217;a e Rami sono stati sequestrati dai sionisti quando avevano 16 e 15 anni. Da allora, hanno passato la maggior parte della loro vita in carcere, potendo ricevere solo sporadicamente visite da parte della loro famiglia, senza poter terminare gli studi&#8230; Rami ora ha 35 anni, di cui 20 passati in carcere, con l&#8217;accusa di combattere contro un&#8217;occupazione militare, essa s\u00ec illegale, ingiusta e assassina. Due giorni dopo il rilascio, amici e parenti stanno ancora festeggiando: \u00e8 stata costruita una tenda, e chiunque pu\u00f2 andare a stringere la mano e dare il benvenuto a quest&#8217;uomo tornato finalmente a casa, che quando era partito era solo un adolescente. Rami si trova in un mondo diverso da quello che aveva lasciato, la popolazione di Gaza \u00e8 aumentata di molto, le persone, la situazione politica, tutto \u00e8 cambiato. Eppure, nonostante l&#8217;inevitabile shock, quando lo incontriamo ha le idee chiare su cosa vuole: mentre lui pu\u00f2 riabbracciare la sua famiglia, altri 5000 prigionieri politici restano illegalmente nelle carceri sioniste. Ha tenuto quindi a raccontarci un caso particolare, che sappiamo essere uno su tanti: \u201ctra gli altri che restano in carcere c&#8217;\u00e8 un mio amico, ha problemi di salute, dovrebbe ricevere delle cure che non riceve. Si chiama Ibrahim Elbitar, fate in modo che lo liberino, che possa curarsi!\u201d<\/p>\n<div><a href=\"http:\/\/4.bp.blogspot.com\/-arSLBj6wuf0\/UsWpkGHNVvI\/AAAAAAAAAwc\/0EzH-xw6Nrs\/s1600\/r2.JPG\"><img loading=\"lazy\" decoding=\"async\" alt=\"\" src=\"http:\/\/4.bp.blogspot.com\/-arSLBj6wuf0\/UsWpkGHNVvI\/AAAAAAAAAwc\/0EzH-xw6Nrs\/s320\/r2.JPG\" width=\"320\" height=\"240\" border=\"0\" \/><\/a><\/div>\n<\/div>\n<div align=\"JUSTIFY\"><\/div>\n<div align=\"JUSTIFY\">La notizia \u00e8 quindi che Israele libera questi 104 prigionieri politici palestinesi in segno di buona volont\u00e0 per gli accordi di pace. Libera, appunto, 104 prigionieri mentre 5000 restano ancora in carcere, contro le convenzioni internazionali, contro il buonsenso, ingiustamente, e col silenzio complice delle istituzioni e degli organismi internazionali. Tutti i prigionieri palestinesi nelle carceri israeliane sono prigionieri politici; secondo la quarta convenzione di Ginevra, Israele in quanto potere occupante, non ha diritto di deportare abitanti di Gaza o Cisgiordania nei territori del &#8217;48. La presenza stessa dei prigionieri palestinesi nelle carceri israeliane \u00e8 quindi di per se stessa illegale, oltre che orribile: la liberazione di circa il 2% di questi prigionieri, non ci porta pi\u00f9 avanti del 2% del percorso verso la giustizia per tutti i prigionieri politici palestinesi nelle carceri israeliane.<\/div>\n<div align=\"JUSTIFY\">\n<p><a href=\"http:\/\/1.bp.blogspot.com\/-FuCPzTfdVKw\/UsWpaaBiTDI\/AAAAAAAAAwA\/Mj65uhhbQhs\/s1600\/r9.JPG\"><img loading=\"lazy\" decoding=\"async\" alt=\"\" src=\"http:\/\/1.bp.blogspot.com\/-FuCPzTfdVKw\/UsWpaaBiTDI\/AAAAAAAAAwA\/Mj65uhhbQhs\/s320\/r9.JPG\" width=\"240\" height=\"320\" border=\"0\" \/><\/a><\/p>\n<\/div>\n<div align=\"JUSTIFY\">Addameer, associazione per i diritti umani che si occupa dei prigionieri politici palestinesi nelle carceri israeliane, ricorda come prima dell&#8217;inizio di molte di queste fasi del cosiddetto processo di pace siano stati liberati diversi prigionieri. Ma nel frattempo altri venivano arrestati, cosicch\u00e9 il numero totale di prigionieri politici palestinesi rimaneva pressoch\u00e9 costante. Inoltre, non venivano cambiate le pratiche sioniste come quella della detenzione amministrativa, che prevede il carcere senza che venga dichiarata la ragione dell&#8217;arresto. Non solo: i prigionieri liberati in questi casi devono sottostare ad alcune regole, per esempio chi viene liberato a Gaza non pu\u00f2 uscire dalla Striscia per 10 anni, e non pu\u00f2 essere coinvolto in attivit\u00e0 politica. Dopodich\u00e9, se vengono riarrestati, devono scontare tutta la pena che non hanno scontato grazie allo scambio. Un esempio famoso di questo caso sia Samer Issawi, che, rilasciato con lo scambio con Gilad Shalid, \u00e8 stato sequestrato di nuovo dalle forze di occupazione e incarcerato con la formula della detenzione amministrativa, e avrebbe dovuto scontare nuovamente tutta la pena, se non avesse messo in gioco la sua vita tramite un lunghissimo sciopero della fame che \u00e8 riuscito ad attirare l&#8217;attenzione internazionale e ha infine portato ala sua liberazione a Gerusalemme.<\/div>\n<div align=\"JUSTIFY\"><\/div>\n<div align=\"JUSTIFY\">Mentre questi prigionieri vengono rilasciati, Israele promette un&#8217;ulteriore espansione delle colonie illegali in Cisgiordania e Gerusalemme, e la notizia passa in secondo piano, facendo apparire come un segno di buona volont\u00e0 da parte di Israele la liberazione di questi prigionieri, mentre l&#8217;espansione coloniale illegale non viene considerata un ostacolo insormontabile al \u201cprocesso di pace\u201d. Forse dovremmo cambiare il linguaggio, smettere di sforzarci di ottenere un processo di pace, e puntare verso un processo di decolonizzazione: porterebbe pi\u00f9 rapidamente alla giustizia e quindi, infine, alla pace. Tanto pi\u00f9 che questo \u201cprocesso di pace\u201d ha sempre pi\u00f9 l&#8217;apparenza di un \u201cprogetto di espansione coloniale sionista.\u201d<\/p>\n<div><a href=\"http:\/\/3.bp.blogspot.com\/-lWaMieJAJlY\/UsWpbhGR65I\/AAAAAAAAAwM\/CiRcpDKE8Sg\/s1600\/r12.JPG\"><img loading=\"lazy\" decoding=\"async\" alt=\"\" src=\"http:\/\/3.bp.blogspot.com\/-lWaMieJAJlY\/UsWpbhGR65I\/AAAAAAAAAwM\/CiRcpDKE8Sg\/s320\/r12.JPG\" width=\"320\" height=\"240\" border=\"0\" \/><\/a><\/div>\n<\/div>\n<div align=\"JUSTIFY\"><\/div>\n<div align=\"JUSTIFY\">Nonostante la gioia per la liberazione di questi detenuti, quindi, la vittoria politica appare quantomeno parziale. Addameer chiede, pertanto, il rilascio di tutti i prigionieri politici palestinesi nelle carceri israeliane: cos\u00ec come \u00e8 successo per il Sudafrica, chiede che la liberazione di tutti i detenuti sia presupposto antecedente all&#8217;inizio del cosiddetto processo di pace.<\/div>\n<div><\/div>\n<\/div>\n<p>Pubblicato da <span itemprop=\"author\" itemscope=\"itemscope\" itemtype=\"http:\/\/schema.org\/Person\"> <span itemprop=\"name\">Silvia Todeschini<\/span> <\/span> a <a title=\"permanent link\" href=\"http:\/\/libera-palestina.blogspot.it\/2014\/01\/26-prigionieri-politici-palestinesi.html\" rel=\"bookmark\"><abbr itemprop=\"datePublished\" title=\"2014-01-02T20:06:00+02:00\">8:06 PM<\/abbr><\/a> <a title=\"Post per email\" href=\"http:\/\/www.blogger.com\/email-post.g?blogID=5063283975283462963&amp;postID=9129461693718426509\"> <img loading=\"lazy\" decoding=\"async\" alt=\"\" src=\"http:\/\/img1.blogblog.com\/img\/icon18_email.gif\" width=\"18\" height=\"13\" \/> <\/a><\/p>\n","protected":false},"excerpt":{"rendered":"<p>fonte: http:\/\/libera-palestina.blogspot.it 26 prigionieri politici che si trovavano nelle carceri israeliane da prima degli accordi di Oslo sono stati rilasciati la notte del 30 dicembre, mentre altri quasi 5000 restano, contro la legge internazionale, in prigioni che si trovano nei &hellip; <a href=\"https:\/\/reteitalianaism.it\/reteism\/index.php\/2014\/01\/02\/26-prigionieri-politici-palestinesi-rilasciati-e-5000-ancora-in-carcere\/\">Continue reading <span class=\"meta-nav\">&rarr;<\/span><\/a><\/p>\n","protected":false},"author":2,"featured_media":0,"comment_status":"open","ping_status":"open","sticky":false,"template":"","format":"standard","meta":{"footnotes":""},"categories":[2,67],"tags":[22,25,42],"class_list":["post-3913","post","type-post","status-publish","format-standard","hentry","category-gaza-2","category-prigionieri","tag-diritti-prigionieri","tag-gaza","tag-resistenza"],"_links":{"self":[{"href":"https:\/\/reteitalianaism.it\/reteism\/index.php\/wp-json\/wp\/v2\/posts\/3913","targetHints":{"allow":["GET"]}}],"collection":[{"href":"https:\/\/reteitalianaism.it\/reteism\/index.php\/wp-json\/wp\/v2\/posts"}],"about":[{"href":"https:\/\/reteitalianaism.it\/reteism\/index.php\/wp-json\/wp\/v2\/types\/post"}],"author":[{"embeddable":true,"href":"https:\/\/reteitalianaism.it\/reteism\/index.php\/wp-json\/wp\/v2\/users\/2"}],"replies":[{"embeddable":true,"href":"https:\/\/reteitalianaism.it\/reteism\/index.php\/wp-json\/wp\/v2\/comments?post=3913"}],"version-history":[{"count":4,"href":"https:\/\/reteitalianaism.it\/reteism\/index.php\/wp-json\/wp\/v2\/posts\/3913\/revisions"}],"predecessor-version":[{"id":3920,"href":"https:\/\/reteitalianaism.it\/reteism\/index.php\/wp-json\/wp\/v2\/posts\/3913\/revisions\/3920"}],"wp:attachment":[{"href":"https:\/\/reteitalianaism.it\/reteism\/index.php\/wp-json\/wp\/v2\/media?parent=3913"}],"wp:term":[{"taxonomy":"category","embeddable":true,"href":"https:\/\/reteitalianaism.it\/reteism\/index.php\/wp-json\/wp\/v2\/categories?post=3913"},{"taxonomy":"post_tag","embeddable":true,"href":"https:\/\/reteitalianaism.it\/reteism\/index.php\/wp-json\/wp\/v2\/tags?post=3913"}],"curies":[{"name":"wp","href":"https:\/\/api.w.org\/{rel}","templated":true}]}}