{"id":4397,"date":"2014-03-17T22:51:14","date_gmt":"2014-03-17T21:51:14","guid":{"rendered":"http:\/\/reteitalianaism.it\/public_html\/?p=4397"},"modified":"2014-03-19T15:45:40","modified_gmt":"2014-03-19T14:45:40","slug":"coloni-di-mitzpe-yair-attaccano-pastori-palestinesi-anche-durante-le-loro-feste","status":"publish","type":"post","link":"https:\/\/reteitalianaism.it\/reteism\/index.php\/2014\/03\/17\/coloni-di-mitzpe-yair-attaccano-pastori-palestinesi-anche-durante-le-loro-feste\/","title":{"rendered":"Coloni di Mitzpe Yair attaccano pastori palestinesi anche durante le loro feste"},"content":{"rendered":"<p>http:\/\/www.operationdove.org\/<br \/>\nPastore palestinese e volontario internazionale trattenuti dalla polizia israeliana<\/p>\n<p>17 marzo 2014<\/p>\n<p>At Tuwani &#8211; Domenica 16 marzo, nella ricorrenza ebraica del Purim, coloni israeliani provenienti dal vicino avamposto illegale di Mitzpe Yair hanno attaccato pastori palestinesi e volontari internazionali che si trovavano su terreni di propriet\u00e0 palestinese.<\/p>\n<p>La mattina quattro pastori palestinesi di Qawawis stavano pascolando le loro greggi a sud dell&#8217;avamposto israeliano di Mitzpe Yair, quando \u00e8 arrivato un colono armato di una spranga di ferro minacciandoli e urlando. Alle 9:18 sono arrivati sul posto due volontari internazionali e altri due pastori palestinesi. Il colono armato si \u00e8 allontanato non appena ha notato che questi stavano filmando la scena.<\/p>\n<p>Alle 9:28 sono arrivati otto coloni dall&#8217;avamposto illegale &#8211; uno ancora armato con la spranga di ferro &#8211; e quattro di loro hanno scacciato violentemente le greggi, spingendole verso la valle sottostante l&#8217;avamposto. I pastori palestinesi hanno seguito i coloni per non perdere le greggi, accompagnati dai volontari internazionali. I palestinesi hanno immediatamente chiamato la polizia.<\/p>\n<p>Alle 9:48 i coloni sono tornati verso l&#8217;avamposto. Nel frattempo avevano raggiunto l&#8217;area un altro volontario internazionale e due palestinesi membri del Comitato Popolare delle Colline a Sud di Hebron. Alle 10 un colono ha tentato di cacciare uno dei palestinesi appena arrivati, membro dell&#8217;organizzazione per i diritti umani B&#8217;Tselem. In quell&#8217;istante sono arrivati camminando un poliziotto israeliano e tre soldati. Alle 10:20 il poliziotto ha iniziato ad interrogare i presenti e in quel momento sono arrivati altri tre coloni. Le persone interrogate sono state il pastore palestinese Nail Abuaram (che aveva filmato l&#8217;accaduto con una telecamera di B&#8217;Tselem) e un volontario internazionale.<\/p>\n<p>Alle 10:45 il poliziotto ha portato Abuaram e uno dei volontari internazionali alla stazione di polizia di Kiryat Arba perch\u00e8 testimoniassero l&#8217;accaduto. Hanno raggiunto la stazione di polizia a mezzogiorno.<\/p>\n<p>Al volontario internazionale sono stati richiesti i video dell&#8217;accaduto, \u00e8 stato interrogato e rilasciato intorno alle 14:50. Abuaram \u00e8 stato interrogato da solo per un paio d&#8217;ore ed \u00e8 stato minacciato d&#8217;arresto fino a che non avesse accettato di firmare un foglio che afferma che non si avviciner\u00e0 per 15 giorni a pi\u00f9 di 450 metri dall&#8217;area dell&#8217;accaduto. E&#8217; stato rilasciato intorno alle 18, dopo aver firmato il suddetto foglio. La polizia israeliana ha deciso che il colono, che la mattina aveva attaccato i palestinesi con una spranga di ferro, non si avviciner\u00e0 per 15 giorni a pi\u00f9 di 200 metri dal luogo dell&#8217;accaduto.<\/p>\n<p>Le comunit\u00e0 palestinesi delle Colline a Sud di Hebron continuano a scegliere la nonviolenza come forma di resistenza all\u2019occupazione israeliana.<\/p>\n<p>Operazione Colomba mantiene una presenza costante nel villaggio di At-Tuwani e nell&#8217;area delle colline a sud di Hebron dal 2004.<\/p>\n<p>Video dell&#8217;incidente: <iframe width='425' height='344' src='\/\/www.youtube.com\/embed\/Xkhd_oJ2jkk&list=UUpKXxYTHG80BLPckf_YMHtw?autoplay=0&loop=0&rel=0' frameborder='0' allowfullscreen><\/iframe><\/p>\n","protected":false},"excerpt":{"rendered":"<p>http:\/\/www.operationdove.org\/ Pastore palestinese e volontario internazionale trattenuti dalla polizia israeliana 17 marzo 2014 At Tuwani &#8211; Domenica 16 marzo, nella ricorrenza ebraica del Purim, coloni israeliani provenienti dal vicino avamposto illegale di Mitzpe Yair hanno attaccato pastori palestinesi e volontari &hellip; <a href=\"https:\/\/reteitalianaism.it\/reteism\/index.php\/2014\/03\/17\/coloni-di-mitzpe-yair-attaccano-pastori-palestinesi-anche-durante-le-loro-feste\/\">Continue reading <span class=\"meta-nav\">&rarr;<\/span><\/a><\/p>\n","protected":false},"author":2,"featured_media":0,"comment_status":"open","ping_status":"open","sticky":false,"template":"","format":"standard","meta":{"footnotes":""},"categories":[1],"tags":[],"class_list":["post-4397","post","type-post","status-publish","format-standard","hentry","category-senza-categoria"],"_links":{"self":[{"href":"https:\/\/reteitalianaism.it\/reteism\/index.php\/wp-json\/wp\/v2\/posts\/4397","targetHints":{"allow":["GET"]}}],"collection":[{"href":"https:\/\/reteitalianaism.it\/reteism\/index.php\/wp-json\/wp\/v2\/posts"}],"about":[{"href":"https:\/\/reteitalianaism.it\/reteism\/index.php\/wp-json\/wp\/v2\/types\/post"}],"author":[{"embeddable":true,"href":"https:\/\/reteitalianaism.it\/reteism\/index.php\/wp-json\/wp\/v2\/users\/2"}],"replies":[{"embeddable":true,"href":"https:\/\/reteitalianaism.it\/reteism\/index.php\/wp-json\/wp\/v2\/comments?post=4397"}],"version-history":[{"count":1,"href":"https:\/\/reteitalianaism.it\/reteism\/index.php\/wp-json\/wp\/v2\/posts\/4397\/revisions"}],"predecessor-version":[{"id":4402,"href":"https:\/\/reteitalianaism.it\/reteism\/index.php\/wp-json\/wp\/v2\/posts\/4397\/revisions\/4402"}],"wp:attachment":[{"href":"https:\/\/reteitalianaism.it\/reteism\/index.php\/wp-json\/wp\/v2\/media?parent=4397"}],"wp:term":[{"taxonomy":"category","embeddable":true,"href":"https:\/\/reteitalianaism.it\/reteism\/index.php\/wp-json\/wp\/v2\/categories?post=4397"},{"taxonomy":"post_tag","embeddable":true,"href":"https:\/\/reteitalianaism.it\/reteism\/index.php\/wp-json\/wp\/v2\/tags?post=4397"}],"curies":[{"name":"wp","href":"https:\/\/api.w.org\/{rel}","templated":true}]}}