{"id":4400,"date":"2014-03-19T15:34:53","date_gmt":"2014-03-19T14:34:53","guid":{"rendered":"http:\/\/reteitalianaism.it\/public_html\/?p=4400"},"modified":"2014-03-19T15:34:53","modified_gmt":"2014-03-19T14:34:53","slug":"festeggiamenti-per-il-rilascio-di-un-prigioniero-ad-awarta","status":"publish","type":"post","link":"https:\/\/reteitalianaism.it\/reteism\/index.php\/2014\/03\/19\/festeggiamenti-per-il-rilascio-di-un-prigioniero-ad-awarta\/","title":{"rendered":"Festeggiamenti per il rilascio di un prigioniero ad Awarta"},"content":{"rendered":"<p>18 Marzo 2014 | International Solidarity Movement, Nablus Team | Awarta,<br \/>\nPalestina Occupata<\/p>\n<p>Ieri, nel villaggio di Awarta, il ventiseienne Rais Abdat \u00e8 stato<br \/>\nrilasciato da un carcere israeliano.<br \/>\n<iframe width='425' height='344' src='\/\/www.youtube.com\/embed\/f_S2FbwMs6o?autoplay=0&loop=0&rel=0' frameborder='0' allowfullscreen><\/iframe><br \/>\nTre anni fa, due giovani di Awarta avevano ucciso un colono della colonia<br \/>\nillegale di Itamar, che si trova vicino al villaggio, e per questo<br \/>\nentrambi erano stati condannati al carcere a vita. In risposta, le forze<br \/>\nisraeliane avevano arrestato circa 18 giovani uomini e donne del<br \/>\nvillaggio. Rais Abdat era uno di loro.<!--more--><\/p>\n<p>Pur non essendo stato condannato per il crimine per cui era stato<br \/>\narrestato, Rais \u00e8 rimasto in carcere per 38 mesi. Un membro della sua<br \/>\nfamiglia crede che questo sia dovuto all&#8217;attivismo e alle posizioni<br \/>\npolitiche di Rais.<\/p>\n<p>Dieci delle persone arrestate tre anni fa sono tuttora in carcere,<br \/>\ncompreso il cugino di Rais, Walid Abdat (24 anni), che dovrebbe essere<br \/>\nrilasciato in luglio.<br \/>\nOggi Rais \u00e8 stato rilasciato al tribunale di Salem a Jenin ed \u00e8 stato<br \/>\naccolto dalla gioia della sua famiglia e dei suoi amici.<\/p>\n<p>Anche se ora \u00e8 stato rilasciato, Rais ha perso tre anni della sua vita a<br \/>\ncausa dell&#8217;occupazione israeliana. Come ha raccontato un membro della<br \/>\nfamiglia, Rais prima di essere arrestato era uno studente di lingua araba<br \/>\ne ricomincer\u00e0 gli studi, prima per\u00f2 ci vorr\u00e0 un po&#8217; di tempo per abituarsi<br \/>\nalla libert\u00e0 appena ritrovata.<\/p>\n<p>Secondo Addameer (Associazione per il supporto ai prigionieri e per i<br \/>\ndiritti umani), il primo gennaio 2014 nelle carceri e nei centri di<br \/>\ndetenzione israeliani erano presenti 5,023 prigionieri politici<br \/>\npalestinesi. 155 erano prigionieri amministrativi, 17 donne, e 154<br \/>\nbambini.<\/p>\n","protected":false},"excerpt":{"rendered":"<p>18 Marzo 2014 | International Solidarity Movement, Nablus Team | Awarta, Palestina Occupata Ieri, nel villaggio di Awarta, il ventiseienne Rais Abdat \u00e8 stato rilasciato da un carcere israeliano. Tre anni fa, due giovani di Awarta avevano ucciso un colono &hellip; <a href=\"https:\/\/reteitalianaism.it\/reteism\/index.php\/2014\/03\/19\/festeggiamenti-per-il-rilascio-di-un-prigioniero-ad-awarta\/\">Continue reading <span class=\"meta-nav\">&rarr;<\/span><\/a><\/p>\n","protected":false},"author":2,"featured_media":0,"comment_status":"open","ping_status":"open","sticky":false,"template":"","format":"standard","meta":{"footnotes":""},"categories":[1],"tags":[],"class_list":["post-4400","post","type-post","status-publish","format-standard","hentry","category-senza-categoria"],"_links":{"self":[{"href":"https:\/\/reteitalianaism.it\/reteism\/index.php\/wp-json\/wp\/v2\/posts\/4400","targetHints":{"allow":["GET"]}}],"collection":[{"href":"https:\/\/reteitalianaism.it\/reteism\/index.php\/wp-json\/wp\/v2\/posts"}],"about":[{"href":"https:\/\/reteitalianaism.it\/reteism\/index.php\/wp-json\/wp\/v2\/types\/post"}],"author":[{"embeddable":true,"href":"https:\/\/reteitalianaism.it\/reteism\/index.php\/wp-json\/wp\/v2\/users\/2"}],"replies":[{"embeddable":true,"href":"https:\/\/reteitalianaism.it\/reteism\/index.php\/wp-json\/wp\/v2\/comments?post=4400"}],"version-history":[{"count":0,"href":"https:\/\/reteitalianaism.it\/reteism\/index.php\/wp-json\/wp\/v2\/posts\/4400\/revisions"}],"wp:attachment":[{"href":"https:\/\/reteitalianaism.it\/reteism\/index.php\/wp-json\/wp\/v2\/media?parent=4400"}],"wp:term":[{"taxonomy":"category","embeddable":true,"href":"https:\/\/reteitalianaism.it\/reteism\/index.php\/wp-json\/wp\/v2\/categories?post=4400"},{"taxonomy":"post_tag","embeddable":true,"href":"https:\/\/reteitalianaism.it\/reteism\/index.php\/wp-json\/wp\/v2\/tags?post=4400"}],"curies":[{"name":"wp","href":"https:\/\/api.w.org\/{rel}","templated":true}]}}