{"id":4591,"date":"2014-04-17T22:02:23","date_gmt":"2014-04-17T20:02:23","guid":{"rendered":"http:\/\/reteitalianaism.it\/public_html\/?p=4591"},"modified":"2014-04-17T22:02:23","modified_gmt":"2014-04-17T20:02:23","slug":"cosa-dovra-affrontare-larca-di-gaza-da-parte-della-marina-israeliana-di-cui-sfida-il-blocco","status":"publish","type":"post","link":"https:\/\/reteitalianaism.it\/reteism\/index.php\/2014\/04\/17\/cosa-dovra-affrontare-larca-di-gaza-da-parte-della-marina-israeliana-di-cui-sfida-il-blocco\/","title":{"rendered":"Cosa dovr\u00e0 affrontare l&#8217;Arca di Gaza da parte della marina israeliana di cui sfida il blocco?"},"content":{"rendered":"<p>17.04.2014, Charlie Andreasson, Gaza, Palestina occupata<br \/>\n<a href=\"http:\/\/palsolidarity.org\">http:\/\/palsolidarity.org<\/a> e <a href=\"https:\/\/m.facebook.com\/notes\/arcadigaza-gazasark\">https:\/\/m.facebook.com\/notes\/arcadigaza-gazasark<\/a><br \/>\nSi sentono distintamente forti boati e devo resistere alla tentazione di scavalcare il frangiflutti per avere una veduta dell&#8217;attacco nella foschia. Si sentono altri scoppi. Non pu\u00f2 essere lontano dal porto di Gaza. E invece, alzo lo sguardo, socchiudo gli occhi ed eccolo l\u00ec, il drone che da tutta la mattina circola qui intorno. Ritorno al mio lavoro per completare l&#8217;Arca di Gaza.\u00a0\u00a0<\/p>\n<div style=\"width: 410px\" class=\"wp-caption alignnone\"><a href=\"http:\/\/reteitalianaism.it\/public_html\/wp-content\/uploads\/2014\/04\/wpid-copyimage-11091959845837_772_323.bmp\"><img decoding=\"async\" title=\"copyImage-11091959845837_772_323.bmp\" class=\"alignnone size-full\" alt=\"image\" src=\"http:\/\/reteitalianaism.it\/public_html\/wp-content\/uploads\/2014\/04\/wpid-copyimage-11091959845837_772_323.bmp\" \/><\/a><p class=\"wp-caption-text\">Una nave da guerra israeliana, vicino al porto di Gaza (foto di Rosa Schiano)<\/p>\n<p><\/p><\/div>\n<p>&#8220;Devo scrivere di questo?&#8221;, mi chiedo tra me e me. Mi viene quel pensiero ogni volta che sento una mitragliatrice, o di un bombardamento pi\u00f9 pesante, che proviene dal mare.\u00a0\u00a0<\/p>\n<p>Ci aspettiamo che anche persone influenti salpino con noi sull&#8217;Arca per rompere il blocco navale di Israele e non voglio spaventare queste persone. E&#8217; importante averle a bordo. Una cosa \u00e8 venire a conoscenza degli abusi da un report, altra cosa \u00e8 quando ti trovi sul posto e puoi sentire cosa sta succedendo a poche miglia nautiche di distanza, nelle stesse acque in cui tra pochi mesi navigherai. Ho paura di farmi un quadro vivido di cosa ci aspetta.<!--more--><\/p>\n<p>Cosa ci aspetta? Saremo abbordati, la barca sar\u00e0 perquisita da marines mascherati e armati pesantemente in cerca di palestinesi? Sequestreranno l&#8217;Arca? O ci lasceranno passare, ci lasceranno rompere il blocco solo per poi richiuderlo dietro di noi, per poi continuare il bombardamento dei pescatori come se nulla fosse accaduto? E quale responsabilit\u00e0 ho di informare i nostri potenziali passeggeri sui vari scenari possibili? Quali sono i rischi? Pistole elettriche, colpi con il calcio del fucile, ferite da arma da fuoco. Non voglio dissuadere nessuno dal partecipare, ma non posso mentire, sostenendo che tutto andr\u00e0 bene.<\/p>\n<p>Dovrebbe andare bene. Non c&#8217;\u00e8 alcuna legittima ragione per fermarci. Ma questo non significa che ci lasceranno passare. Possono affermare che uno dei palestinesi a bordo \u00e8 ricercato, che nessun palestinese pu\u00f2 andarsene senza il loro permesso, il permesso della potenza occupante, possono accusarci di traffico. Forse udiremo spari da molto vicino. Forse l&#8217;Arca sar\u00e0 colpita. E&#8217; gi\u00e0 stata colpita in passato, ho gi\u00e0 estratto dal legno dei proiettili, ne ho dati via due, come souvenir israeliani da Gaza. Ce ne saranno altri?<\/p>\n<p>Non voglio spaventare nessuno, ma come reagiranno quando sentiranno il bombardamento pesante l\u00e0 fuori quando arriveranno a bordo? Non potranno dire che non sapevano nulla, e desidereranno non essere l\u00ec, per\u00f2 \u00e8 tutta un&#8217;altra cosa che leggerlo in un report, quando sul posto sentiranno e testimonieranno cosa succede.<\/p>\n<p>Sopra, si sente ancora il fastidioso ronzio del drone.<\/p>\n","protected":false},"excerpt":{"rendered":"<p>17.04.2014, Charlie Andreasson, Gaza, Palestina occupata http:\/\/palsolidarity.org e https:\/\/m.facebook.com\/notes\/arcadigaza-gazasark Si sentono distintamente forti boati e devo resistere alla tentazione di scavalcare il frangiflutti per avere una veduta dell&#8217;attacco nella foschia. Si sentono altri scoppi. Non pu\u00f2 essere lontano dal porto &hellip; <a href=\"https:\/\/reteitalianaism.it\/reteism\/index.php\/2014\/04\/17\/cosa-dovra-affrontare-larca-di-gaza-da-parte-della-marina-israeliana-di-cui-sfida-il-blocco\/\">Continue reading <span class=\"meta-nav\">&rarr;<\/span><\/a><\/p>\n","protected":false},"author":2,"featured_media":0,"comment_status":"open","ping_status":"open","sticky":false,"template":"","format":"standard","meta":{"footnotes":""},"categories":[1],"tags":[],"class_list":["post-4591","post","type-post","status-publish","format-standard","hentry","category-senza-categoria"],"_links":{"self":[{"href":"https:\/\/reteitalianaism.it\/reteism\/index.php\/wp-json\/wp\/v2\/posts\/4591","targetHints":{"allow":["GET"]}}],"collection":[{"href":"https:\/\/reteitalianaism.it\/reteism\/index.php\/wp-json\/wp\/v2\/posts"}],"about":[{"href":"https:\/\/reteitalianaism.it\/reteism\/index.php\/wp-json\/wp\/v2\/types\/post"}],"author":[{"embeddable":true,"href":"https:\/\/reteitalianaism.it\/reteism\/index.php\/wp-json\/wp\/v2\/users\/2"}],"replies":[{"embeddable":true,"href":"https:\/\/reteitalianaism.it\/reteism\/index.php\/wp-json\/wp\/v2\/comments?post=4591"}],"version-history":[{"count":0,"href":"https:\/\/reteitalianaism.it\/reteism\/index.php\/wp-json\/wp\/v2\/posts\/4591\/revisions"}],"wp:attachment":[{"href":"https:\/\/reteitalianaism.it\/reteism\/index.php\/wp-json\/wp\/v2\/media?parent=4591"}],"wp:term":[{"taxonomy":"category","embeddable":true,"href":"https:\/\/reteitalianaism.it\/reteism\/index.php\/wp-json\/wp\/v2\/categories?post=4591"},{"taxonomy":"post_tag","embeddable":true,"href":"https:\/\/reteitalianaism.it\/reteism\/index.php\/wp-json\/wp\/v2\/tags?post=4591"}],"curies":[{"name":"wp","href":"https:\/\/api.w.org\/{rel}","templated":true}]}}