{"id":4641,"date":"2014-04-29T17:04:56","date_gmt":"2014-04-29T15:04:56","guid":{"rendered":"http:\/\/reteitalianaism.it\/public_html\/?p=4641"},"modified":"2014-04-29T17:04:56","modified_gmt":"2014-04-29T15:04:56","slug":"affondata-larca-di-gaza","status":"publish","type":"post","link":"https:\/\/reteitalianaism.it\/reteism\/index.php\/2014\/04\/29\/affondata-larca-di-gaza\/","title":{"rendered":"Affondata l&#8217;arca di gaza"},"content":{"rendered":"<p>29 apr 2014 <a href=\"http:\/\/nena-news.it\/\">http:\/\/nena-news.it\/<\/a><\/p>\n<p>Assedio Gaza,\u00a0Freedom Flotilla<\/p>\n<p>Alle 4 del mattino, una forte esplosione ha affondato l\u2019\u201dArca di Gaza\u201d. L\u2019imbarcazione, che sarebbe dovuta salpare a breve da Gaza, era la nuova iniziativa della Coalizione della Freedom Flotilla. L\u2019obiettivo era quello di attirare l\u2019attenzione internazionale sull\u2019assedio israeliano che colpisce la Striscia. Ma questa volta invece di entrare si provava ad uscire da Gaza<\/p>\n<p><a href=\"http:\/\/reteitalianaism.it\/public_html\/wp-content\/uploads\/2014\/04\/wpid-copyimage-1120857048526_874_538.bmp\"><img decoding=\"async\" title=\"copyImage-1120857048526_874_538.bmp\" class=\"alignnone size-full\" alt=\"image\" src=\"http:\/\/reteitalianaism.it\/public_html\/wp-content\/uploads\/2014\/04\/wpid-copyimage-1120857048526_874_538.bmp\" \/><\/a><\/p>\n<p>Roma, 29 aprile 2014, Nena News\u00a0\u2013\u00a0L\u2019\u201dArca di Gaza\u201d, l\u2019imbarcazione della coalizione Freedom Flotilla ormeggiata nel porto di Gaza, \u00e8 stata affondata nella notte. Secondo una prima ricostruzione alle 3.45 ore locali la guardia notturna a bordo dell\u2019\u201dArca\u201d avrebbe ricevuto una telefonata in cui gli veniva intimato di lasciare immediatamente la barca perch\u00e9 sarebbe stata attaccata.<\/p>\n<p>La guardia si sarebbe allontanata ma avendo visto che non era successo niente sarebbe ritornata dopo cinque minuti a bordo dell\u2019imbarcazione. Poco dopo, per\u00f2, la barca sarebbe esplosa.\u00a0L\u2019\u201dArca di Gaza\u201d \u00e8 affondata parzialmente e parte di essa giace ora sul fondale marino poco profondo.\u00a0L\u2019uomo \u00e8 rimasto illeso\u00a0ma \u00e8 stato portato in ospedale per accertamenti. Alcune fonti da Gaza, che preferiscono mantenere l\u2019anonimato, parlano di forze speciali israeliane entrate nelle acque del porto di Gaza ieri notte. Altre, invece, parlano di spie che avrebbero piazzato degli esplosivi sul fondo della barca.<\/p>\n<p><!--more--> <\/p>\n<p>Al momento non \u00e8 possibile confermare nessuna delle due versioni.<\/p>\n<p>\u201cStiamo cercando di capire la natura del danno. Daremo aggiornamenti appena possibile\u201d ha dichiarato Mahfouz Kabariti, Project Manager dell\u2019Arca di Gaza. \u201cNoi dell\u2019Arca di Gaza e tutti i nostri partner della Coalizione della Freedom Flottilla stiamo cercando di capire come dobbiamo rispondere a questo atto codardo di terrorismo ma la nostra posizione \u00e8 chiara: n\u00e9 questo, n\u00e9 altri attacchi simili fermeranno i nostri sforzi di sfidare il blocco di Gaza fin quando esso non finir\u00e0\u201d ha aggiunto David Heap del Comitato Direttivo.<\/p>\n<p>\u201cNon \u00e8 la prima volta che le barche della Freedom Flotilla vengono sabotate\u201d spiega\u00a0Ehab Lotayef, altro membro del Comitato Direttivo. \u201cQuesto attacco ha luogo proprio quando eravamo pronti a partire.\u00a0Si pu\u00f2 affondare una nave ma non puoi affondare un movimento\u201d\u00a0ha concluso Lotayef.<\/p>\n<p>L\u2019Arca di Gaza era la nuova iniziativa della campagna Freedom Flotilla. A cambiare per\u00f2 \u00e8 il percorso: la nave, acquistata e rimessa a nuovo da attivisti palestinesi e internazionali non provava ad entrare nella Striscia di Gaza, ma ad uscire.\u00a0L\u2019obiettivo era farla salpare entro giugno, o al massimo settembre, con a bordo prodotti dell\u2019enclave palestinese sotto assedio.<\/p>\n<p>Intervistato due settimane fa da Nena News Charlie Andreasson, volontario svedese impegnato nella ricostruzione e nell\u2019organizzazione della spedizione, aveva detto che la nave sarebbe dovuta partire con a bordo \u201c12 internazionali, giornalisti e politici per attirare l\u2019attenzione del mondo su questo nuovo tentativo di rompere l\u2019assedio israeliano contro la Striscia\u201d. La nave di legno lunga 24 metri e con un cargo di 40 metri quadrati avrebbe dovuto portare con s\u00e9 prodotti agricoli, olio d\u2019oliva, datteri, spezie, stoffe e ricami. Tutti beni prodotti a Gaza perch\u00e9, secondo Adreasson, \u201cnon cerchiamo aiuti umanitari ma commercio vero e proprio\u201d. Nena News.<\/p>\n","protected":false},"excerpt":{"rendered":"<p>29 apr 2014 http:\/\/nena-news.it\/ Assedio Gaza,\u00a0Freedom Flotilla Alle 4 del mattino, una forte esplosione ha affondato l\u2019\u201dArca di Gaza\u201d. L\u2019imbarcazione, che sarebbe dovuta salpare a breve da Gaza, era la nuova iniziativa della Coalizione della Freedom Flotilla. L\u2019obiettivo era quello &hellip; <a href=\"https:\/\/reteitalianaism.it\/reteism\/index.php\/2014\/04\/29\/affondata-larca-di-gaza\/\">Continue reading <span class=\"meta-nav\">&rarr;<\/span><\/a><\/p>\n","protected":false},"author":2,"featured_media":0,"comment_status":"open","ping_status":"open","sticky":false,"template":"","format":"standard","meta":{"footnotes":""},"categories":[1],"tags":[],"class_list":["post-4641","post","type-post","status-publish","format-standard","hentry","category-senza-categoria"],"_links":{"self":[{"href":"https:\/\/reteitalianaism.it\/reteism\/index.php\/wp-json\/wp\/v2\/posts\/4641","targetHints":{"allow":["GET"]}}],"collection":[{"href":"https:\/\/reteitalianaism.it\/reteism\/index.php\/wp-json\/wp\/v2\/posts"}],"about":[{"href":"https:\/\/reteitalianaism.it\/reteism\/index.php\/wp-json\/wp\/v2\/types\/post"}],"author":[{"embeddable":true,"href":"https:\/\/reteitalianaism.it\/reteism\/index.php\/wp-json\/wp\/v2\/users\/2"}],"replies":[{"embeddable":true,"href":"https:\/\/reteitalianaism.it\/reteism\/index.php\/wp-json\/wp\/v2\/comments?post=4641"}],"version-history":[{"count":0,"href":"https:\/\/reteitalianaism.it\/reteism\/index.php\/wp-json\/wp\/v2\/posts\/4641\/revisions"}],"wp:attachment":[{"href":"https:\/\/reteitalianaism.it\/reteism\/index.php\/wp-json\/wp\/v2\/media?parent=4641"}],"wp:term":[{"taxonomy":"category","embeddable":true,"href":"https:\/\/reteitalianaism.it\/reteism\/index.php\/wp-json\/wp\/v2\/categories?post=4641"},{"taxonomy":"post_tag","embeddable":true,"href":"https:\/\/reteitalianaism.it\/reteism\/index.php\/wp-json\/wp\/v2\/tags?post=4641"}],"curies":[{"name":"wp","href":"https:\/\/api.w.org\/{rel}","templated":true}]}}