{"id":483,"date":"2012-04-29T16:42:31","date_gmt":"2012-04-29T16:42:31","guid":{"rendered":"http:\/\/italy.palsolidarity.org\/?p=483"},"modified":"2012-04-29T16:42:31","modified_gmt":"2012-04-29T16:42:31","slug":"see-you-soon-palestine","status":"publish","type":"post","link":"https:\/\/reteitalianaism.it\/reteism\/index.php\/2012\/04\/29\/see-you-soon-palestine\/","title":{"rendered":"See you soon Palestine"},"content":{"rendered":"<p>dal blog di Paolo:\u00a0 <a href=\"http:\/\/newsfromwestbank.blogspot.it\">http:\/\/newsfromwestbank.blogspot.it<\/a><\/p>\n<p style=\"text-align: justify\">\nQuesto \u00e8 il post pi\u00f9 difficile.<br \/>\nIl post dei saluti.<br \/>\nIl momento di partire, il momento di lasciare la Palestina, alla fine \u00e8 arrivato. Fra pochi giorni torner\u00f2 in Italia (o sono gi\u00e0 tornato? &#8220;Cara&#8221; polizia israeliana di confine, non voglio rendervi il lavoro cos\u00ec semplice&#8230;).<br \/>\nMa non mi fermer\u00f2 in Italia, dopo poco riprender\u00f2 un aereo e voler\u00f2 in Sud America, un continente a me caro, dove ho vissuto e lasciato il cuore e\u00a0tanti ricordi stupendi, un continente che mi ha cambiato la vita.\u00a0<!--more--><br \/>\nLavorer\u00f2, incontrer\u00f2 persone, e indossando sempre la mia kefiah parler\u00f2 con pi\u00f9 gente possibile perch\u00e8 anche dall&#8217;altra parte dell&#8217;oceano sappiano cosa succede in Palestina, sperando cos\u00ec che tutte le persone che subiscono continuamente la violenza del potere, possano un giorno unirsi in una lotta comune per la conquista del rispetto dei diritti umani e della libert\u00e0.<br \/>\nSaluto e abbraccio i palestinesi tutti che mi hanno accolto come un figlio, e i miei compagni dell&#8217;ISM, che rimarranno sempre nel mio cuore: ritorner\u00f2 presto, non perch\u00e8 voi abbiate bisogno di me, che sono uno dei tanti, ma piuttosto perch\u00e8 io ho bisogno di voi. Mi avete insegnato cosa \u00e8 la libert\u00e0 e non posso pi\u00f9 vivere senza.<br \/>\nNon so se riuscir\u00f2 a continuare a scrivere su questo blog, magari dandovi notizie di ci\u00f2 che succede in Sud America, quindi per il momento vi saluto e vi ringrazio di avermi letto.<br \/>\nUn abbraccio grande e resistente da&#8230; qualche parte del mondo.<\/p>\n","protected":false},"excerpt":{"rendered":"<p>dal blog di Paolo:\u00a0 http:\/\/newsfromwestbank.blogspot.it Questo \u00e8 il post pi\u00f9 difficile. Il post dei saluti. Il momento di partire, il momento di lasciare la Palestina, alla fine \u00e8 arrivato. Fra pochi giorni torner\u00f2 in Italia (o sono gi\u00e0 tornato? &#8220;Cara&#8221; &hellip; <a href=\"https:\/\/reteitalianaism.it\/reteism\/index.php\/2012\/04\/29\/see-you-soon-palestine\/\">Continue reading <span class=\"meta-nav\">&rarr;<\/span><\/a><\/p>\n","protected":false},"author":5,"featured_media":0,"comment_status":"open","ping_status":"open","sticky":false,"template":"","format":"standard","meta":{"footnotes":""},"categories":[5],"tags":[],"class_list":["post-483","post","type-post","status-publish","format-standard","hentry","category-uncategorized"],"_links":{"self":[{"href":"https:\/\/reteitalianaism.it\/reteism\/index.php\/wp-json\/wp\/v2\/posts\/483","targetHints":{"allow":["GET"]}}],"collection":[{"href":"https:\/\/reteitalianaism.it\/reteism\/index.php\/wp-json\/wp\/v2\/posts"}],"about":[{"href":"https:\/\/reteitalianaism.it\/reteism\/index.php\/wp-json\/wp\/v2\/types\/post"}],"author":[{"embeddable":true,"href":"https:\/\/reteitalianaism.it\/reteism\/index.php\/wp-json\/wp\/v2\/users\/5"}],"replies":[{"embeddable":true,"href":"https:\/\/reteitalianaism.it\/reteism\/index.php\/wp-json\/wp\/v2\/comments?post=483"}],"version-history":[{"count":0,"href":"https:\/\/reteitalianaism.it\/reteism\/index.php\/wp-json\/wp\/v2\/posts\/483\/revisions"}],"wp:attachment":[{"href":"https:\/\/reteitalianaism.it\/reteism\/index.php\/wp-json\/wp\/v2\/media?parent=483"}],"wp:term":[{"taxonomy":"category","embeddable":true,"href":"https:\/\/reteitalianaism.it\/reteism\/index.php\/wp-json\/wp\/v2\/categories?post=483"},{"taxonomy":"post_tag","embeddable":true,"href":"https:\/\/reteitalianaism.it\/reteism\/index.php\/wp-json\/wp\/v2\/tags?post=483"}],"curies":[{"name":"wp","href":"https:\/\/api.w.org\/{rel}","templated":true}]}}