{"id":495,"date":"2012-04-30T18:14:40","date_gmt":"2012-04-30T18:14:40","guid":{"rendered":"http:\/\/italy.palsolidarity.org\/?p=495"},"modified":"2012-04-30T18:14:40","modified_gmt":"2012-04-30T18:14:40","slug":"appello-della-sorella-di-marco-liberate-marco","status":"publish","type":"post","link":"https:\/\/reteitalianaism.it\/reteism\/index.php\/2012\/04\/30\/appello-della-sorella-di-marco-liberate-marco\/","title":{"rendered":"Appello della sorella di Marco: &#8220;Liberate Marco.&#8221;"},"content":{"rendered":"<p style=\"text-align: justify\"><em><span style=\"font-family: Liberation Serif,serif\"><span style=\"font-size: small\">La sorella di Marco, Athimed, ha postato su fb questo appello (<a href=\"https:\/\/www.facebook.com\/notes\/athimed-mohamed\/liberate-marco\/10150711301807011\">https:\/\/www.facebook.com\/notes\/athimed-mohamed\/liberate-marco\/10150711301807011<\/a>), chiedendone la massima diffusione. Intanto il processo per Marco \u00e8 stato intanto rimandato a Mercoled\u00ec prossimo. <\/span><\/span><\/em><\/p>\n<p style=\"text-align: justify\">\u00a0<a href=\"http:\/\/italy.palsolidarity.org\/files\/2012\/04\/marco1.jpg\"><img loading=\"lazy\" decoding=\"async\" class=\"alignright size-medium wp-image-496\" src=\"http:\/\/italy.palsolidarity.org\/files\/2012\/04\/marco1-300x200.jpg\" alt=\"\" width=\"300\" height=\"200\" \/><\/a><\/p>\n<p style=\"text-align: justify\"><span style=\"font-family: Liberation Serif,serif\"><span style=\"font-size: small\">Il ragazzo nella foto sulla destra \u00e8 mio fratello Marco. Marco Mohamed Abd El Aal. <\/span><\/span><\/p>\n<p style=\"text-align: justify\"><span style=\"font-family: Liberation Serif,serif\"><span style=\"font-size: small\">Marco \u00e8 partito il 29 marzo scorso per la Palestina. <\/span><\/span><\/p>\n<p style=\"text-align: justify\"><span style=\"font-family: Liberation Serif,serif\"><span style=\"font-size: small\">Non sto a scrivere per l\u2019ennesima volta come sono raccontati i fatti ufficialmente, lo potete leggere qui: <a href=\"http:\/\/www.repubblica.it\/solidarieta\/diritti-umani\/2012\/04\/27\/news\/hebron_arrestati_due_italiani_la_protesta_contro_i_coloni_israeliani-34043086\/\">http:\/\/www.repubblica.it\/solidarieta\/diritti-umani\/2012\/04\/27\/news\/hebron_arrestati_due_italiani_la_protesta_contro_i_coloni_israeliani-34043086\/ <\/a><\/span><\/span><\/p>\n<p style=\"text-align: justify\"><span style=\"font-family: Liberation Serif,serif\"><span style=\"font-size: small\">Quello che mi interessa \u00e8 dirvi come sono andati i fatti: l\u201911 aprile Marco si trovava ad Hebron in compagnia di una ragazza che gli piaceva e, dopo una partita di calcio, passeggiava con lei. Era appena arrivato da Gerusalemme e non stava partecipando alla conferenza di Bil\u2019in. Vagando per strada hanno notato del \u201cmovimento\u201d e si sono avvicinati a vedere che succedeva. <!--more--><\/span><\/span><\/p>\n<p style=\"text-align: justify\"><span style=\"font-family: Liberation Serif,serif\"><span style=\"font-size: small\">Succedeva questo: <\/span><\/span><\/p>\n<p style=\"text-align: justify\"><span style=\"font-family: Liberation Serif,serif\"><span style=\"font-size: small\"><a href=\"http:\/\/www.youtube.com\/watch?v=BaObPibAIv4&amp;feature=player_embedded&amp;noredirect=1\">http:\/\/www.youtube.com\/watch?v=BaObPibAIv4&amp;feature=player_embedded&amp;noredirect=1<\/a><br \/>\n<\/span><\/span><\/p>\n<p style=\"text-align: justify\"><span style=\"font-family: Liberation Serif,serif\"><span style=\"font-size: small\">Marco \u00e8 stato preso per la tracolla dello zaino da un soldato israeliano ed ha tirato la tracolla verso di s\u00e9 per liberarsi dalla presa. In seguito a questo \u00e8 stato arrestato con l\u2019accusa di aggressione a pubblico ufficiale e partecipazione a manifestazione non autorizzata. Con lui sono stati arrestati altri 3 italiani. Due dei quali rilasciati subito. Il terzo ha accettato l\u2019espulsione. Marco invece l\u2019ha rifiutata. Inizialmente ha ottenuto l\u2019annullamento dell\u2019<\/span><\/span><span style=\"font-family: Liberation Serif,serif\"><span style=\"font-size: small\">ordine dalla corte distrettuale perch\u00e9 c\u2019\u00e8 un vizio di forma nella sua espulsione, ovvero: l\u2019ufficiale che ha fatto decadere automaticamente il suo visto in seguito all\u2019arresto, non aveva il potere di farlo.<strong> Il motivo per cui Marco sta rifiutando l\u2019espulsione \u00e8 che, essendo noi mezzi arabi, il suo rilascio SENZA espulsione creerebbe un precedente per gli arabi tutti. <\/strong><\/span><\/span><\/p>\n<p style=\"text-align: justify\"><span style=\"font-family: Liberation Serif,serif\"><span style=\"font-size: small\">Al momento \u00e8 in attesa della decisione della corte suprema, non ci sar\u00e0 un second<\/span><\/span><span style=\"font-family: Liberation Serif,serif\"><span style=\"font-size: small\">o processo e si tratta solo della decisione di un giudice che decide in maniera autonoma e senza esaminare nessuna prova. Per avere un processo sulla base di prove, Marco dovrebbe accettare le accuse, diventare quindi \u201cindagato\u201d per avere eque indagini e quindi cadere nel penale. Questo implicherebbe un regime carcerario ancora pi\u00f9 duro di quello che sta subendo. Attualmente \u00e8 detenuto in carcere a Tel Aviv, \u00e8 privato della libert\u00e0 da 3 settimane. Senza colpa. <\/span><\/span><\/p>\n<p style=\"text-align: justify\"><span style=\"font-family: Liberation Serif,serif\"><span style=\"font-size: small\">Marco sta bene, in carcere ma non \u00e8 stato picchiato ne maltrattato, \u00e8 seguito da un avvocato e la Farnesina gli sta dando una mano, ma il nostro caro Stato potrebbe impegnarsi di pi\u00f9 per ottenere la sua liberazione senza l\u2019espulsione. Voi potreste aiutarlo condividendo questo post e sollecitando il suo rilascio con questo modello di mail ai seguenti indirizzi. A differenza di quello che pot<\/span><\/span><span style=\"font-family: Liberation Serif,serif\"><span style=\"font-size: small\">rete leggere su altri siti vi sconsiglio di chiamare perch\u00e9 non vi daranno alcuna informazione o credito in quanto non familiari.\u00a0<\/span><\/span><\/p>\n<p style=\"text-align: justify\"><span style=\"font-family: Liberation Serif,serif\"><span style=\"font-size: small\">Modello mail: <\/span><\/span><\/p>\n<p style=\"text-align: justify\"><span style=\"font-family: Liberation Serif,serif\"><span style=\"font-size: small\"><strong>Mi chiamo (vostro nome) e scrivo la presente perch\u00e8 Marco \u00e8 sono stato incarcerato dalla polizia israeliana in territori palestinesi senza nessuna specifica ragione. <\/strong><\/span><\/span><\/p>\n<p style=\"text-align: justify\"><span style=\"font-family: Liberation Serif,serif\"><span style=\"font-size: small\"><strong>Marco non era assolutamente coinvolto in nessuna azione violenta o in qualsiasi<\/strong><\/span><\/span><span style=\"font-family: Liberation Serif,serif\"><span style=\"font-size: small\"><strong> altra azione che potesse mettere in pericolo la vita di qualcuno, passeggiava semplicemente per Hebron. <\/strong><\/span><\/span><\/p>\n<p style=\"text-align: justify\"><span style=\"font-family: Liberation Serif,serif\"><span style=\"font-size: small\"><strong>Al momento \u00e8 minacciato da un ordine di deportazione nonosta<\/strong><\/span><\/span><span style=\"font-family: Liberation Serif,serif\"><span style=\"font-size: small\"><strong>nte abbia gi\u00e0 vinto un processo che gli garantisca la possibilit\u00e0 di restare in Israele. Questo genere di politiche che lo stato di Israele applica quotidianamente non rappresentano ci\u00f2 che una democrazia dovrebbe rappresentare. <\/strong><\/span><\/span><\/p>\n<p style=\"text-align: justify\"><span style=\"font-family: Liberation Serif,serif\"><span style=\"font-size: small\"><strong>Sono sconvolto dal comportamento della Polizia e dello Stato di Israele e Vi <\/strong><\/span><\/span><span style=\"font-family: Liberation Serif,serif\"><span style=\"font-size: small\"><strong>raccomando caldamente di adoperarvi per la sua liberazione perch\u00e9 il suo arresto \u00e8 senza ragione, senza nessuna condizione, perch\u00e9 non stava commettendo nessun reato.\u00a0<\/strong><\/span><\/span><\/p>\n<p style=\"text-align: justify\"><span style=\"font-family: Liberation Serif,serif\"><span style=\"font-size: small\"><strong>Firma<\/strong><\/span><\/span><\/p>\n<p style=\"text-align: justify\"><span style=\"font-family: Liberation Serif,serif\"><span style=\"font-size: small\">Indirizzi: <\/span><\/span><\/p>\n<p style=\"text-align: justify\"><span style=\"font-family: Liberation Serif,serif\"><span style=\"font-size: small\"> unita.crisi@esteri.it, amb-sec@roma.mfa.gov.il , cons5@roma.mfa.gov.il , amb.telaviv@cert.esteri.it, stampa.telaviv@esteri.it , consolato.telaviv@esteri.it , info.telaviv@esteri.it , segreteria.gerusalemme@esteri.it , milano@israeltra.gov.il , pniot@mfa.gov.il, mankal@mfa.gov.il , sar@mfa.gov.il, webmaster@tourism.gov.il , info@goisrael.com <\/span><\/span><\/p>\n<p style=\"text-align: justify\"><span style=\"font-family: Liberation Serif,serif\"><span style=\"font-size: small\">Che rispondono a: Unit\u00e0 di crisi , Ambasciata israeliana in Italia , Consolato israeliano in Italia , ambasciata italiana a tel aviv , ministero degli affari esteri israeliano, ministero del turismo israeliano.<\/span><\/span><\/p>\n<p style=\"text-align: justify\"><span style=\"font-family: Liberation Serif,serif\"><span style=\"font-size: small\"><strong>Vi raccomando, quando scrivete agli indirizzi delle ambasciate e ministeri israeliani, di mettere in cc i seguenti indirizzi di giornali per aumentare la pressione:<\/strong><\/span><\/span><\/p>\n<p style=\"text-align: justify\"><span style=\"font-family: Liberation Serif,serif\"><span style=\"font-size: small\">lettere@avvenire.it, carta@carta.org, redazione@corrnaz.it, info@corrieredellumbria.it, lettere@corriere.it, redazione@erre.info, direzionefc@stpauls.it, lettere@ilfoglio.it, lettere@ilmanifesto.it, redazione@ilmanifesto.it, prioritaria@ilmessaggero.it, ufficio.centrale@ilpiccolo.it, redazione@ilsecoloxix.it, laposta@iltirreno.it, <\/span><\/span><span style=\"font-family: Liberation Serif,serif\"><span style=\"font-size: small\">info@ilbenecomune.net, online@quotidiano.net, GruppoIlSole24ORE@ilsole24ore.com, redazioneweb@eco.bg.it, agenzia@asca.it, ansamed@ansamed.info, quotidiani@rcs.it, lettere@ilfoglio.it, redazione@ilmanifesto.it, redazione@ilsecoloxix.it, larepubblica@repubblica.it, lettere@lastampa.it,<\/span><\/span><span style=\"font-family: Liberation Serif,serif\"><span style=\"font-size: small\"> aise@uni.net, info@agenews.it, webinfo@adnkronos.com, franca.ferri@quotidiano.net, webnews24@rai.it, info@agopress.info,<\/span><\/span><a href=\"http:\/\/italy.palsolidarity.org\/files\/2012\/04\/marco2.jpg\"><img loading=\"lazy\" decoding=\"async\" class=\"wp-image-497 aligncenter\" src=\"http:\/\/italy.palsolidarity.org\/files\/2012\/04\/marco2-300x228.jpg\" alt=\"\" width=\"300\" height=\"228\" \/><\/a><span style=\"font-family: Liberation Serif,serif\"><span style=\"font-size: small\"><a href=\"http:\/\/italy.palsolidarity.org\/files\/2012\/04\/marco3.jpg\"><img loading=\"lazy\" decoding=\"async\" class=\"wp-image-498 aligncenter\" src=\"http:\/\/italy.palsolidarity.org\/files\/2012\/04\/marco3-300x219.jpg\" alt=\"\" width=\"300\" height=\"219\" \/><\/a><\/span><\/span><\/p>\n","protected":false},"excerpt":{"rendered":"<p>La sorella di Marco, Athimed, ha postato su fb questo appello (https:\/\/www.facebook.com\/notes\/athimed-mohamed\/liberate-marco\/10150711301807011), chiedendone la massima diffusione. Intanto il processo per Marco \u00e8 stato intanto rimandato a Mercoled\u00ec prossimo. \u00a0 Il ragazzo nella foto sulla destra \u00e8 mio fratello Marco. Marco &hellip; <a href=\"https:\/\/reteitalianaism.it\/reteism\/index.php\/2012\/04\/30\/appello-della-sorella-di-marco-liberate-marco\/\">Continue reading <span class=\"meta-nav\">&rarr;<\/span><\/a><\/p>\n","protected":false},"author":5,"featured_media":0,"comment_status":"open","ping_status":"open","sticky":false,"template":"","format":"standard","meta":{"footnotes":""},"categories":[5],"tags":[],"class_list":["post-495","post","type-post","status-publish","format-standard","hentry","category-uncategorized"],"_links":{"self":[{"href":"https:\/\/reteitalianaism.it\/reteism\/index.php\/wp-json\/wp\/v2\/posts\/495","targetHints":{"allow":["GET"]}}],"collection":[{"href":"https:\/\/reteitalianaism.it\/reteism\/index.php\/wp-json\/wp\/v2\/posts"}],"about":[{"href":"https:\/\/reteitalianaism.it\/reteism\/index.php\/wp-json\/wp\/v2\/types\/post"}],"author":[{"embeddable":true,"href":"https:\/\/reteitalianaism.it\/reteism\/index.php\/wp-json\/wp\/v2\/users\/5"}],"replies":[{"embeddable":true,"href":"https:\/\/reteitalianaism.it\/reteism\/index.php\/wp-json\/wp\/v2\/comments?post=495"}],"version-history":[{"count":0,"href":"https:\/\/reteitalianaism.it\/reteism\/index.php\/wp-json\/wp\/v2\/posts\/495\/revisions"}],"wp:attachment":[{"href":"https:\/\/reteitalianaism.it\/reteism\/index.php\/wp-json\/wp\/v2\/media?parent=495"}],"wp:term":[{"taxonomy":"category","embeddable":true,"href":"https:\/\/reteitalianaism.it\/reteism\/index.php\/wp-json\/wp\/v2\/categories?post=495"},{"taxonomy":"post_tag","embeddable":true,"href":"https:\/\/reteitalianaism.it\/reteism\/index.php\/wp-json\/wp\/v2\/tags?post=495"}],"curies":[{"name":"wp","href":"https:\/\/api.w.org\/{rel}","templated":true}]}}