{"id":516,"date":"2012-05-03T18:08:17","date_gmt":"2012-05-03T18:08:17","guid":{"rendered":"http:\/\/italy.palsolidarity.org\/?p=516"},"modified":"2012-05-03T18:08:17","modified_gmt":"2012-05-03T18:08:17","slug":"rosa-da-gaza-dice-che-sta-meglio","status":"publish","type":"post","link":"https:\/\/reteitalianaism.it\/reteism\/index.php\/2012\/05\/03\/rosa-da-gaza-dice-che-sta-meglio\/","title":{"rendered":"Rosa da Gaza dice che sta meglio&#8230;"},"content":{"rendered":"<p style=\"text-align: justify\"><strong>Aggiornamento 8 Maggio:<\/strong><\/p>\n<p style=\"text-align: justify\"><strong>Rosa \u00e8 tornata in ospedale, ha subito un&#8217;operazione sotto anestesia totale. Spera di essere dimessa domani. Dice che le fa tanto piacere sentire che le siamo vicini&#8230;<\/strong><\/p>\n<p style=\"text-align: justify\">Dopo un incidente in auto, tornando da un accompagnamento di contadini nel nord della striscia, finalmente Rosa si sta riprendendo. Questo \u00e8 quello che scrive:<\/p>\n<h6 style=\"text-align: justify\"><em>Sono tornata, con la sensazione che la vita mi sia stata ridata, o forse un angelo mentre ero assente l&#8217;ha trattenuta impedendole di andar via. <\/em><br \/>\n<em> Trauma cranico, frattura dell&#8217; ischio (per cui non si pu\u00f2 far nulla, solo attendere che che si rimetta a posto con il riposo). Contusione all&#8217;occhio destro e punti. Altre contusioni ed ematomi diffusi. <\/em><!--more--><br \/>\n<em> I miei amici palestinesi, i pescatori, i contadini, mi sono stati costantemente vicini in ospedale come la mia seconda famiglia.<\/em><br \/>\n<em> Sono stata rilasciata ieri, in questo momento sono ospite di una famiglia palestinese e rimarr\u00f2 qui per qualche giorno.<\/em><br \/>\n<em> Devo prendere antidolorifici e diversi tipi di medicinali. A volte sono stanca, \u00e8 il dolore che stanca.<\/em><br \/>\n<em> La lontananza dai campi dove i soldati continuano a sparare nelle terre dei contadini, il non poter accompagnare i pescatori, il non poter concentrarmi a leggere, il fermare ogni attivit\u00e0 mi addolora pi\u00f9 del dolore fisico.<\/em><br \/>\n<em> Ma mi rimetter\u00f2 presto, spero di poter riprendere almeno qualche attivit\u00e0 gi\u00e0 dalla settimana prossima. . <\/em><br \/>\n<em> Ringrazio tutti voi per i messaggi di vicinanza. Il dolore passer\u00e0, e ripartir\u00f2 come prima, Alhamdulilah<\/em><\/h6>\n","protected":false},"excerpt":{"rendered":"<p>Aggiornamento 8 Maggio: Rosa \u00e8 tornata in ospedale, ha subito un&#8217;operazione sotto anestesia totale. Spera di essere dimessa domani. Dice che le fa tanto piacere sentire che le siamo vicini&#8230; Dopo un incidente in auto, tornando da un accompagnamento di &hellip; <a href=\"https:\/\/reteitalianaism.it\/reteism\/index.php\/2012\/05\/03\/rosa-da-gaza-dice-che-sta-meglio\/\">Continue reading <span class=\"meta-nav\">&rarr;<\/span><\/a><\/p>\n","protected":false},"author":5,"featured_media":0,"comment_status":"open","ping_status":"open","sticky":false,"template":"","format":"standard","meta":{"footnotes":""},"categories":[5],"tags":[],"class_list":["post-516","post","type-post","status-publish","format-standard","hentry","category-uncategorized"],"_links":{"self":[{"href":"https:\/\/reteitalianaism.it\/reteism\/index.php\/wp-json\/wp\/v2\/posts\/516","targetHints":{"allow":["GET"]}}],"collection":[{"href":"https:\/\/reteitalianaism.it\/reteism\/index.php\/wp-json\/wp\/v2\/posts"}],"about":[{"href":"https:\/\/reteitalianaism.it\/reteism\/index.php\/wp-json\/wp\/v2\/types\/post"}],"author":[{"embeddable":true,"href":"https:\/\/reteitalianaism.it\/reteism\/index.php\/wp-json\/wp\/v2\/users\/5"}],"replies":[{"embeddable":true,"href":"https:\/\/reteitalianaism.it\/reteism\/index.php\/wp-json\/wp\/v2\/comments?post=516"}],"version-history":[{"count":0,"href":"https:\/\/reteitalianaism.it\/reteism\/index.php\/wp-json\/wp\/v2\/posts\/516\/revisions"}],"wp:attachment":[{"href":"https:\/\/reteitalianaism.it\/reteism\/index.php\/wp-json\/wp\/v2\/media?parent=516"}],"wp:term":[{"taxonomy":"category","embeddable":true,"href":"https:\/\/reteitalianaism.it\/reteism\/index.php\/wp-json\/wp\/v2\/categories?post=516"},{"taxonomy":"post_tag","embeddable":true,"href":"https:\/\/reteitalianaism.it\/reteism\/index.php\/wp-json\/wp\/v2\/tags?post=516"}],"curies":[{"name":"wp","href":"https:\/\/api.w.org\/{rel}","templated":true}]}}