{"id":519,"date":"2012-05-04T12:36:34","date_gmt":"2012-05-04T12:36:34","guid":{"rendered":"http:\/\/italy.palsolidarity.org\/?p=519"},"modified":"2012-05-04T12:36:34","modified_gmt":"2012-05-04T12:36:34","slug":"le-forze-di-occupazione-israeliane-non-allentano-le-loro-catene","status":"publish","type":"post","link":"https:\/\/reteitalianaism.it\/reteism\/index.php\/2012\/05\/04\/le-forze-di-occupazione-israeliane-non-allentano-le-loro-catene\/","title":{"rendered":"Le forze di occupazione israeliane non allentano le loro catene"},"content":{"rendered":"<p align=\"JUSTIFY\"><span style=\"font-size: small\"><strong>Ieri Marco \u00e8 entrato nella sua quarta settimana di carcere.<\/strong> \u00c8 stato catturato dalle forze di occupazione ad Al-Khalil (Hebron) l&#8217;11 di aprile, senza aver commesso alcun reato, senza essere colpevole di nulla. In tutto si sono svolte due udienze, entrambe sono state rimandate rispetto alla data prefissata, ed entrambe le volte il giudice ha preso un giorno in pi\u00f9 per decidere<strong>. La prima volta il verdetto \u00e8 stato in favore di Marco e poi la corte si \u00e8 appellata, la seconda volta (che doveva essere domenica 29 aprile ma che \u00e8 slittata a gioved\u00ec) si \u00e8 parlato di un vizio di forma senza entrare nel merito e si \u00e8 data nuovamente ragione a Marco, che per\u00f2 dovr\u00e0 rimanere in carcere almeno fino a luned\u00ec 7, perch\u00e8 domenica 6 verr\u00e0 stabilito il valore della cauzione da pagare per la sua liberazione. Dopo essere rilasciato dovr\u00e0 presentarsi ancora di fronte al giudice perch\u00e8 venga presa una decisione definitiva sul suo reimpatrio forzato.<\/strong><\/span><\/p>\n<p align=\"JUSTIFY\"><span style=\"font-size: small\">Per contribuire alla cauzione per pagare l&#8217;avvocato vi chiediamo di contribuire con un <a href=\"https:\/\/www.paypal.com\/it\/cgi-bin\/webscr?cmd=_flow&amp;SESSION=zDkxreTXCj0PvZPPt5qxEDTGyL9qUMYt4H-8aGtztUwfA8WFCq6aGioXHva&amp;dispatch=5885d80a13c0db1f8e263663d3faee8d195a86f1d217942f7415cf1b2a661693\">versamento<\/a> su paypal (digitate su &#8220;privati&#8221; e poi su &#8220;invia denaro&#8221;), e su e-mail scrivete: luposolo@libero.it<!--more--><\/span><\/p>\n<p align=\"JUSTIFY\"><span style=\"font-size: small\">Quello che appare chiaro da questa situazione \u00e8 la volont\u00e0 delle forze di occupazione israeliane di creare un precedente, per rendere pi\u00f9 facile in futuro espellere tutti e tutte coloro che per motivi politici o razziali possano non piacere al regime. Per questo \u00e8 importante il gesto di Marco, la sua volont\u00e0 di resistere, per questo i sionisti non allentano le loro pesanti, fredde e strette catene. <strong>Il silenzio dei media, della Farnesina e dei vari consolati confermano quanto questi siano servili a chi porta avanti questo tipo di pratiche. <\/strong>Ci uniamo quindi all&#8217;<a href=\"https:\/\/www.facebook.com\/note.php?note_id=10150711301807011\">appello<\/a> della sorella di Marco a mandare mail alle ambasciate, ai giornali, e vi invitiamo a fare pressione con ogni mezzo possibile, anche <a href=\"..\/2012\/04\/29\/tempestiamo-di-telefonate-chi-potrebbe-fare-e-non-fa-marco-ancora-in-carcere\/\">telefonando<\/a>, perch\u00e8 chi pu\u00f2 si muova e perch\u00e8 sia permesso a tutti di sapere cosa sta succedendo.<\/span><\/p>\n<p align=\"JUSTIFY\"><span style=\"font-size: small\"><a href=\"http:\/\/italy.palsolidarity.org\/files\/2012\/05\/prison.jpg\"><img loading=\"lazy\" decoding=\"async\" class=\"alignleft size-full wp-image-522\" src=\"http:\/\/italy.palsolidarity.org\/files\/2012\/05\/prison.jpg\" alt=\"\" width=\"180\" height=\"180\" \/><\/a>Marco si trova ingiustamente in carcere e non \u00e8 il solo. Sono diverse centinaia i palestinesi in detenzione amministrativa, che si trovano cio\u00e8 nelle carceri israeliane a tempo indeterminato (di solito sono periodi di sei mesi che si possono replicare molte volte di seguito) senza essere accusati di nulla. Ma i palestinesi sono un popolo che non si arrende, che non china il capo. <strong>In questo momento sono 2500 i detenuti in sciopero della fame contro la detenzione amministrativa. In seguito a questo digiuno, il 2 maggio quattro prigionieri erano gi\u00e0 ricoverati in gravi condizioni ed uno era un coma.<\/strong> Israele punisce gli scioperanti tra l&#8217;altro con l&#8217;isolamento e con la proibizione di vedere l&#8217;avvocato. Inoltre, sono in corso manifestazioni in solidariet\u00e0 con i prigionieri in tutta la Palestina, duramente represse dalle forze di occupazione israeliane, causando anche numerosi feriti. Le forze di occupazione, anche qui, sono disposte a lasciare morire persone e ferirne attivamente altre pur di non allungare la catena che le strangola.<\/span><\/p>\n<p align=\"JUSTIFY\"><span style=\"font-size: small\">Ricordiamo inoltre che tutti i prigionieri palestinesi nella carceri israeliane sono prigionieri di opinione e che il fatto che vengano deportati dalla Cisgiordania e Gaza dei carceri all&#8217;interno dei territori del &#8217;48 \u00e8 illegittimo. Uniamo quindi anche la nostra voce a tutti gli appelli circolati in internet per interrompere questa pratica disumana e degradante. Invitiamo all&#8217;azione, ciascun@ nelle forme che riterr\u00e0 pi\u00f9 opportune.<\/span><\/p>\n<p align=\"JUSTIFY\"><span style=\"font-size: small\">Come pu\u00f2 definirsi \u201cdemocrazia\u201d un regime che decide, su base razziale o di appartenenza politica, di mettere arbitrariamente in carcere delle persone contro cui non \u00e8 stata formulata alcuna accusa, o che sono addirittura state dichiarate innocenti?<strong> Come possiamo noi stare a guardare in silenzio?<\/strong><\/span><\/p>\n<p align=\"JUSTIFY\"><a href=\"http:\/\/italy.palsolidarity.org\/files\/2012\/05\/release.jpg\"><img loading=\"lazy\" decoding=\"async\" class=\"aligncenter size-full wp-image-521\" src=\"http:\/\/italy.palsolidarity.org\/files\/2012\/05\/release.jpg\" alt=\"\" width=\"400\" height=\"285\" \/><\/a><\/p>\n","protected":false},"excerpt":{"rendered":"<p>Ieri Marco \u00e8 entrato nella sua quarta settimana di carcere. \u00c8 stato catturato dalle forze di occupazione ad Al-Khalil (Hebron) l&#8217;11 di aprile, senza aver commesso alcun reato, senza essere colpevole di nulla. In tutto si sono svolte due udienze, &hellip; <a href=\"https:\/\/reteitalianaism.it\/reteism\/index.php\/2012\/05\/04\/le-forze-di-occupazione-israeliane-non-allentano-le-loro-catene\/\">Continue reading <span class=\"meta-nav\">&rarr;<\/span><\/a><\/p>\n","protected":false},"author":5,"featured_media":0,"comment_status":"open","ping_status":"open","sticky":false,"template":"","format":"standard","meta":{"footnotes":""},"categories":[5],"tags":[],"class_list":["post-519","post","type-post","status-publish","format-standard","hentry","category-uncategorized"],"_links":{"self":[{"href":"https:\/\/reteitalianaism.it\/reteism\/index.php\/wp-json\/wp\/v2\/posts\/519","targetHints":{"allow":["GET"]}}],"collection":[{"href":"https:\/\/reteitalianaism.it\/reteism\/index.php\/wp-json\/wp\/v2\/posts"}],"about":[{"href":"https:\/\/reteitalianaism.it\/reteism\/index.php\/wp-json\/wp\/v2\/types\/post"}],"author":[{"embeddable":true,"href":"https:\/\/reteitalianaism.it\/reteism\/index.php\/wp-json\/wp\/v2\/users\/5"}],"replies":[{"embeddable":true,"href":"https:\/\/reteitalianaism.it\/reteism\/index.php\/wp-json\/wp\/v2\/comments?post=519"}],"version-history":[{"count":0,"href":"https:\/\/reteitalianaism.it\/reteism\/index.php\/wp-json\/wp\/v2\/posts\/519\/revisions"}],"wp:attachment":[{"href":"https:\/\/reteitalianaism.it\/reteism\/index.php\/wp-json\/wp\/v2\/media?parent=519"}],"wp:term":[{"taxonomy":"category","embeddable":true,"href":"https:\/\/reteitalianaism.it\/reteism\/index.php\/wp-json\/wp\/v2\/categories?post=519"},{"taxonomy":"post_tag","embeddable":true,"href":"https:\/\/reteitalianaism.it\/reteism\/index.php\/wp-json\/wp\/v2\/tags?post=519"}],"curies":[{"name":"wp","href":"https:\/\/api.w.org\/{rel}","templated":true}]}}