{"id":5543,"date":"2014-07-28T12:07:01","date_gmt":"2014-07-28T10:07:01","guid":{"rendered":"http:\/\/reteitalianaism.it\/public_html\/?p=5543"},"modified":"2014-07-30T13:01:20","modified_gmt":"2014-07-30T11:01:20","slug":"video-in-memoria-di-salem-shammaly","status":"publish","type":"post","link":"https:\/\/reteitalianaism.it\/reteism\/index.php\/2014\/07\/28\/video-in-memoria-di-salem-shammaly\/","title":{"rendered":"VIDEO: In memoria di Salem Shammaly"},"content":{"rendered":"<p><a href=\"http:\/\/palsolidarity.org\">http:\/\/palsolidarity.org<\/a><br \/>\n27 luglio 2014 | International Solidarity Movement | Gaza, Palestina Occupata<\/p>\n<p>In onore della memoria di Salem Khalil Salem Shammaly, l&#8217;International Solidarity Movement (ISM) ha pubblicato tutte il materiale ripreso, presa da Mohammed Abedullah, dell&#8217;omicidio di Salem.<br \/>\n<iframe width='425' height='344' src='\/\/www.youtube.com\/embed\/sbZxbziFV5w?autoplay=&loop=0&rel=0' frameborder='0' allowfullscreen><\/iframe><\/p>\n<p>Ieri durante il cessate il fuoco, il corpo di Salem \u00e8 stato finalmente\u00a0 recuperato e sepolto dopo cinque lunghi giorni. Un cugino di Salem, Mohammed Al-Qattawi, ha spiegato che il corpo di Salem era cos\u00ec in avanzata decomposizione che la madre, le sorelle e gli amici potevano a fatica vederlo per dirgli addio.<\/p>\n<p>Cos\u00ec molte famiglie stanno ora cercando di seppellire i loro figli, le loro madri, padri, fratelli, sorelle e amici. Il primo cimitero della famiglia\u00a0 era al completo. Il secondo cimitero era in grado di aiutarli, ma sono stati costretti ad aprire una tomba gi\u00e0 utilizzata, per poterci posizionare Salem. Negli ultimi 20 giorni, oltre 1.058 palestinesi sono stati uccisi.<br \/>\n<!--more--><\/p>\n<p>Il 20 luglio, Salem e la sua famiglia hanno lasciato il quartiere Shajiya all&#8217;alba dopo che l&#8217;esercito israeliano ha iniziato a bombardare le case e distruggendo la zona.<\/p>\n<p>L&#8217;ISM ha contattato la sorella di Salem, Shireen, e le chiese se poteva dirci di pi\u00f9 su suo fratello, e quello che \u00e8 successo a lui e alla sua famiglia.<\/p>\n<p>&#8220;Con il resto del popolo, ci siamo diretti verso il centro della citt\u00e0 partendo dal presupposto che sarebbe stato un luogo sicuro. Dopo l&#8217;annuncio della tregua, abbiamo sentito una chiamata tramite una stazione radio locale da altri membri della famiglia che sono stati bloccati nella regione; fra loro era nostro cugino.<\/p>\n<p>Salem poi \u00e8 sparito per due giorni. Siamo andati ogni giorno all&#8217;ospedale al-Shifa a guardare le registrazioni per verificare se hanno ricevuto tutte le informazioni su di lui, se egli \u00e8 stato ferito in ospedale o se \u00e8 un martire, ma non abbiamo avuto fortuna. Mio padre continuava a chiedere a parenti e vicini di casa e tutti quelli che avrebbe incontrato per scoprire dove il figlio avrebbe potuto essere.<\/p>\n<p>Il 22 luglio mattina, l&#8217;energia elettrica \u00e8 tornata, che dura solo per tre ore al giorno a casa mia. Abbiamo collegato telefoni cellulari e laptop, nonch\u00e9 le lampade in modo che potessimo usarli in preparazione per la notte. Mia sorella ha aperto il suo account Facebook per leggere gli avvenimenti della scorsa notte e per essere sempre aggiornata con le notizie e le immagini circa l&#8217;invasione di Shajiya.<\/p>\n<p>Ha trovato un video che ha attirato la sua attenzione dal titolo &#8216;cecchino israeliano uccide ferito civili&#8217;. Una volta aperto il video, l&#8217;altra mia sorella, che era seduta accanto a lei, grid\u00f2 e disse: &#8220;questa \u00e8 la voce di Salem. Giuro, la voce di Salem &#8220;.<\/p>\n<p>Abbiamo aspettato fino a quando il video ha completato il buffering e ho visto Salem camminare, aiutando i paramedici per salvare i feriti. Poi, uno di noi ha gridato e chiamato nostro padre: &#8220;Pap\u00e0, Salem \u00e8 vivo, vieni!&#8221;<\/p>\n<p>Abbiamo ottenuto una sedia per nostro padre, si sedette, e tutto concentrato sullo schermo del computer portatile in attesa della fine. Improvvisamente la fotocamera \u00e8 stata distorta e poi si stabil\u00ec che Salem giaceva a terra. Siamo tutti rimasti basiti e senza parole. Ci siamo seduti con calma e nostro padre disse: &#8220;Grazie a Dio, Salem \u00e8 stato ferito. Forse gli stranieri lo hanno portato in un ospedale &#8230; &#8220;Ma prima che mio padre potesse finire la frase, Salem \u00e8 stato colpito dal terzo e fatale colpo.<\/p>\n<p>Salem era un giovane nel fiore della sua giovinezza. Aveva sognato di vivere la sua vita come tutti gli altri alla sua et\u00e0. Era bello e affettuoso e non potrebbe mai nascondere ci\u00f2 che era nel suo cuore. E &#8216;stato in attesa di crescere e di sposarsi e avere una famiglia. Stavamo aspettando che lui crescesse in modo da aiutare il nostro padre malato e per sostenere la nostra famiglia. Non gli piaceva la politica per niente. Era solo interessato alla sua famiglia e al calcio.<\/p>\n<p>Perch\u00e9 lo uccidono in questo modo brutale? E &#8216;stato colpito in pieno giorno e, durante il periodo di tregua, l&#8217;unica cosa in mano era un telefono cellulare a buon mercato. \u00c8 stato ucciso da un cecchino israeliano che ha scoperto che non costituiva alcuna minaccia o pericolo? Allora perch\u00e9 non lo hanno lasciato\u00a0 riprendere coscienza o salvarsi? Perch\u00e9 hanno sparato una seconda e una terza pallottola?!<\/p>\n<p>Dio, se ha fatto parte della resistenza poi ci avrebbe detto che era la strada che aveva scelto, ma non aveva alcun rapporto con loro.<\/p>\n<p>Non \u00e8 sufficiente che ci hanno privato della sua gioiosa presenza? Perch\u00e9 ci stanno anche privando della possibilit\u00e0 di dire addio a lui e seppellirlo? Dove sono le persone che chiamano e spingono per iniziative sui diritti umani? Dove \u00e8 la Svizzera, il sostenitore delle Convenzioni di Ginevra, che prevede la tutela dei diritti umani?<\/p>\n<p>Guardate noi, non facciamo anche noi come gli esseri umani? Come siamo cos\u00ec diversi da loro? Dove sono le vostre leggi e le vostre organizzazioni e le vostre promesse? Se non \u00e8 possibile far rispettare le leggi promesse, allora perch\u00e9 li create? Vediamo che i diritti degli animali vengano applicate in modo pi\u00f9 giusto ed equo di quello che voi chiamate &#8220;diritti umani&#8221;.<\/p>\n","protected":false},"excerpt":{"rendered":"<p>http:\/\/palsolidarity.org 27 luglio 2014 | International Solidarity Movement | Gaza, Palestina Occupata In onore della memoria di Salem Khalil Salem Shammaly, l&#8217;International Solidarity Movement (ISM) ha pubblicato tutte il materiale ripreso, presa da Mohammed Abedullah, dell&#8217;omicidio di Salem. Ieri durante &hellip; <a href=\"https:\/\/reteitalianaism.it\/reteism\/index.php\/2014\/07\/28\/video-in-memoria-di-salem-shammaly\/\">Continue reading <span class=\"meta-nav\">&rarr;<\/span><\/a><\/p>\n","protected":false},"author":2,"featured_media":0,"comment_status":"open","ping_status":"open","sticky":false,"template":"","format":"standard","meta":{"footnotes":""},"categories":[1],"tags":[],"class_list":["post-5543","post","type-post","status-publish","format-standard","hentry","category-senza-categoria"],"_links":{"self":[{"href":"https:\/\/reteitalianaism.it\/reteism\/index.php\/wp-json\/wp\/v2\/posts\/5543","targetHints":{"allow":["GET"]}}],"collection":[{"href":"https:\/\/reteitalianaism.it\/reteism\/index.php\/wp-json\/wp\/v2\/posts"}],"about":[{"href":"https:\/\/reteitalianaism.it\/reteism\/index.php\/wp-json\/wp\/v2\/types\/post"}],"author":[{"embeddable":true,"href":"https:\/\/reteitalianaism.it\/reteism\/index.php\/wp-json\/wp\/v2\/users\/2"}],"replies":[{"embeddable":true,"href":"https:\/\/reteitalianaism.it\/reteism\/index.php\/wp-json\/wp\/v2\/comments?post=5543"}],"version-history":[{"count":2,"href":"https:\/\/reteitalianaism.it\/reteism\/index.php\/wp-json\/wp\/v2\/posts\/5543\/revisions"}],"predecessor-version":[{"id":5570,"href":"https:\/\/reteitalianaism.it\/reteism\/index.php\/wp-json\/wp\/v2\/posts\/5543\/revisions\/5570"}],"wp:attachment":[{"href":"https:\/\/reteitalianaism.it\/reteism\/index.php\/wp-json\/wp\/v2\/media?parent=5543"}],"wp:term":[{"taxonomy":"category","embeddable":true,"href":"https:\/\/reteitalianaism.it\/reteism\/index.php\/wp-json\/wp\/v2\/categories?post=5543"},{"taxonomy":"post_tag","embeddable":true,"href":"https:\/\/reteitalianaism.it\/reteism\/index.php\/wp-json\/wp\/v2\/tags?post=5543"}],"curies":[{"name":"wp","href":"https:\/\/api.w.org\/{rel}","templated":true}]}}