{"id":5565,"date":"2014-07-29T15:52:30","date_gmt":"2014-07-29T13:52:30","guid":{"rendered":"http:\/\/reteitalianaism.it\/public_html\/?p=5565"},"modified":"2014-07-30T21:51:45","modified_gmt":"2014-07-30T19:51:45","slug":"le-forze-israeliane-sparano-ferendo-15-dimostranti-a-beit-furik","status":"publish","type":"post","link":"https:\/\/reteitalianaism.it\/reteism\/index.php\/2014\/07\/29\/le-forze-israeliane-sparano-ferendo-15-dimostranti-a-beit-furik\/","title":{"rendered":"Le forze israeliane sparano, ferendo 15 dimostranti a Beit Furik"},"content":{"rendered":"<p><a href=\"http:\/\/palsolidarity.org\">http:\/\/palsolidarity.org<\/a><br \/>\n27 luglio 2014 | International Solidarity Movement, Nablus team | Beit Furik, Palestina Occupata<\/p>\n<p>Alle 22:00 la sera di Venerd\u00ec 25 luglio, le forze israeliane hanno ferito 15 palestinesi durante una protesta nel villaggio di Beit Furik, che si trova a quindici chilometri a sud est di Nablus nella parte settentrionale della Cisgiordania.<\/p>\n<p>Circa 2.000 manifestanti stavano marciando verso il checkpoint nei pressi del villaggio. Circa 40 soldati israeliani li stavano aspettando l\u00ec, e quando sono&nbsp; giunti alla vista, i soldati hanno iniziato a sparare lacrimogeni nella loro direzione. Poco dopo che la protesta \u00e8 iniziata, i soldati hanno cambiato, da sparare gas lacrimogeni, sono pasati a munizioni vere.<\/p>\n<p> Yousef Mfeed Mletat, 23 anni, \u00e8 stato colpito da un proiettile nel fianco sinistro. Ha raccontato la scena in lacrime nel suo letto nell&#8217; ospedale Rafidia a Nablus. &#8220;Erano a meno di quattro metri di distanza quando mi hanno sparato. E poi hanno cominciato a picchiarmi. Un soldato stava sullo stomaco, mentre alcuni degli altri mi davano calci. La cosa and\u00f2 avanti per 15 minuti&#8221;. Ha diversi lividi sulle braccia e le spalle.<\/p>\n<div style=\"width: 610px\" class=\"wp-caption alignnone\"><a href=\"http:\/\/reteitalianaism.it\/public_html\/wp-content\/uploads\/2014\/07\/wpid-copyimage-11151610885427_363_126.bmp\"><img decoding=\"async\" title=\"copyImage-11151610885427_363_126.bmp\" class=\"alignnone size-full\" alt=\"image\" src=\"http:\/\/reteitalianaism.it\/public_html\/wp-content\/uploads\/2014\/07\/wpid-copyimage-11151610885427_363_126.bmp\" \/><\/a><p class=\"wp-caption-text\">Yousef Mfeed Mletat (foto di ISM).<\/p><\/div>\n<p><!--more--><\/p>\n<p>Yahya Hanay, che \u00e8 di 25 anni di et\u00e0, stava cercando di fuggire dalla scena, quando una granata lo ha colpito alla mano, con cuial momento copriva il suo volto.&nbsp;&nbsp; Mentre giaceva a terra, un altro granata lo ha colpito al ginocchio. Yahya ha danni al sistema nervoso nel suo pollice sinistro, che si dice essere grave.<\/p>\n<div style=\"width: 460px\" class=\"wp-caption alignnone\"><a href=\"http:\/\/reteitalianaism.it\/public_html\/wp-content\/uploads\/2014\/07\/wpid-copyimage-11100506245435_279_185.bmp\"><img decoding=\"async\" title=\"copyImage-11100506245435_279_185.bmp\" class=\"alignnone size-full\" alt=\"image\" src=\"http:\/\/reteitalianaism.it\/public_html\/wp-content\/uploads\/2014\/07\/wpid-copyimage-11100506245435_279_185.bmp\" \/><\/a><p class=\"wp-caption-text\">Yahya Hanay (foto di ISM).<\/p><\/div>\n<p>Yezen Tala Khatatba, 19 anni, stava tentando di aiutare un manifestante ferito, quando \u00e8 stato colpito al ginocchio sinistro. Il proiettile \u00e8 uscito dal suo ginocchio sinistro e poi \u00e8 entrato nel destro. Indossava bende su entrambe le ginocchia, quando ha raccontato la sua storia. &#8220;L&#8217;ambulanza mi stava portando in ospedale, quando i soldati per due volte mi hanno fermato per mezz&#8217;ora a un checkpoint. Quando ho detto loro che avevo un infortunio alla gamba, mi hanno detto che sarebbe stato meglio se fossi stato colpito alla testa &#8220;. Yezen ha anche ricordato che un altro manifestante ferito era stato preso dal soccorso medico al posto di blocco e picchiato dai soldati.<\/p>\n<div style=\"width: 460px\" class=\"wp-caption alignnone\"><a href=\"http:\/\/reteitalianaism.it\/public_html\/wp-content\/uploads\/2014\/07\/wpid-copyimage-11036190005442_475_301.bmp\"><img decoding=\"async\" title=\"copyImage-11036190005442_475_301.bmp\" class=\"alignnone size-full\" alt=\"image\" src=\"http:\/\/reteitalianaism.it\/public_html\/wp-content\/uploads\/2014\/07\/wpid-copyimage-11036190005442_475_301.bmp\" \/><\/a><p class=\"wp-caption-text\">Yezen Tala Khatatba,<\/p><\/div>\n","protected":false},"excerpt":{"rendered":"<p>http:\/\/palsolidarity.org 27 luglio 2014 | International Solidarity Movement, Nablus team | Beit Furik, Palestina Occupata Alle 22:00 la sera di Venerd\u00ec 25 luglio, le forze israeliane hanno ferito 15 palestinesi durante una protesta nel villaggio di Beit Furik, che si &hellip; <a href=\"https:\/\/reteitalianaism.it\/reteism\/index.php\/2014\/07\/29\/le-forze-israeliane-sparano-ferendo-15-dimostranti-a-beit-furik\/\">Continue reading <span class=\"meta-nav\">&rarr;<\/span><\/a><\/p>\n","protected":false},"author":2,"featured_media":0,"comment_status":"open","ping_status":"open","sticky":false,"template":"","format":"standard","meta":{"footnotes":""},"categories":[3],"tags":[34],"class_list":["post-5565","post","type-post","status-publish","format-standard","hentry","category-info","tag-nablus"],"_links":{"self":[{"href":"https:\/\/reteitalianaism.it\/reteism\/index.php\/wp-json\/wp\/v2\/posts\/5565","targetHints":{"allow":["GET"]}}],"collection":[{"href":"https:\/\/reteitalianaism.it\/reteism\/index.php\/wp-json\/wp\/v2\/posts"}],"about":[{"href":"https:\/\/reteitalianaism.it\/reteism\/index.php\/wp-json\/wp\/v2\/types\/post"}],"author":[{"embeddable":true,"href":"https:\/\/reteitalianaism.it\/reteism\/index.php\/wp-json\/wp\/v2\/users\/2"}],"replies":[{"embeddable":true,"href":"https:\/\/reteitalianaism.it\/reteism\/index.php\/wp-json\/wp\/v2\/comments?post=5565"}],"version-history":[{"count":1,"href":"https:\/\/reteitalianaism.it\/reteism\/index.php\/wp-json\/wp\/v2\/posts\/5565\/revisions"}],"predecessor-version":[{"id":5566,"href":"https:\/\/reteitalianaism.it\/reteism\/index.php\/wp-json\/wp\/v2\/posts\/5565\/revisions\/5566"}],"wp:attachment":[{"href":"https:\/\/reteitalianaism.it\/reteism\/index.php\/wp-json\/wp\/v2\/media?parent=5565"}],"wp:term":[{"taxonomy":"category","embeddable":true,"href":"https:\/\/reteitalianaism.it\/reteism\/index.php\/wp-json\/wp\/v2\/categories?post=5565"},{"taxonomy":"post_tag","embeddable":true,"href":"https:\/\/reteitalianaism.it\/reteism\/index.php\/wp-json\/wp\/v2\/tags?post=5565"}],"curies":[{"name":"wp","href":"https:\/\/api.w.org\/{rel}","templated":true}]}}