{"id":5587,"date":"2014-07-31T14:38:20","date_gmt":"2014-07-31T12:38:20","guid":{"rendered":"http:\/\/reteitalianaism.it\/public_html\/?p=5587"},"modified":"2014-07-31T14:38:20","modified_gmt":"2014-07-31T12:38:20","slug":"gaza-il-cielo-nero-si-fa-arancione","status":"publish","type":"post","link":"https:\/\/reteitalianaism.it\/reteism\/index.php\/2014\/07\/31\/gaza-il-cielo-nero-si-fa-arancione\/","title":{"rendered":"Gaza: il cielo nero si fa arancione"},"content":{"rendered":"<p><a href=\"http:\/\/palsolidarity.org\">http:\/\/palsolidarity.org<\/a><br \/>\n30 Luglio \u2013 Charlie Andreasson &#8211;\u00a0 Gaza, Palestina occupata<\/p>\n<p>Dal 25 Luglio, volontari internazionali, inclusi attivisti dell&#8217;ISM ed altri gruppi, hanno intrapreso una costante presenza a protezione di diverse postazioni all&#8217;interno dell&#8217;ospedale Al Shifa.<br \/>\nSotto, un estratto dal report di un volontario ISM durante il suo turno del 28 Luglio all&#8217;ospedale. <\/p>\n<p>Ci sono stati dei bombardamenti durante il mio turno all&#8217;ospedale Al Shifa. Il mio turno \u00e8 iniziato alle 19; percepivo i suoni [delle esplosioni] in lontananza, come tutti qui a Gaza; sentivo i droni, senza cercare di vederli. <\/p>\n<p><a href=\"http:\/\/reteitalianaism.it\/public_html\/wp-content\/uploads\/2014\/07\/wpid-copyimage-11162317603915_487_424.bmp\"><img decoding=\"async\" title=\"copyImage-11162317603915_487_424.bmp\" class=\"alignnone size-full\" alt=\"image\" src=\"http:\/\/reteitalianaism.it\/public_html\/wp-content\/uploads\/2014\/07\/wpid-copyimage-11162317603915_487_424.bmp\" \/><\/a><\/p>\n<p>Ho lasciato Joe [un altro attivista ISM] solo in ospedale; sono andato in una macchina per un&#8217;intervista e sono tornato. Il bombardamento dal mare si faceva pi\u00f9 vicino. Ma non potevo stare sveglio per 24 ore ad ascoltare il rumore, nessuno pu\u00f2; cos\u00ec ho provato a dormire per qualche ora. <!--more--> <\/p>\n<p>E&#8217; allora che i boati sono sono cominciati e il cielo nero si \u00e8 fatto arancione acceso;\u00a0 l&#8217;ospedale ha tremato un po&#8217;, alcune finestre sono andate in frantumi. Ho inviato un messaggio al Coordinatore della comunicazione di Ship to Gaza Svezia, dicendo che tutto questo sembrava seguirmi: ho pensato all&#8217;ospedale el-Wafa, all&#8217;ospedale Beit Hanoun e adesso l&#8217;Al Shifa. Ma non siamo stati colpiti. Non questa volta.<br \/>\nE&#8217; arrivato il mattino, sono giunti a darci il cambio e sono tornato a casa, superando alcuni obiettivi colpiti nella notte. Ho scattato alcune foto e sono passato oltre: c&#8217;\u00e8 talmente tanta distruzione che esito a farne altre. In alcune zone, \u00e8 raro trovare qualche edificio che non sia stato distrutto. Naturalmente dichiarano che tutto questo sia per la &#8220;sicurezza&#8221; di Israele, ma vedendo la distruzione lasciata alle spalle, io non la penso cos\u00ec.<br \/>\nTrad. F.S.<\/p>\n","protected":false},"excerpt":{"rendered":"<p>http:\/\/palsolidarity.org 30 Luglio \u2013 Charlie Andreasson &#8211;\u00a0 Gaza, Palestina occupata Dal 25 Luglio, volontari internazionali, inclusi attivisti dell&#8217;ISM ed altri gruppi, hanno intrapreso una costante presenza a protezione di diverse postazioni all&#8217;interno dell&#8217;ospedale Al Shifa. Sotto, un estratto dal report &hellip; <a href=\"https:\/\/reteitalianaism.it\/reteism\/index.php\/2014\/07\/31\/gaza-il-cielo-nero-si-fa-arancione\/\">Continue reading <span class=\"meta-nav\">&rarr;<\/span><\/a><\/p>\n","protected":false},"author":2,"featured_media":0,"comment_status":"open","ping_status":"open","sticky":false,"template":"","format":"standard","meta":{"footnotes":""},"categories":[1],"tags":[],"class_list":["post-5587","post","type-post","status-publish","format-standard","hentry","category-senza-categoria"],"_links":{"self":[{"href":"https:\/\/reteitalianaism.it\/reteism\/index.php\/wp-json\/wp\/v2\/posts\/5587","targetHints":{"allow":["GET"]}}],"collection":[{"href":"https:\/\/reteitalianaism.it\/reteism\/index.php\/wp-json\/wp\/v2\/posts"}],"about":[{"href":"https:\/\/reteitalianaism.it\/reteism\/index.php\/wp-json\/wp\/v2\/types\/post"}],"author":[{"embeddable":true,"href":"https:\/\/reteitalianaism.it\/reteism\/index.php\/wp-json\/wp\/v2\/users\/2"}],"replies":[{"embeddable":true,"href":"https:\/\/reteitalianaism.it\/reteism\/index.php\/wp-json\/wp\/v2\/comments?post=5587"}],"version-history":[{"count":1,"href":"https:\/\/reteitalianaism.it\/reteism\/index.php\/wp-json\/wp\/v2\/posts\/5587\/revisions"}],"predecessor-version":[{"id":5588,"href":"https:\/\/reteitalianaism.it\/reteism\/index.php\/wp-json\/wp\/v2\/posts\/5587\/revisions\/5588"}],"wp:attachment":[{"href":"https:\/\/reteitalianaism.it\/reteism\/index.php\/wp-json\/wp\/v2\/media?parent=5587"}],"wp:term":[{"taxonomy":"category","embeddable":true,"href":"https:\/\/reteitalianaism.it\/reteism\/index.php\/wp-json\/wp\/v2\/categories?post=5587"},{"taxonomy":"post_tag","embeddable":true,"href":"https:\/\/reteitalianaism.it\/reteism\/index.php\/wp-json\/wp\/v2\/tags?post=5587"}],"curies":[{"name":"wp","href":"https:\/\/api.w.org\/{rel}","templated":true}]}}